{"id":46357,"date":"2020-07-29T12:21:53","date_gmt":"2020-07-29T17:21:53","guid":{"rendered":"http:\/\/www.turistamagazine.com\/v2\/?p=46357"},"modified":"2020-07-29T12:21:53","modified_gmt":"2020-07-29T17:21:53","slug":"aeropuerto-internacional-jorge-chaves-transporto-26246-pasajeros-en-su-primera-semana-de-reinicio-de-operaciones","status":"publish","type":"post","link":"https:\/\/www.turistamagazine.com\/v2\/?p=46357","title":{"rendered":"AEROPUERTO INTERNACIONAL JORGE CH\u00c1VES TRANSPORT\u00d3\u00a0 26,246 PASAJEROS\u00a0 EN SU PRIMERA SEMANA DE REINICIO DE OPERACIONES"},"content":{"rendered":"<p><strong>29\/07\/2020 Lima\/Calla0.- Pamela Moreno, gerente de Operaciones Aeroportuarias de Lima Airport Partners (LAP), afirm\u00f3 <em><span style=\"color: #333399;\">\u201cDesde el reinicio de las actividades a\u00e9reas hemos venido operando con todo lo necesario para garantizar la seguridad y salud a nuestros pasajeros. Estamos ante un nuevo proceso de viajes, en el que todos tenemos que adaptarnos; por ello, hemos tomado medidas correctivas para ofrecer un \u00f3ptimo proceso de vuelo y una experiencia segura. Adem\u00e1s, se registraron movimientos hacia 15 destinos nacionales, entre los que se encuentran: Cusco, Iquitos, Piura, Pucallpa, Chiclayo, Trujillo, Juliaca, Cajamarca, Ja\u00e9n, Ayacucho, Tacna, Chachapoyas, Talara, Pias y Tumbes; transportando a m\u00e1s de 20 mil pasajeros, durante la primera semana de operaci\u00f3n, quienes retornaron a sus ciudades de origen despu\u00e9s de un largo periodo de cuatro meses aislamiento obligatorio. Asimismo, desde el segundo d\u00eda de operaci\u00f3n se registr\u00f3 una puntualidad del 80.3% y en los \u00faltimos tres d\u00edas una puntualidad del 94%\u00bb.<\/span><\/em><\/strong><\/p>\n<p><strong>Cabe recordar que, seg\u00fan lo dispuesto por las autoridades del sector Transportes, los <em><span style=\"color: #800080;\">\u201cLineamientos sectoriales para la prevenci\u00f3n del Covid-19 en la prestaci\u00f3n del servicio de transporte a\u00e9reo de pasajeros a nivel nacional\u201d<\/span><\/em> design\u00f3 las salidas y llegadas de vuelos comerciales a nivel nacional, exceptuando las regiones de Arequipa, Ica, Jun\u00edn, Hu\u00e1nuco, San Mart\u00edn, Madre de Dios y Ancash.<\/strong><\/p>\n<p><strong>Finalmente, con el objetivo de cumplir correctamente los protocolos y medidas establecidas como parte de los lineamientos para la prevenci\u00f3n del Covid-19 en el retorno de la actividad a\u00e9rea, el primer terminal implement\u00f3 una serie de cambios y medidas correctivas, tras el primer d\u00eda de reinicio, a fin de garantizar un viaje seguro al pasajero; entre las que se se\u00f1alan:<\/strong><\/p>\n<p><strong>&#8211;\u00a0\u00a0\u00a0\u00a0\u00a0\u00a0\u00a0\u00a0\u00a0\u00a0\u00a0\u00a0\u00a0 <em><span style=\"color: #800080;\">Se incrementaron los accesos al aeropuerto para los pasajeros, con el objeto de agilizar los flujos y evitar aglomeraciones en los exteriores.<\/span><\/em><\/strong><\/p>\n<p><em><span style=\"color: #800080;\"><strong>&#8211;\u00a0\u00a0\u00a0\u00a0\u00a0\u00a0\u00a0\u00a0\u00a0\u00a0\u00a0\u00a0\u00a0 Se activaron 2 puertas de ingreso adicionales en el terminal, una de ellas destinada al acceso preferencial (Puerta 8) y la otra para pasajeros con check-in web y sin equipaje de bodega (Puerta 11).<\/strong><\/span><\/em><\/p>\n<p><em><span style=\"color: #800080;\"><strong>&#8211;\u00a0\u00a0\u00a0\u00a0\u00a0\u00a0\u00a0\u00a0\u00a0\u00a0\u00a0\u00a0\u00a0 Se habilit\u00f3 un \u00e1rea de espera para pasajeros mayores, con discapacidad y\/o con ni\u00f1os peque\u00f1os dentro del terminal.<\/strong><\/span><\/em><\/p>\n<p><em><span style=\"color: #800080;\"><strong>&#8211;\u00a0\u00a0\u00a0\u00a0\u00a0\u00a0\u00a0\u00a0\u00a0\u00a0\u00a0\u00a0\u00a0 Se activaron puntos de venta de mascarillas, escudos faciales, alcohol en gel, guantes, etc.<\/strong><\/span><\/em><\/p>\n<p><em><span style=\"color: #800080;\"><strong>&#8211;\u00a0\u00a0\u00a0\u00a0\u00a0\u00a0\u00a0\u00a0\u00a0\u00a0\u00a0\u00a0\u00a0 Se facilitaron sillas de rueda en el acceso peatonal norte para las personas que lo requieran.<\/strong><\/span><\/em><\/p>\n<p><em><span style=\"color: #800080;\"><strong>&#8211;\u00a0\u00a0\u00a0\u00a0\u00a0\u00a0\u00a0\u00a0\u00a0\u00a0\u00a0\u00a0\u00a0 Se incrementaron los coches portaequipajes en diferentes puntos del terminal, acompa\u00f1ando el flujo de los pasajeros.<\/strong><\/span><\/em><\/p>\n<p><em><span style=\"color: #800080;\"><strong>&#8211;\u00a0\u00a0\u00a0\u00a0\u00a0\u00a0\u00a0\u00a0\u00a0\u00a0\u00a0\u00a0\u00a0 Se habilitaron 2 zonas de pesado y reempaque para que los pasajeros puedan verificar el peso de sus maletas antes de registrarlo.<\/strong><\/span><\/em><\/p>\n<p>&nbsp;<\/p>\n<p><strong>\u200b<span style=\"color: #333399;\">\u201cEstamos trabajando con las l\u00edneas a\u00e9reas y los actores de la comunidad aeroportuaria para agilizar todos los procesos, a fin de que los pasajeros no se vean afectados y vivan una experiencia de viaje c\u00f3moda y segura, cumpliendo los lineamientos frente al Covid-19\u201d<\/span>, puntualiz\u00f3 la gerente de Operaciones Aeroportuarias de LAP.<\/strong><\/p>\n<p>&nbsp;<\/p>\n","protected":false},"excerpt":{"rendered":"<p>29\/07\/2020 Lima\/Calla0.- Pamela Moreno, gerente de Operaciones Aeroportuarias de Lima Airport Partners (LAP), afirm\u00f3 \u201cDesde el reinicio de las actividades a\u00e9reas hemos venido operando con todo lo necesario para garantizar la seguridad y salud a nuestros pasajeros. Estamos ante un nuevo proceso de viajes, en el que todos tenemos que adaptarnos; por ello, hemos tomado medidas correctivas para ofrecer un \u00f3ptimo proceso de vuelo y una experiencia segura. Adem\u00e1s, se registraron movimientos hacia 15 destinos nacionales, entre los que se encuentran: Cusco, Iquitos, Piura, Pucallpa, Chiclayo, Trujillo, Juliaca, Cajamarca, Ja\u00e9n, Ayacucho, Tacna, Chachapoyas, Talara, Pias y Tumbes; transportando a m\u00e1s&#8230;<\/p>\n","protected":false},"author":1,"featured_media":0,"comment_status":"open","ping_status":"open","sticky":false,"template":"","format":"standard","meta":{"footnotes":""},"categories":[4,82],"tags":[3321,9598,7471,749],"class_list":["post-46357","post","type-post","status-publish","format-standard","hentry","category-breaking-news","category-nacionales","tag-aeropuerto-jorge-chavez","tag-covid-19","tag-elenita-villar-asesora-de-tesis-en-turismo","tag-turistamagazine"],"_links":{"self":[{"href":"https:\/\/www.turistamagazine.com\/v2\/index.php?rest_route=\/wp\/v2\/posts\/46357","targetHints":{"allow":["GET"]}}],"collection":[{"href":"https:\/\/www.turistamagazine.com\/v2\/index.php?rest_route=\/wp\/v2\/posts"}],"about":[{"href":"https:\/\/www.turistamagazine.com\/v2\/index.php?rest_route=\/wp\/v2\/types\/post"}],"author":[{"embeddable":true,"href":"https:\/\/www.turistamagazine.com\/v2\/index.php?rest_route=\/wp\/v2\/users\/1"}],"replies":[{"embeddable":true,"href":"https:\/\/www.turistamagazine.com\/v2\/index.php?rest_route=%2Fwp%2Fv2%2Fcomments&post=46357"}],"version-history":[{"count":1,"href":"https:\/\/www.turistamagazine.com\/v2\/index.php?rest_route=\/wp\/v2\/posts\/46357\/revisions"}],"predecessor-version":[{"id":46358,"href":"https:\/\/www.turistamagazine.com\/v2\/index.php?rest_route=\/wp\/v2\/posts\/46357\/revisions\/46358"}],"wp:attachment":[{"href":"https:\/\/www.turistamagazine.com\/v2\/index.php?rest_route=%2Fwp%2Fv2%2Fmedia&parent=46357"}],"wp:term":[{"taxonomy":"category","embeddable":true,"href":"https:\/\/www.turistamagazine.com\/v2\/index.php?rest_route=%2Fwp%2Fv2%2Fcategories&post=46357"},{"taxonomy":"post_tag","embeddable":true,"href":"https:\/\/www.turistamagazine.com\/v2\/index.php?rest_route=%2Fwp%2Fv2%2Ftags&post=46357"}],"curies":[{"name":"wp","href":"https:\/\/api.w.org\/{rel}","templated":true}]}}