{"id":45994,"date":"2020-07-01T17:16:52","date_gmt":"2020-07-01T22:16:52","guid":{"rendered":"http:\/\/www.turistamagazine.com\/v2\/?p=45994"},"modified":"2020-07-02T09:23:19","modified_gmt":"2020-07-02T14:23:19","slug":"chile-el-archipielago-juan-fernandez-una-aventura-mas","status":"publish","type":"post","link":"https:\/\/www.turistamagazine.com\/v2\/?p=45994","title":{"rendered":"CHILE: EL ARCHIPI\u00c9LAGO JUAN FERNANDEZ, UNA AVENTURA MAS\u2026"},"content":{"rendered":"<p style=\"text-align: center;\"><span style=\"color: #800080;\"><em>Espl\u00e9ndidas vistas de la isla Robins\u00f3n Crusoe, dentro del Parque Nacional Natural de Chile, con estos parajes de incomparable belleza, donde se puede disfrutar de la m\u00e1s c\u00e1lida acogida profesional, y un excelente servicio. A\/ Tejera Reyes.<\/em><\/span><\/p>\n<p><span style=\"color: #333399;\"><em><strong>\u201c\u2026Como un d\u00eda, all\u00e1 por 1594, cuando el marino espa\u00f1ol Juan Fern\u00e1ndez, buscando aires generales que abreviaran la navegaci\u00f3n de Per\u00fa a Chile, se adentrara en el Oc\u00e9ano Pac\u00edfico y descubriera el archipi\u00e9lago que lleva hoy su nombre.\u201d<\/strong><\/em><\/span><\/p>\n<p><strong>\u00a0<em>Para Juan-Julio Fern\u00e1ndez,<\/em><\/strong><\/p>\n<p><em><strong>con el mejor de mis recuerdos<\/strong><\/em><\/p>\n<p><em><span style=\"color: #800080;\">\u201cDio principio Juan Fern\u00e1ndez a la poblaci\u00f3n de esta isla, meti\u00f3 en ella sesenta indios, fabric\u00f3 casas de madera y paja, al uso de la tierra. Trajo y cri\u00f3 ganados. Cog\u00eda gran suma de pescado y haciendo con el grandes granjer\u00edas entabl\u00f3 comercio con el Per\u00fa y las ciudades m\u00e1s cercanas de este Reyno. Sacaba mucho aceite de unos lobos grand\u00edsimos que salen a la playa y son todos de aceite, de suerte que colgando un pedazo al sol va destilando y deshaci\u00e9ndose hasta que no queda de el sino una babaza. En el Per\u00fa se lo compraban todo para los obrajes.\u201d (De la Historia Verdadera de la Isla de Robins\u00f3n Crusoe, Benjam\u00edn Vicu\u00f1a, 1883)<\/span><\/em><\/p>\n<p>&nbsp;<\/p>\n<p>&nbsp;<\/p>\n<p style=\"text-align: center;\"><span style=\"color: #333399;\"><strong>RECUERDOS INOLVIDABLES<\/strong><\/span><\/p>\n<p><strong>Por Antonio -Pedro Tejera Reyes*\u00a0<\/strong><\/p>\n<p style=\"text-align: justify;\"><strong>Con ese hist\u00f3rico pr\u00f3logo, comenz\u00e1bamos el comentario de nuestras andanzas, en la isla de Robins\u00f3n Crusoe, en el desaparecido peri\u00f3dico EL DIA, de Santa Cruz de Tenerife, el d\u00eda 28 de Diciembre de 1974, en m\u00e1s de una p\u00e1gina completa con una gran fotograf\u00eda.<\/strong><\/p>\n<p style=\"text-align: justify;\"><strong>Una s\u00edntesis de tan largo reportaje, vamos a ofrecer a nuestros dilectos lectores con la emoci\u00f3n y la a\u00f1oranza de aquella recordada aventura de nuestra dilatada vida tur\u00edstica.<\/strong><\/p>\n<div id=\"attachment_45999\" style=\"width: 630px\" class=\"wp-caption aligncenter\"><a href=\"https:\/\/www.turistamagazine.com\/v2\/wp-content\/uploads\/2020\/07\/RC.jpg\"><img decoding=\"async\" aria-describedby=\"caption-attachment-45999\" class=\"wp-image-45999\" src=\"https:\/\/www.turistamagazine.com\/v2\/wp-content\/uploads\/2020\/07\/RC.jpg\" alt=\"\" width=\"620\" height=\"342\" srcset=\"https:\/\/www.turistamagazine.com\/v2\/wp-content\/uploads\/2020\/07\/RC.jpg 800w, https:\/\/www.turistamagazine.com\/v2\/wp-content\/uploads\/2020\/07\/RC-300x165.jpg 300w, https:\/\/www.turistamagazine.com\/v2\/wp-content\/uploads\/2020\/07\/RC-768x423.jpg 768w, https:\/\/www.turistamagazine.com\/v2\/wp-content\/uploads\/2020\/07\/RC-762x420.jpg 762w, https:\/\/www.turistamagazine.com\/v2\/wp-content\/uploads\/2020\/07\/RC-610x336.jpg 610w\" sizes=\"(max-width: 620px) 100vw, 620px\" \/><\/a><p id=\"caption-attachment-45999\" class=\"wp-caption-text\"><em><span style=\"color: #800080;\">La espectacular visi\u00f3n de las costas de la isla Robinson Crusoe, paisajes naturales inexplorados de potente atractivo para el turismo de aventura. A\/ Tejera Reyes.<\/span><\/em><\/p><\/div>\n<p style=\"text-align: justify;\"><span style=\"color: #333399;\"><strong><em>\u201cEra una aut\u00e9ntica revancha ya que en el mes de Septiembre las condiciones meteorol\u00f3gicas nos hab\u00edan cercenado nuestro viaje a las islas del archipi\u00e9lago Juan Fern\u00e1ndez, cuando en esa ocasi\u00f3n visit\u00e1ramos Chile de norte a sur, elaborando un informe para la entonces OMT, la recordada UIOOT. Nos hab\u00edamos quedado con el desconsuelo de poder visitar el misterio de aquellos legendarios arrecifes marinos adentrados en el Pac\u00edfico de los que tanto nos hablara la Directora Nacional\u00a0 de Turismo, la Dra. Liliana Mahn \u2013 tristemente fallecida \u2013 que los comparaba con las Islas Canarias, cuando visitara estas islas participando en al recordado seminario internacional \u201cLa Planificaci\u00f3n de Territorio Tur\u00edstico\u201d, organizado por nosotros en Junio de ese mismo a\u00f1o.\u201d<\/em><\/strong><\/span><\/p>\n<p style=\"text-align: justify;\"><strong>\u201cLlegar a la isla de Robins\u00f3n Crusoe, fue una especie de paseo extra\u00f1o abordo de una avioneta con capacidad para cinco pasajeros, durante dos horas y media, volando hacia el centro de Oc\u00e9ano Pac\u00edfico, en un viaje placentero turbado \u00fanicamente cuando quisimos sobrevolar la Bah\u00eda de Cumberland en un perfecto giro de nuestro piloto, uno de los tres que ten\u00edan autorizado volar hasta aquel lugar, donde nos esperaba una peque\u00f1a pista de tierra, donde felizmente aterrizamos.\u201d<\/strong><\/p>\n<div id=\"attachment_46000\" style=\"width: 630px\" class=\"wp-caption aligncenter\"><a href=\"https:\/\/www.turistamagazine.com\/v2\/wp-content\/uploads\/2020\/07\/Robinson.jpg\"><img decoding=\"async\" aria-describedby=\"caption-attachment-46000\" class=\"wp-image-46000\" src=\"https:\/\/www.turistamagazine.com\/v2\/wp-content\/uploads\/2020\/07\/Robinson.jpg\" alt=\"\" width=\"620\" height=\"327\" srcset=\"https:\/\/www.turistamagazine.com\/v2\/wp-content\/uploads\/2020\/07\/Robinson.jpg 800w, https:\/\/www.turistamagazine.com\/v2\/wp-content\/uploads\/2020\/07\/Robinson-300x158.jpg 300w, https:\/\/www.turistamagazine.com\/v2\/wp-content\/uploads\/2020\/07\/Robinson-768x405.jpg 768w, https:\/\/www.turistamagazine.com\/v2\/wp-content\/uploads\/2020\/07\/Robinson-796x420.jpg 796w, https:\/\/www.turistamagazine.com\/v2\/wp-content\/uploads\/2020\/07\/Robinson-610x322.jpg 610w\" sizes=\"(max-width: 620px) 100vw, 620px\" \/><\/a><p id=\"caption-attachment-46000\" class=\"wp-caption-text\"><em><span style=\"color: #800080;\">Espl\u00e9ndida visi\u00f3n de la isla de Robins\u00f3n Crusoe, un regalo de la naturaleza para la riqueza tur\u00edstica de Chile, un punto de nuestra llegada en 1974, cuando apenas la habitaban unos <\/span><\/em><\/p><\/div>\n<p style=\"text-align: justify;\"><strong><em><span style=\"color: #333399;\">\u201cUn hombre, un perro y una peque\u00f1a caba\u00f1a de madera, era cuanto se pod\u00eda ver all\u00ed. Desde ese lugar hab\u00eda que bajar a una peque\u00f1a abrigada bah\u00eda donde nos estaba esperando un bote con su marino y un grumete, que nos llevar\u00edan rodeando una buena parte de la isla, hasta el poblado de San Juan Bautista, donde ir\u00edan a tener lugar los actos conmemorativos del \u201cIV Centenario de Descubrimiento del Archipi\u00e9lago Juan Fern\u00e1ndez\u201d motivo por el cual fuimos invitados y que nos costar\u00eda un viaje de mas de 26 horas desde Tenerife a Santiago de Chile, pasando por Madrid, Las Palmas, R\u00edo de Janeiro y Buenos Aires. La aventura segu\u00eda con el viaje por tierra a Valparaiso de donde sali\u00f3 la mencionada avioneta, pero seguir\u00eda su largo recorrido, sin olvidarnos de la bajada caminando desde la pista de tierra de Robins\u00f3n Crusoe, hasta el embarque hac\u00eda San Juan Bautista, por un camino barrido por un aluvi\u00f3n que lo hab\u00eda dejado intransitable para el viejo jeep.\u201d<\/span><\/em><\/strong><\/p>\n<p style=\"text-align: justify;\"><span style=\"color: #333399;\"><strong><em>EL ARCHIPIELAGO JUAN FERNANDEZ<\/em><\/strong><\/span><\/p>\n<div id=\"attachment_46002\" style=\"width: 630px\" class=\"wp-caption aligncenter\"><a href=\"https:\/\/www.turistamagazine.com\/v2\/wp-content\/uploads\/2020\/07\/Isla.jpg\"><img decoding=\"async\" aria-describedby=\"caption-attachment-46002\" class=\"wp-image-46002\" src=\"https:\/\/www.turistamagazine.com\/v2\/wp-content\/uploads\/2020\/07\/Isla.jpg\" alt=\"\" width=\"620\" height=\"310\" srcset=\"https:\/\/www.turistamagazine.com\/v2\/wp-content\/uploads\/2020\/07\/Isla.jpg 800w, https:\/\/www.turistamagazine.com\/v2\/wp-content\/uploads\/2020\/07\/Isla-300x150.jpg 300w, https:\/\/www.turistamagazine.com\/v2\/wp-content\/uploads\/2020\/07\/Isla-768x384.jpg 768w, https:\/\/www.turistamagazine.com\/v2\/wp-content\/uploads\/2020\/07\/Isla-610x305.jpg 610w\" sizes=\"(max-width: 620px) 100vw, 620px\" \/><\/a><p id=\"caption-attachment-46002\" class=\"wp-caption-text\"><em><span style=\"color: #800080;\">Estampa singular de la Isla de Robinson Crusoe, hoy un excepcional atractivo para el turismo, una joya de la corona de la oferta natural de la naci\u00f3n chilena.<\/span><\/em><\/p><\/div>\n<p style=\"text-align: justify;\"><strong><em>\u201cEl Archipi\u00e9lago Juan Fern\u00e1ndez est\u00e1 formado por las islas Robinson Crusoe, Ex Mas a Tierra, Marinero Alejandro Selkirk, Ex Mas Afuera y Santa Clara. Fue declarado Parque Nacional en 1938 debido a sus relevantes valores naturales, esc\u00e9nicos e hist\u00f3ricos. Se trata de un conjunto de islas de origen volc\u00e1nico con una superficie total de 18.300 Has.\u201d<\/em><\/strong><\/p>\n<p style=\"text-align: justify;\"><strong>\u201cEste Parque Nacional debe su nombre al marino espa\u00f1ol Juan Fern\u00e1ndez, quien descubri\u00f3 este archipi\u00e9lago en uno de sus viajes desde El Callao a Valparaiso, all\u00e1 por Noviembre de 1574, buscando una ruta con mejores vientos alejado de la costa.\u201d<\/strong><\/p>\n<p style=\"text-align: justify;\"><strong>\u201cEl archipi\u00e9lago adquiri\u00f3 relieve legendario en todo el mundo por la publicaci\u00f3n en 1719, del libro titulad<\/strong>o <span style=\"color: #333399;\"><strong><em>\u201cLas Aventuras de Robins\u00f3n Crusoe\u201d,<\/em><\/strong> cuyo autor, <strong><em>Daniel Defoe<\/em><\/strong>,<\/span> <strong>para escribir la novela se bas\u00f3 en el relato de las aventuras vividas por el marinero escoc\u00e9s<\/strong> <span style=\"color: #333399;\"><strong><em>Alejandro Selkirk qui\u00e9n residi\u00f3 en la isla durante cuatro a\u00f1os.\u201d <\/em><\/strong><strong><em>\u00a0<\/em><\/strong><\/span><\/p>\n<div id=\"attachment_46022\" style=\"width: 630px\" class=\"wp-caption aligncenter\"><a href=\"https:\/\/www.turistamagazine.com\/v2\/wp-content\/uploads\/2020\/07\/Langosta.jpg\"><img decoding=\"async\" aria-describedby=\"caption-attachment-46022\" class=\"wp-image-46022\" src=\"https:\/\/www.turistamagazine.com\/v2\/wp-content\/uploads\/2020\/07\/Langosta.jpg\" alt=\"\" width=\"620\" height=\"540\" srcset=\"https:\/\/www.turistamagazine.com\/v2\/wp-content\/uploads\/2020\/07\/Langosta.jpg 559w, https:\/\/www.turistamagazine.com\/v2\/wp-content\/uploads\/2020\/07\/Langosta-300x261.jpg 300w, https:\/\/www.turistamagazine.com\/v2\/wp-content\/uploads\/2020\/07\/Langosta-482x420.jpg 482w\" sizes=\"(max-width: 620px) 100vw, 620px\" \/><\/a><p id=\"caption-attachment-46022\" class=\"wp-caption-text\"><em><span style=\"color: #800080;\">Las langostas es el gran atractivo gastron\u00f3mico del Archipi\u00e9lago Juan Fern\u00e1ndez, y una de sus mas importantes riquezas. F\/ Internet<\/span><\/em><\/p><\/div>\n<p style=\"text-align: justify;\"><strong><em><span style=\"color: #333399;\">\u201cEl Archipi\u00e9lago Juan Fern\u00e1ndez es uno de los parques nacionales de mayor importancia cient\u00edfica de Am\u00e9rica, debido fundamentalmente a su peculiar composici\u00f3n vegetacional integrada por un n\u00famero elevado de especies de\u00a0 plantas \u00fanicas en el mundo de existencia exclusiva. Entre los vegetales mas caracter\u00edsticos de este parque se encuentra la palma chonta y el desaparecido s\u00e1ndalo, as\u00ed como varias especies de helechos, algunos arb\u00f3reos, que alcanzan hasta 4 metros de altura.\u201d<\/span><\/em><\/strong><\/p>\n<p style=\"text-align: justify;\"><strong><em><span style=\"color: #333399;\">\u201cPor estas razones el Parque Nacional Juan Fern\u00e1ndez, posee en cuanto a su importancia bot\u00e1nica internacional, la misma relevancia que le cabe a las Islas Gal\u00e1pagos.\u201d<\/span><\/em><\/strong><\/p>\n<p style=\"text-align: justify;\"><strong><em><span style=\"color: #333399;\">\u201cEl \u00fanico mam\u00edfero nativo es el lobo de dos pelos que existe exclusivamente en este archipi\u00e9lago y se puede observar en la isla de Robins\u00f3n Crusoe.\u201d<\/span><\/em><\/strong><\/p>\n<div id=\"attachment_46008\" style=\"width: 630px\" class=\"wp-caption aligncenter\"><a href=\"https:\/\/www.turistamagazine.com\/v2\/wp-content\/uploads\/2020\/07\/000566887W.jpg\"><img decoding=\"async\" aria-describedby=\"caption-attachment-46008\" class=\"wp-image-46008\" src=\"https:\/\/www.turistamagazine.com\/v2\/wp-content\/uploads\/2020\/07\/000566887W.jpg\" alt=\"\" width=\"620\" height=\"357\" srcset=\"https:\/\/www.turistamagazine.com\/v2\/wp-content\/uploads\/2020\/07\/000566887W.jpg 640w, https:\/\/www.turistamagazine.com\/v2\/wp-content\/uploads\/2020\/07\/000566887W-300x173.jpg 300w, https:\/\/www.turistamagazine.com\/v2\/wp-content\/uploads\/2020\/07\/000566887W-610x352.jpg 610w\" sizes=\"(max-width: 620px) 100vw, 620px\" \/><\/a><p id=\"caption-attachment-46008\" class=\"wp-caption-text\"><em><span style=\"color: #800080;\">Lobo de dos pelos mam\u00edfero nativo muy protegido por el gobierno, para evitar si extinci\u00f3n<\/span><\/em><\/p><\/div>\n<p style=\"text-align: justify;\"><strong><em><span style=\"color: #333399;\">\u201cUna considerable variedad de aves marinas moran en sus costas como pardelas, gaviotas y albatros. En la zona terrestre se destaca el picaflor rojo, el cern\u00edcalo y el<\/span><\/em><\/strong><strong><em><span style=\"color: #333399;\"> aguilucho.<\/span><\/em><\/strong><\/p>\n<div id=\"attachment_46003\" style=\"width: 630px\" class=\"wp-caption aligncenter\"><a href=\"https:\/\/www.turistamagazine.com\/v2\/wp-content\/uploads\/2020\/07\/Pica-Flor.jpg\"><img decoding=\"async\" aria-describedby=\"caption-attachment-46003\" class=\"wp-image-46003\" src=\"https:\/\/www.turistamagazine.com\/v2\/wp-content\/uploads\/2020\/07\/Pica-Flor.jpg\" alt=\"\" width=\"620\" height=\"394\" srcset=\"https:\/\/www.turistamagazine.com\/v2\/wp-content\/uploads\/2020\/07\/Pica-Flor.jpg 800w, https:\/\/www.turistamagazine.com\/v2\/wp-content\/uploads\/2020\/07\/Pica-Flor-300x191.jpg 300w, https:\/\/www.turistamagazine.com\/v2\/wp-content\/uploads\/2020\/07\/Pica-Flor-768x489.jpg 768w, https:\/\/www.turistamagazine.com\/v2\/wp-content\/uploads\/2020\/07\/Pica-Flor-660x420.jpg 660w, https:\/\/www.turistamagazine.com\/v2\/wp-content\/uploads\/2020\/07\/Pica-Flor-610x388.jpg 610w, https:\/\/www.turistamagazine.com\/v2\/wp-content\/uploads\/2020\/07\/Pica-Flor-158x100.jpg 158w\" sizes=\"(max-width: 620px) 100vw, 620px\" \/><\/a><p id=\"caption-attachment-46003\" class=\"wp-caption-text\"><span style=\"color: #800080;\"><em>Picaflor Rojo, de Juan Fern\u00e1ndez, una de sus mas emblem\u00e1ticas aves, protegidas dentro de Parque Nacional. <\/em><\/span><\/p><\/div>\n<p style=\"text-align: justify;\"><em><span style=\"color: #800080;\"><strong>LA FIESTA DEL<\/strong><strong> IV<\/strong><strong> CENTENARIO<\/strong><\/span><\/em><\/p>\n<p style=\"text-align: justify;\"><strong>La celebraci\u00f3n de este nuevo centenario del descubrimiento del archipi\u00e9lago, estuvo revestida de una inusitada publicidad con despliegue informativo por todo lo alto y con el desplazamiento a la <em><span style=\"color: #800080;\">isla de Robinson Crusoe<\/span> <\/em>de mas de doscientas personas que a bordo de los buques de la armada chilena, <em><span style=\"color: #800080;\">Aquiles y Victoria<\/span><\/em>, dieron un color y animaci\u00f3n nunca vista en la isla.<\/strong><\/p>\n<p style=\"text-align: justify;\"><strong><em><span style=\"color: #800080;\">El ballet folkl\u00f3rico de Carmen Cuevas<\/span> <\/em>era el n\u00famero de gala del programa, con cuidadas y seleccionadas piezas del mas puro folklore tradicional suramericano, sus agraciadas vestimentas, y unas bien timbradas voces siempre dispuestas para <em>\u201del esquinazo\u201d <\/em>con sus templadas cuecas, muestra principal del folklore chileno.\u201d<\/strong><\/p>\n<p style=\"text-align: justify;\"><strong><em>\u201c<span style=\"color: #333399;\">Ese 22 de Noviembre la isla fue una pura fiesta, comenzando por la ofrenda floral al monumento del general Prat, con izamiento de la bandera nacional, acto presidido por el presidente de la Corte Suprema y los mas altos dirigentes pol\u00edticos de la Junta de Gobierno del pa\u00eds, el alcalde de Valparaiso, y representantes de las embajadas extranjeras, Alemania, Suecia, Inglaterra, Francia, etc., entre ellos el espa\u00f1ol Francisco Gil de Sol\u00e1.\u201d<\/span><\/em><\/strong><\/p>\n<div id=\"attachment_46004\" style=\"width: 630px\" class=\"wp-caption aligncenter\"><a href=\"https:\/\/www.turistamagazine.com\/v2\/wp-content\/uploads\/2020\/07\/Langosta2.jpg\"><img decoding=\"async\" aria-describedby=\"caption-attachment-46004\" class=\"wp-image-46004\" src=\"https:\/\/www.turistamagazine.com\/v2\/wp-content\/uploads\/2020\/07\/Langosta2.jpg\" alt=\"\" width=\"620\" height=\"412\" srcset=\"https:\/\/www.turistamagazine.com\/v2\/wp-content\/uploads\/2020\/07\/Langosta2.jpg 512w, https:\/\/www.turistamagazine.com\/v2\/wp-content\/uploads\/2020\/07\/Langosta2-300x199.jpg 300w\" sizes=\"(max-width: 620px) 100vw, 620px\" \/><\/a><p id=\"caption-attachment-46004\" class=\"wp-caption-text\"><em><span style=\"color: #800080;\">Langosta del Archipi\u00e9lago Juan Fern\u00e1ndez, la riqueza gastron\u00f3mica de Chile y sus mariscos.<\/span><\/em><\/p><\/div>\n<p style=\"text-align: justify;\"><span style=\"color: #333399;\"><em>\u201cEntre pinares y otros tipos de la flora aut\u00f3ctona de la isla, discurri\u00f3 aquel memorable d\u00eda, con un almuerzo campero, asados y vinos chilenos, m\u00fasica de bandas militares y bailes folkl\u00f3ricos que llevaron una inusitada alegr\u00eda a todos los presente. Luego el <strong>\u201cAquiles\u201d,<\/strong> nuestro hotel flotante, donde en compa\u00f1\u00eda de nuestro anfitri\u00f3n el Alcalde de Valparaiso, y nuestros queridos amigos,\u00a0 pasar\u00edamos horas inolvidables navegando de regreso dentro de la inh\u00f3spita corriente de Humboldt, que nos tendr\u00eda un d\u00eda entero sobre la litera sin \u00e1nimo para estar de pie\u2026 <strong>\u00a0\u00a1Que recuerdos! <\/strong><\/em><strong>\u201d<\/strong><\/span><\/p>\n<p style=\"text-align: justify;\"><em><strong><span style=\"color: #333399;\">EPILOGO<\/span><\/strong><\/em><\/p>\n<p style=\"text-align: justify;\"><strong><em><span style=\"color: #800080;\">\u201cUna reproducci\u00f3n del Ca\u00f1\u00f3n Tigre y una Medalla de Santa Cruz de Tenerife, est\u00e1n hoy en la alcald\u00eda de Valparaiso, ambos presentes de nuestra tierra. Asimismo, una Medalla de Valparaiso, junto a los dos tomos que componen \u201cLa Verdadera Historia de la Isla de Robinson Crusoe\u201d<\/span>,<\/em><\/strong> fueron entregados al alcalde de Santa Cruz de Tenerife. Unos lazos que quedaron sellados para siempre detr\u00e1s de estos sencillos y profundos acontecimientos de la actividad humana,\u201d<\/p>\n<div id=\"attachment_46005\" style=\"width: 510px\" class=\"wp-caption aligncenter\"><a href=\"https:\/\/www.turistamagazine.com\/v2\/wp-content\/uploads\/2020\/07\/mapa.png\"><img decoding=\"async\" aria-describedby=\"caption-attachment-46005\" class=\"wp-image-46005\" src=\"https:\/\/www.turistamagazine.com\/v2\/wp-content\/uploads\/2020\/07\/mapa.png\" alt=\"\" width=\"500\" height=\"362\" srcset=\"https:\/\/www.turistamagazine.com\/v2\/wp-content\/uploads\/2020\/07\/mapa.png 640w, https:\/\/www.turistamagazine.com\/v2\/wp-content\/uploads\/2020\/07\/mapa-300x217.png 300w, https:\/\/www.turistamagazine.com\/v2\/wp-content\/uploads\/2020\/07\/mapa-581x420.png 581w, https:\/\/www.turistamagazine.com\/v2\/wp-content\/uploads\/2020\/07\/mapa-220x160.png 220w\" sizes=\"(max-width: 500px) 100vw, 500px\" \/><\/a><p id=\"caption-attachment-46005\" class=\"wp-caption-text\"><em><span style=\"color: #800080;\">En medio del Oc\u00e9ano Pac\u00edfico el Archipi\u00e9lago Juan Fern\u00e1ndez, un recurso tur\u00edstico de Chile.<\/span><\/em><\/p><\/div>\n<p style=\"text-align: justify;\"><span style=\"color: #333399;\"><strong><em>Historias de la inconformidad que escribiera el venezolano Miguel \u00c1ngel Capriles, inconformidad con ese otro mundo que no entiende de la sana convivencia humana, la amistad, la comprensi\u00f3n\u2026 la cultura de la paz\u2026<\/em><\/strong><\/span><\/p>\n<p style=\"text-align: justify;\"><strong><em><span style=\"color: #333399;\">\u201cAndar por el mundo caminando con la frente erguida\u201d que inmortalizara el vate lagunero Tabares Ba<\/span>rtlet<\/em><\/strong><em>.<\/em><\/p>\n<p style=\"text-align: justify;\"><span style=\"color: #333399;\"><strong><em>Servir es mi ocupaci\u00f3n.<\/em><\/strong><\/span><\/p>\n<p style=\"text-align: justify;\"><strong>*\u00a0Del Grupo de Expertos de la Organizaci\u00f3n Mundial del Turismo, de las Naciones Unidas.<\/strong><\/p>\n<p><strong>*Pluma de Oro de Rotary Internacional. Puerto de la Cruz. Tenerife. Islas Canarias.<\/strong><\/p>\n<p>&nbsp;<\/p>\n<p>&nbsp;<\/p>\n","protected":false},"excerpt":{"rendered":"<p>Espl\u00e9ndidas vistas de la isla Robins\u00f3n Crusoe, dentro del Parque Nacional Natural de Chile, con estos parajes de incomparable belleza, donde se puede disfrutar de la m\u00e1s c\u00e1lida acogida profesional, y un excelente servicio. A\/ Tejera Reyes. \u201c\u2026Como un d\u00eda, all\u00e1 por 1594, cuando el marino espa\u00f1ol Juan Fern\u00e1ndez, buscando aires generales que abreviaran la navegaci\u00f3n de Per\u00fa a Chile, se adentrara en el Oc\u00e9ano Pac\u00edfico y descubriera el archipi\u00e9lago que lleva hoy su nombre.\u201d \u00a0Para Juan-Julio Fern\u00e1ndez, con el mejor de mis recuerdos \u201cDio principio Juan Fern\u00e1ndez a la poblaci\u00f3n de esta isla, meti\u00f3 en ella sesenta indios, fabric\u00f3&#8230;<\/p>\n","protected":false},"author":1,"featured_media":45997,"comment_status":"open","ping_status":"open","sticky":false,"template":"","format":"standard","meta":{"footnotes":""},"categories":[85],"tags":[10023,284,934,7471,340,749,5078],"class_list":["post-45994","post","type-post","status-publish","format-standard","has-post-thumbnail","hentry","category-colum-invitados","tag-el-archipielago-juan-fernandez","tag-antonio-pedro-tejera-reyes","tag-chile","tag-elenita-villar-asesora-de-tesis-en-turismo","tag-peru","tag-turistamagazine","tag-ver-todos"],"_links":{"self":[{"href":"https:\/\/www.turistamagazine.com\/v2\/index.php?rest_route=\/wp\/v2\/posts\/45994","targetHints":{"allow":["GET"]}}],"collection":[{"href":"https:\/\/www.turistamagazine.com\/v2\/index.php?rest_route=\/wp\/v2\/posts"}],"about":[{"href":"https:\/\/www.turistamagazine.com\/v2\/index.php?rest_route=\/wp\/v2\/types\/post"}],"author":[{"embeddable":true,"href":"https:\/\/www.turistamagazine.com\/v2\/index.php?rest_route=\/wp\/v2\/users\/1"}],"replies":[{"embeddable":true,"href":"https:\/\/www.turistamagazine.com\/v2\/index.php?rest_route=%2Fwp%2Fv2%2Fcomments&post=45994"}],"version-history":[{"count":8,"href":"https:\/\/www.turistamagazine.com\/v2\/index.php?rest_route=\/wp\/v2\/posts\/45994\/revisions"}],"predecessor-version":[{"id":46024,"href":"https:\/\/www.turistamagazine.com\/v2\/index.php?rest_route=\/wp\/v2\/posts\/45994\/revisions\/46024"}],"wp:featuredmedia":[{"embeddable":true,"href":"https:\/\/www.turistamagazine.com\/v2\/index.php?rest_route=\/wp\/v2\/media\/45997"}],"wp:attachment":[{"href":"https:\/\/www.turistamagazine.com\/v2\/index.php?rest_route=%2Fwp%2Fv2%2Fmedia&parent=45994"}],"wp:term":[{"taxonomy":"category","embeddable":true,"href":"https:\/\/www.turistamagazine.com\/v2\/index.php?rest_route=%2Fwp%2Fv2%2Fcategories&post=45994"},{"taxonomy":"post_tag","embeddable":true,"href":"https:\/\/www.turistamagazine.com\/v2\/index.php?rest_route=%2Fwp%2Fv2%2Ftags&post=45994"}],"curies":[{"name":"wp","href":"https:\/\/api.w.org\/{rel}","templated":true}]}}