{"id":45816,"date":"2020-06-19T09:12:00","date_gmt":"2020-06-19T14:12:00","guid":{"rendered":"http:\/\/www.turistamagazine.com\/v2\/?p=45816"},"modified":"2020-06-19T09:12:00","modified_gmt":"2020-06-19T14:12:00","slug":"mtc-estima-reanudacion-de-vuelos-domesticos-en-primera-quincena-de-julio","status":"publish","type":"post","link":"https:\/\/www.turistamagazine.com\/v2\/?p=45816","title":{"rendered":"MTC ESTIMA REANUDACI\u00d3N DE VUELOS DOM\u00c9STICOS EN PRIMERA QUINCENA DE JULIO"},"content":{"rendered":"<p style=\"text-align: center;\"><span style=\"color: #800080;\"><strong><em>Tambi\u00e9n se eval\u00faa reinicio del transporte terrestre interprovincial de pasajeros para el pr\u00f3ximo mes<\/em><\/strong><\/span><\/p>\n<p style=\"text-align: justify;\"><strong><em>\u00a0 <\/em>19\/06\/2020\/Lima.-<\/strong> <strong><em>\u00a0\u00a0El Ministerio de Transportes y Comunicaciones (MTC) proyect\u00f3 hoy que en la primera quincena de julio se reanudar\u00edan los vuelos dom\u00e9sticos o nacionales.<\/em><\/strong><\/p>\n<p style=\"text-align: justify;\"><span style=\"color: #800080;\"><strong><em>\u201cEstimamos que la reanudaci\u00f3n de vuelos dom\u00e9sticos y nacionales deber\u00edan producirse dentro de los primeros 15 d\u00edas del pr\u00f3ximo mes\u201d, se\u00f1al\u00f3 su titular Carlos Lozada.\u00a0<\/em><\/strong><\/span><\/p>\n<p style=\"text-align: justify;\"><strong><em>Inform\u00f3 que en Concejo de Ministros conversaron sobre el transporte terrestre interprovincial y el transporte a\u00e9reo, habi\u00e9ndose pr\u00e1cticamente concluido las reuniones de trabajo con los operadores de los terminales aeroportuarios, las aerol\u00edneas y el Ministerio de Salud (Minsa).<\/em><\/strong><\/p>\n<p style=\"text-align: justify;\"><span style=\"color: #800080;\"><strong><em>Adem\u00e1s ya se tiene finalizado los protocolos tanto para los aeropuertos como para las aerol\u00edneas, encontr\u00e1ndose en fase de validaci\u00f3n por parte del Minsa en estos momentos, se\u00f1al\u00f3.<\/em><\/strong><\/span><\/p>\n<p style=\"text-align: justify;\"><span style=\"color: #333399;\"><strong><em>De esta manera, se espera que los aprueben la pr\u00f3xima semana y todo estar\u00eda listo para el reinicio de actividades del transporte a\u00e9reo nacional, enfatiz\u00f3.<\/em><\/strong><\/span><\/p>\n<p style=\"text-align: justify;\"><span style=\"color: #333399;\"><strong><em>En otro momento, coment\u00f3 que para la tercera fase de reinicio de actividades econ\u00f3micas prevista para el pr\u00f3ximo mes se encuentran evaluando la reanudaci\u00f3n del transporte terrestre interprovincial de pasajeros.<\/em><\/strong><\/span><\/p>\n","protected":false},"excerpt":{"rendered":"<p>Tambi\u00e9n se eval\u00faa reinicio del transporte terrestre interprovincial de pasajeros para el pr\u00f3ximo mes \u00a0 19\/06\/2020\/Lima.- \u00a0\u00a0El Ministerio de Transportes y Comunicaciones (MTC) proyect\u00f3 hoy que en la primera quincena de julio se reanudar\u00edan los vuelos dom\u00e9sticos o nacionales. \u201cEstimamos que la reanudaci\u00f3n de vuelos dom\u00e9sticos y nacionales deber\u00edan producirse dentro de los primeros 15 d\u00edas del pr\u00f3ximo mes\u201d, se\u00f1al\u00f3 su titular Carlos Lozada.\u00a0 Inform\u00f3 que en Concejo de Ministros conversaron sobre el transporte terrestre interprovincial y el transporte a\u00e9reo, habi\u00e9ndose pr\u00e1cticamente concluido las reuniones de trabajo con los operadores de los terminales aeroportuarios, las aerol\u00edneas y el Ministerio de&#8230;<\/p>\n","protected":false},"author":1,"featured_media":45315,"comment_status":"open","ping_status":"open","sticky":false,"template":"","format":"standard","meta":{"footnotes":""},"categories":[4,82],"tags":[9988,9987,330,749],"class_list":["post-45816","post","type-post","status-publish","format-standard","has-post-thumbnail","hentry","category-breaking-news","category-nacionales","tag-concejo-de-ministro","tag-primera-quincena-de-julio-se-iniciarian-los-vuelos-domesticos","tag-turismo-en-el-peru","tag-turistamagazine"],"_links":{"self":[{"href":"https:\/\/www.turistamagazine.com\/v2\/index.php?rest_route=\/wp\/v2\/posts\/45816","targetHints":{"allow":["GET"]}}],"collection":[{"href":"https:\/\/www.turistamagazine.com\/v2\/index.php?rest_route=\/wp\/v2\/posts"}],"about":[{"href":"https:\/\/www.turistamagazine.com\/v2\/index.php?rest_route=\/wp\/v2\/types\/post"}],"author":[{"embeddable":true,"href":"https:\/\/www.turistamagazine.com\/v2\/index.php?rest_route=\/wp\/v2\/users\/1"}],"replies":[{"embeddable":true,"href":"https:\/\/www.turistamagazine.com\/v2\/index.php?rest_route=%2Fwp%2Fv2%2Fcomments&post=45816"}],"version-history":[{"count":1,"href":"https:\/\/www.turistamagazine.com\/v2\/index.php?rest_route=\/wp\/v2\/posts\/45816\/revisions"}],"predecessor-version":[{"id":45817,"href":"https:\/\/www.turistamagazine.com\/v2\/index.php?rest_route=\/wp\/v2\/posts\/45816\/revisions\/45817"}],"wp:featuredmedia":[{"embeddable":true,"href":"https:\/\/www.turistamagazine.com\/v2\/index.php?rest_route=\/wp\/v2\/media\/45315"}],"wp:attachment":[{"href":"https:\/\/www.turistamagazine.com\/v2\/index.php?rest_route=%2Fwp%2Fv2%2Fmedia&parent=45816"}],"wp:term":[{"taxonomy":"category","embeddable":true,"href":"https:\/\/www.turistamagazine.com\/v2\/index.php?rest_route=%2Fwp%2Fv2%2Fcategories&post=45816"},{"taxonomy":"post_tag","embeddable":true,"href":"https:\/\/www.turistamagazine.com\/v2\/index.php?rest_route=%2Fwp%2Fv2%2Ftags&post=45816"}],"curies":[{"name":"wp","href":"https:\/\/api.w.org\/{rel}","templated":true}]}}