{"id":45658,"date":"2020-06-06T12:22:16","date_gmt":"2020-06-06T17:22:16","guid":{"rendered":"http:\/\/www.turistamagazine.com\/v2\/?p=45658"},"modified":"2020-06-06T12:22:16","modified_gmt":"2020-06-06T17:22:16","slug":"american-retrasa-por-tercera-vez-sus-vuelos-a-santiago-hasta-fines-de-octubre-por-alta-incertidumbre","status":"publish","type":"post","link":"https:\/\/www.turistamagazine.com\/v2\/?p=45658","title":{"rendered":"AMERICAN RETRASA \u00a0POR TERCERA VEZ SUS VUELOS A SANTIAGO HASTA FINES DE OCTUBRE POR ALTA INCERTIDUMBRE"},"content":{"rendered":"<p style=\"text-align: justify;\"><strong>06\/06\/2020\/ EE.UU.-Por tercera vez desde el inicio de la crisis, American Airlines se ve en la obligaci\u00f3n de postergar la reanudaci\u00f3n de sus operaciones a Santiago. La decisi\u00f3n se infiere a la alta incertidumbre que todav\u00eda existe en el pa\u00eds respecto al futuro m\u00e1s inmediato, especialmente cuando cada d\u00eda se conocen aumentos significativos en el n\u00famero de contagios por COVID-19.<\/strong><\/p>\n<p style=\"text-align: justify;\"><strong>Despu\u00e9s de un primer anuncio de reactivaci\u00f3n previsto para el 11 de mayo y un segundo para el 04 de junio, la extensi\u00f3n continua del cierre de las fronteras por parte del Gobierno impide dar garant\u00edas para un retorno de la operaci\u00f3n. Esta semana, la l\u00ednea a\u00e9rea estadounidense deb\u00eda retomar la ruta Miami \u2013 Santiago, pero sus vuelos se cancelan por la vigencia de la medida.<\/strong><\/p>\n<p style=\"text-align: justify;\"><strong>En un nuevo informe, American retomar\u00eda la ruta Miami \u2013 Santiago a partir del 25 de octubre, sujeta cambios en funci\u00f3n del escenario. Por ahora, no se informan novedades para la ruta desde Dallas Fort Worth la que podr\u00eda retomarse en el primer trimestre 2021.<\/strong><\/p>\n<p style=\"text-align: justify;\"><em><span style=\"color: #800080;\"><strong>La variaci\u00f3n en la reanudaci\u00f3n de vuelos tambi\u00e9n afecta a varios destinos en los pa\u00edses de Am\u00e9rica Latina. Para el 05 de agosto est\u00e1n programados vuelos en la ruta Miami \u2013 R\u00edo de Janeiro (GIG), Miami \u2013 Sao Paulo (GRU) y Nueva York (JFK) \u2013 Sao Paulo (GRU). Para el 09 de septiembre, la reanudaci\u00f3n de vuelos desde Miami y Nueva York (JFK) a Buenos Aires (EZE), y para el 25 de octubre, el tramo Dallas Fort Worth \u2013 Sao Paulo (GRU).<\/strong><\/span><\/em><\/p>\n<p style=\"text-align: justify;\"><strong>Con niveles positivos de recuperaci\u00f3n de la demanda en los Estados Unidos, American Airlines considera para julio una operaci\u00f3n dom\u00e9stica al 55% y de 20% en rutas internacionales en comparaci\u00f3n con la programaci\u00f3n al mismo mes del a\u00f1o anterior (2019). Por capacidad, medidas en asientos disponibles por milla recorrida (ASM), se est\u00e1 considerando funcionar al 40% respecto a los niveles del a\u00f1o pasado con el objetivo de aprovechar lo m\u00e1s posible la temporada alta de verano. A fecha de hoy, la operaci\u00f3n considera una reducci\u00f3n del 80% respecto a la oferta regular.<\/strong><\/p>\n<p style=\"text-align: justify;\"><strong>American dice que ve recuperaci\u00f3n en la demanda al transportar un promedio de 110.000 pasajeros por d\u00eda en comparaci\u00f3n con los 32.000 que se mov\u00edan en abril. Lo anterior, se manifiesta en el incremento gradual del factor promedio de ocupaci\u00f3n que pasa de un 15% en abril a un 41% en la primera quincena de mayo y a 55% para la \u00faltima semana de dicho mes.<\/strong><\/p>\n<p style=\"text-align: justify;\"><em><span style=\"color: #800080;\"><strong>\u201cEstamos viendo un aumento lento, pero constante de la demanda interna\u201d, dice Vasu Raja, vicepresidente Senior de Red de American. \u201cContinuaremos buscando oportunidades prudentes para restablecer el servicio para que nuestros clientes puedan viajar cuando y donde est\u00e9n listos\u201d.<\/strong><\/span><\/em><\/p>\n<p style=\"text-align: justify;\"><strong>American est\u00e1 aumentando las frecuencias desde los hubs de Dallas Fort Worth y Charlotte hacia las principales ciudades en Florida, golfo de M\u00e9xico, ciudades costeras y destinos de monta\u00f1a, cuyo tr\u00e1fico es pr\u00e1cticamente vacacional. En la compa\u00f1\u00eda conf\u00edan en que la reapertura de parques tem\u00e1ticos y las reservas naturales sigan impulsando la demanda contribuyendo a una gradual recuperaci\u00f3n\u2026<\/strong><\/p>\n","protected":false},"excerpt":{"rendered":"<p>06\/06\/2020\/ EE.UU.-Por tercera vez desde el inicio de la crisis, American Airlines se ve en la obligaci\u00f3n de postergar la reanudaci\u00f3n de sus operaciones a Santiago. La decisi\u00f3n se infiere a la alta incertidumbre que todav\u00eda existe en el pa\u00eds respecto al futuro m\u00e1s inmediato, especialmente cuando cada d\u00eda se conocen aumentos significativos en el n\u00famero de contagios por COVID-19. Despu\u00e9s de un primer anuncio de reactivaci\u00f3n previsto para el 11 de mayo y un segundo para el 04 de junio, la extensi\u00f3n continua del cierre de las fronteras por parte del Gobierno impide dar garant\u00edas para un retorno de&#8230;<\/p>\n","protected":false},"author":1,"featured_media":0,"comment_status":"open","ping_status":"open","sticky":false,"template":"","format":"standard","meta":{"footnotes":""},"categories":[4,84],"tags":[5873,934,7471,6132],"class_list":["post-45658","post","type-post","status-publish","format-standard","hentry","category-breaking-news","category-internacionales","tag-american-airlines-group","tag-chile","tag-elenita-villar-asesora-de-tesis-en-turismo","tag-portal-de-noticias-turistamagazine"],"_links":{"self":[{"href":"https:\/\/www.turistamagazine.com\/v2\/index.php?rest_route=\/wp\/v2\/posts\/45658","targetHints":{"allow":["GET"]}}],"collection":[{"href":"https:\/\/www.turistamagazine.com\/v2\/index.php?rest_route=\/wp\/v2\/posts"}],"about":[{"href":"https:\/\/www.turistamagazine.com\/v2\/index.php?rest_route=\/wp\/v2\/types\/post"}],"author":[{"embeddable":true,"href":"https:\/\/www.turistamagazine.com\/v2\/index.php?rest_route=\/wp\/v2\/users\/1"}],"replies":[{"embeddable":true,"href":"https:\/\/www.turistamagazine.com\/v2\/index.php?rest_route=%2Fwp%2Fv2%2Fcomments&post=45658"}],"version-history":[{"count":1,"href":"https:\/\/www.turistamagazine.com\/v2\/index.php?rest_route=\/wp\/v2\/posts\/45658\/revisions"}],"predecessor-version":[{"id":45659,"href":"https:\/\/www.turistamagazine.com\/v2\/index.php?rest_route=\/wp\/v2\/posts\/45658\/revisions\/45659"}],"wp:attachment":[{"href":"https:\/\/www.turistamagazine.com\/v2\/index.php?rest_route=%2Fwp%2Fv2%2Fmedia&parent=45658"}],"wp:term":[{"taxonomy":"category","embeddable":true,"href":"https:\/\/www.turistamagazine.com\/v2\/index.php?rest_route=%2Fwp%2Fv2%2Fcategories&post=45658"},{"taxonomy":"post_tag","embeddable":true,"href":"https:\/\/www.turistamagazine.com\/v2\/index.php?rest_route=%2Fwp%2Fv2%2Ftags&post=45658"}],"curies":[{"name":"wp","href":"https:\/\/api.w.org\/{rel}","templated":true}]}}