{"id":4564,"date":"2014-05-16T15:43:32","date_gmt":"2014-05-16T20:43:32","guid":{"rendered":"http:\/\/www.turistamagazine.com\/v2\/?p=4564"},"modified":"2014-05-16T15:43:32","modified_gmt":"2014-05-16T20:43:32","slug":"peru-tam-airlines-anuncia-conjunto-de-acciones-especiales-para-el-evento-mundial-de-futbol","status":"publish","type":"post","link":"https:\/\/www.turistamagazine.com\/v2\/?p=4564","title":{"rendered":"PERU: TAM AIRLINES ANUNCIA CONJUNTO DE ACCIONES ESPECIALES PARA EL EVENTO MUNDIAL DE F\u00daTBOL"},"content":{"rendered":"<p style=\"text-align: justify;\">Lima.- \u00a0TAM Airlines estrena esta semana una serie de iniciativas especiales relacionadas a su operaci\u00f3n entre los meses de junio y julio. El conjunto de acciones tiene como objetivo garantizar a\u00fan m\u00e1s eficiencia y agilidad a los pasajeros, adem\u00e1s de involucrar y comprometer a los 28 mil empleados de la empresa con relaci\u00f3n al evento.<\/p>\n<p style=\"text-align: justify;\">\u201cEstamos preparados y nuestro equipo ya est\u00e1 en cancha. Siempre tuvimos consciencia del tama\u00f1o de nuestra responsabilidad y llegamos confiados a este momento porque trabajamos con mucho cuidado y atenci\u00f3n en cada detalle de la red a\u00e9rea, de la atenci\u00f3n en los aeropuertos, de la prestaci\u00f3n de servicio 24 horas y de la informaci\u00f3n precisa y \u00e1gil al pasajero. Ha llegado el momento de conectar las personas a los partidos con calidad y seguridad\u201d, afirm\u00f3 Claudia Sender, presidente de TAM Airlines.<\/p>\n<p style=\"text-align: justify;\">Vea a continuaci\u00f3n las acciones de TAM para las operaciones de junio y julio:<\/p>\n<p style=\"text-align: justify;\"><span style=\"color: #000080;\">Acciones Operacionales<\/span><\/p>\n<p style=\"text-align: justify;\">1.\u00a0\u00a0\u00a0\u00a0\u00a0\u00a0\u00a0\u00a0\u00a0\u00a0\u00a0 Seis aeronaves extras y turno de mantenimiento: Seis aeronaves estar\u00e1n listas y posicionadas durante todo el evento para casos de contingencia operacional. Equipos de mantenimiento aeron\u00e1utico tambi\u00e9n estar\u00e1n de turno para actuar en casos de reparaciones no programadas en la flota, en cualquiera de los 42 destinos con operaci\u00f3n de la empresa en Brasil.<\/p>\n<p style=\"text-align: justify;\">\u00a02.\u00a0\u00a0\u00a0\u00a0\u00a0\u00a0\u00a0\u00a0\u00a0\u00a0\u00a0 Nueva red a\u00e9rea: Para atender a las necesidades operacionales del evento y el flujo de pasajeros a las ciudades sede, la empresa reprogram\u00f3 su red a\u00e9rea, creando m\u00e1s de 750 nuevos vuelos dom\u00e9sticos y m\u00e1s de 350 nuevos vuelos internacionales.<\/p>\n<p style=\"text-align: justify;\">3.\u00a0\u00a0\u00a0\u00a0\u00a0\u00a0\u00a0\u00a0\u00a0\u00a0\u00a0 Monitoreo de sistemas: Inversi\u00f3n de R$ 1 mill\u00f3n para reforzar el monitoreo y protecci\u00f3n de sistemas, incluyendo incremento de los equipos de Tecnolog\u00eda de la Informaci\u00f3n para soporte presencial en los aeropuertos y adopci\u00f3n de sistemas redundantes en todas las localidades atendidas por TAM.<\/p>\n<p style=\"text-align: justify;\">\u00a04.\u00a0\u00a0\u00a0\u00a0\u00a0\u00a0\u00a0\u00a0\u00a0\u00a0\u00a0 Centro de Control Operacional: Mesa de control operacional formada por un equipo multidisciplinario para actuar 24 horas por d\u00eda, los 7 d\u00edas de la semana. El enfoque ser\u00e1 el an\u00e1lisis de situaciones de contingencia y de soluciones \u00e1giles para garantizar el progreso adecuado de las operaciones y atenci\u00f3n a los clientes.<\/p>\n<p>\u00a0adem\u00e1s<\/p>\n<p>Acciones de Capacitaci\u00f3n \u2013 Equipo y Contrataciones y<\/p>\n<p>Acciones de Comunicaci\u00f3n &amp; Comprometimiento<\/p>\n<p>&nbsp;<\/p>\n<p><em>Im\u00e1gen: Jefferson Pacieri<\/em><\/p>\n","protected":false},"excerpt":{"rendered":"<p>Lima.- \u00a0TAM Airlines estrena esta semana una serie de iniciativas especiales relacionadas a su operaci\u00f3n entre los meses de junio y julio. El conjunto de acciones tiene como objetivo garantizar a\u00fan m\u00e1s eficiencia y agilidad a los pasajeros, adem\u00e1s de involucrar y comprometer a los 28 mil empleados de la empresa con relaci\u00f3n al evento. \u201cEstamos preparados y nuestro equipo ya est\u00e1 en cancha. Siempre tuvimos consciencia del tama\u00f1o de nuestra responsabilidad y llegamos confiados a este momento porque trabajamos con mucho cuidado y atenci\u00f3n en cada detalle de la red a\u00e9rea, de la atenci\u00f3n en los aeropuertos, de la&#8230;<\/p>\n","protected":false},"author":1,"featured_media":0,"comment_status":"open","ping_status":"open","sticky":false,"template":"","format":"standard","meta":{"footnotes":""},"categories":[4,82],"tags":[115,1654,288,416],"class_list":["post-4564","post","type-post","status-publish","format-standard","hentry","category-breaking-news","category-nacionales","tag-brasil","tag-claudia-sender","tag-mundial-de-futbol-2014","tag-tam-airlines"],"_links":{"self":[{"href":"https:\/\/www.turistamagazine.com\/v2\/index.php?rest_route=\/wp\/v2\/posts\/4564","targetHints":{"allow":["GET"]}}],"collection":[{"href":"https:\/\/www.turistamagazine.com\/v2\/index.php?rest_route=\/wp\/v2\/posts"}],"about":[{"href":"https:\/\/www.turistamagazine.com\/v2\/index.php?rest_route=\/wp\/v2\/types\/post"}],"author":[{"embeddable":true,"href":"https:\/\/www.turistamagazine.com\/v2\/index.php?rest_route=\/wp\/v2\/users\/1"}],"replies":[{"embeddable":true,"href":"https:\/\/www.turistamagazine.com\/v2\/index.php?rest_route=%2Fwp%2Fv2%2Fcomments&post=4564"}],"version-history":[{"count":3,"href":"https:\/\/www.turistamagazine.com\/v2\/index.php?rest_route=\/wp\/v2\/posts\/4564\/revisions"}],"predecessor-version":[{"id":4568,"href":"https:\/\/www.turistamagazine.com\/v2\/index.php?rest_route=\/wp\/v2\/posts\/4564\/revisions\/4568"}],"wp:attachment":[{"href":"https:\/\/www.turistamagazine.com\/v2\/index.php?rest_route=%2Fwp%2Fv2%2Fmedia&parent=4564"}],"wp:term":[{"taxonomy":"category","embeddable":true,"href":"https:\/\/www.turistamagazine.com\/v2\/index.php?rest_route=%2Fwp%2Fv2%2Fcategories&post=4564"},{"taxonomy":"post_tag","embeddable":true,"href":"https:\/\/www.turistamagazine.com\/v2\/index.php?rest_route=%2Fwp%2Fv2%2Ftags&post=4564"}],"curies":[{"name":"wp","href":"https:\/\/api.w.org\/{rel}","templated":true}]}}