{"id":45546,"date":"2020-06-01T13:39:55","date_gmt":"2020-06-01T18:39:55","guid":{"rendered":"http:\/\/www.turistamagazine.com\/v2\/?p=45546"},"modified":"2020-06-01T13:40:15","modified_gmt":"2020-06-01T18:40:15","slug":"posicion-conjunta-de-la-industria-sobre-la-reanudacion-de-la-aviacion-en-america-latina-y-el-caribe","status":"publish","type":"post","link":"https:\/\/www.turistamagazine.com\/v2\/?p=45546","title":{"rendered":"POSICI\u00d3N CONJUNTA DE LA INDUSTRIA SOBRE LA REANUDACI\u00d3N DE LA AVIACI\u00d3N EN AM\u00c9RICA LATINA Y EL CARIBE"},"content":{"rendered":"<p style=\"text-align: justify;\"><strong>01\/06\/2020.- <span style=\"color: #333399;\"><em>En las \u00faltimas semanas, la Asociaci\u00f3n Internacional de Aeropuertos (ACI-LAC) y la Asociaci\u00f3n de Transporte A\u00e9reo Internacional (IATA) se han unido para asegurar la coordinaci\u00f3n entre las aerol\u00edneas y los aeropuertos, con el objetivo de involucrar y apoyar<\/em> conjuntamente a las autoridades pertinentes en el dif\u00edcil esfuerzo de reactivar la industria de la aviaci\u00f3n.<\/span><\/strong><\/p>\n<p style=\"text-align: justify;\"><span style=\"color: #800080;\"><strong><em>El enfoque por capas de medidas propuesto para todas las etapas del viaje tiene por objeto reducir al m\u00ednimo el riesgo de transmisi\u00f3n del COVID-19 en los aeropuertos y a bordo de las aeronaves y evitar que la aviaci\u00f3n se convierta en un vector de reinfecci\u00f3n internacional. Esas medidas deber\u00edan ser consistentes globalmente y estar sujetas a ser revisadas, mejoradas y eliminadas en el caso de que ya no sean necesarias para asegurar una recuperaci\u00f3n uniforme.<\/em><\/strong><\/span><\/p>\n<p style=\"text-align: justify;\"><strong>La industria de la aviaci\u00f3n se enfrenta a la mayor crisis de su historia. La lucha por contener la propagaci\u00f3n del COVID-19 ha paralizado el transporte a\u00e9reo internacional, con consecuencias desastrosas para las l\u00edneas a\u00e9reas, los aeropuertos y todas las empresas y ciudadanos cuyos medios de vida dependen de la conectividad a\u00e9rea. A medida que se abran nuevamente las fronteras en todo el mundo y se levanten las restricciones, debemos abordar la tarea de reanudar la conectividad a\u00e9rea de manera alineada y coordinada.<\/strong><\/p>\n<p style=\"text-align: justify;\"><strong>Nos complace dar a conocer el documento elaborado por ACI junto con IATA <span style=\"color: #333399;\"><em>\u201cReinicio Seguro de la Aviaci\u00f3n\u201d<\/em><\/span> que est\u00e1 totalmente suscrito por ALTA. Este enfoque conjunto ya ha sido compartido con la OACI.<\/strong><\/p>\n<p style=\"text-align: justify;\"><strong><em><span style=\"color: #800080;\">\u201cLa seguridad operacional siempre ha sido nuestra principal prioridad en la aviaci\u00f3n y eso incluye la salud p\u00fablica. El restablecimiento de la conectividad a\u00e9rea es vital para la reactivaci\u00f3n de las econom\u00edas de toda Am\u00e9rica Latina y el Caribe, muchas de las cuales dependen en gran medida de la aviaci\u00f3n. Esto es esencial para reconstruir el bienestar socioecon\u00f3mico. Nuestro enfoque por capas de medidas recomendadas por los aeropuertos y las aerol\u00edneas salvaguardan la salud p\u00fablica, al tiempo que ofrecen un enfoque pr\u00e1ctico para una reanudaci\u00f3n gradual de las operaciones. Esto es fundamental para restablecer la confianza del p\u00fablico en nuestra industria\u201d<\/span>,<\/em> dijo Peter Cerd\u00e1, Vicepresidente Regional de la IATA para las Am\u00e9ricas.<\/strong><\/p>\n<p style=\"text-align: justify;\"><strong>\u201cALTA respalda el documento conjunto de IATA y ACI <em>\u201cReinicio Seguro de la Aviaci\u00f3n\u201d,<\/em> ya que es un gran trabajo para encontrar un terreno com\u00fan en ambos lados de la operaci\u00f3n, en tierra y en el aire, que permita un regreso seguro para nuestros colaboradores, pasajeros y proveedores de servicios. Las organizaciones de la industria estamos trabajando en la elaboraci\u00f3n de normativas que se aplicar\u00e1n de manera armonizada regional y mundialmente para empezar a operar de manera a\u00fan m\u00e1s segura, dando confianza a los usuarios y operadores y ofreciendo una vez m\u00e1s un servicio esencial que genera desarrollo econ\u00f3mico y social en nuestros pa\u00edses a trav\u00e9s de su efecto catalizador\u201d, coment\u00f3 Jos\u00e9 Ricardo Botelho, Director Ejecutivo y CEO de ALTA.<\/strong><\/p>\n<p style=\"text-align: justify;\"><strong><span style=\"color: #800080;\">\u201cLos aeropuertos han estado manejando vuelos de carga a\u00e9rea y de emergencia durante toda la crisis y ahora est\u00e1n listos para recibir a los pasajeros comerciales de manera segura una vez m\u00e1s\u201d <\/span>dijo Rafael Echevarne, Director General de ACI-LAC.<\/strong><\/p>\n","protected":false},"excerpt":{"rendered":"<p>01\/06\/2020.- En las \u00faltimas semanas, la Asociaci\u00f3n Internacional de Aeropuertos (ACI-LAC) y la Asociaci\u00f3n de Transporte A\u00e9reo Internacional (IATA) se han unido para asegurar la coordinaci\u00f3n entre las aerol\u00edneas y los aeropuertos, con el objetivo de involucrar y apoyar conjuntamente a las autoridades pertinentes en el dif\u00edcil esfuerzo de reactivar la industria de la aviaci\u00f3n. El enfoque por capas de medidas propuesto para todas las etapas del viaje tiene por objeto reducir al m\u00ednimo el riesgo de transmisi\u00f3n del COVID-19 en los aeropuertos y a bordo de las aeronaves y evitar que la aviaci\u00f3n se convierta en un vector de&#8230;<\/p>\n","protected":false},"author":1,"featured_media":45548,"comment_status":"open","ping_status":"open","sticky":false,"template":"","format":"standard","meta":{"footnotes":""},"categories":[4,84],"tags":[9857,9928,9598,2447,9927,6132,749],"class_list":["post-45546","post","type-post","status-publish","format-standard","has-post-thumbnail","hentry","category-breaking-news","category-internacionales","tag-aci-lac","tag-ceo-de-alta","tag-covid-19","tag-iata","tag-jose-ricardo-botelho","tag-portal-de-noticias-turistamagazine","tag-turistamagazine"],"_links":{"self":[{"href":"https:\/\/www.turistamagazine.com\/v2\/index.php?rest_route=\/wp\/v2\/posts\/45546","targetHints":{"allow":["GET"]}}],"collection":[{"href":"https:\/\/www.turistamagazine.com\/v2\/index.php?rest_route=\/wp\/v2\/posts"}],"about":[{"href":"https:\/\/www.turistamagazine.com\/v2\/index.php?rest_route=\/wp\/v2\/types\/post"}],"author":[{"embeddable":true,"href":"https:\/\/www.turistamagazine.com\/v2\/index.php?rest_route=\/wp\/v2\/users\/1"}],"replies":[{"embeddable":true,"href":"https:\/\/www.turistamagazine.com\/v2\/index.php?rest_route=%2Fwp%2Fv2%2Fcomments&post=45546"}],"version-history":[{"count":1,"href":"https:\/\/www.turistamagazine.com\/v2\/index.php?rest_route=\/wp\/v2\/posts\/45546\/revisions"}],"predecessor-version":[{"id":45549,"href":"https:\/\/www.turistamagazine.com\/v2\/index.php?rest_route=\/wp\/v2\/posts\/45546\/revisions\/45549"}],"wp:featuredmedia":[{"embeddable":true,"href":"https:\/\/www.turistamagazine.com\/v2\/index.php?rest_route=\/wp\/v2\/media\/45548"}],"wp:attachment":[{"href":"https:\/\/www.turistamagazine.com\/v2\/index.php?rest_route=%2Fwp%2Fv2%2Fmedia&parent=45546"}],"wp:term":[{"taxonomy":"category","embeddable":true,"href":"https:\/\/www.turistamagazine.com\/v2\/index.php?rest_route=%2Fwp%2Fv2%2Fcategories&post=45546"},{"taxonomy":"post_tag","embeddable":true,"href":"https:\/\/www.turistamagazine.com\/v2\/index.php?rest_route=%2Fwp%2Fv2%2Ftags&post=45546"}],"curies":[{"name":"wp","href":"https:\/\/api.w.org\/{rel}","templated":true}]}}