{"id":45405,"date":"2020-05-25T10:59:01","date_gmt":"2020-05-25T15:59:01","guid":{"rendered":"http:\/\/www.turistamagazine.com\/v2\/?p=45405"},"modified":"2020-05-25T12:53:43","modified_gmt":"2020-05-25T17:53:43","slug":"aeropuertos-de-america-latina-esperan-medidas-armonizadas-para-restablecer-trafico-aereo","status":"publish","type":"post","link":"https:\/\/www.turistamagazine.com\/v2\/?p=45405","title":{"rendered":"AEROPUERTOS DE AM\u00c9RICA LATINA ESPERAN MEDIDAS ARMONIZADAS PARA RESTABLECER TR\u00c1FICO A\u00c9REO"},"content":{"rendered":"<p style=\"text-align: justify;\"><strong>25\/05\/2020.-El Consejo Internacional de Aeropuertos (ACI) inst\u00f3 en su sede para Am\u00e9rica Latina y el Caribe en Panam\u00e1 a la adopci\u00f3n de medidas armonizadas, que consideren tambi\u00e9n a los terminales, para la reactivaci\u00f3n del transporte a\u00e9reo y que afronta su peor crisis en la historia debido a la pandemia de COVID-19.<\/strong><\/p>\n<p style=\"text-align: justify;\"><em><span style=\"color: #800080;\"><strong>Rafael Echevarne, director general de ACI LAC (para Am\u00e9rica Latina y el Caribe), expres\u00f3 en entrevista telef\u00f3nica con Xinhua el inter\u00e9s en que las medidas que se adopten en esta coyuntura sean comunes.<\/strong><\/span><\/em><\/p>\n<p style=\"text-align: justify;\"><span style=\"color: #800080;\"><strong><em>Seg\u00fan el experto, para este a\u00f1o la ca\u00edda del tr\u00e1fico a\u00e9reo y de la actividad total en los aeropuertos latinoamericanos ser\u00e1 de por lo menos 50 por ciento, lo cual representa 340 millones de pasajeros menos que el a\u00f1o pasado y que dejar\u00e1n de ingresar por lo menos 5.000 millones de d\u00f3lares.<\/em><\/strong><\/span><\/p>\n<p style=\"text-align: justify;\"><strong><em><span style=\"color: #800080;\">\u201cEn ese sentido estamos trabajando, como aeropuertos, como compa\u00f1\u00edas a\u00e9reas\u201d<\/span>,<\/em> sostuvo el ejecutivo, con experiencia en compa\u00f1\u00edas aeroportuarias en Europa, Australasia y el Medio Oriente, y quien arrib\u00f3 en febrero pasado en Panam\u00e1 para suceder en el cargo en la ACI a Javier Mart\u00ednez.<\/strong><\/p>\n<p style=\"text-align: justify;\"><strong>El ACI destaca que es el representante comercial global de los aeropuertos en el mundo y que cuenta con 1.960 terminales a\u00e9reos miembros en 176 pa\u00edses, entre ellos 270 de 34 pa\u00edses de Am\u00e9rica Latina y el Caribe y que gestionan 95 por ciento del tr\u00e1fico a\u00e9reo en la regi\u00f3n.<\/strong><\/p>\n<p style=\"text-align: justify;\"><em><span style=\"color: #800080;\"><strong>Echevarne explic\u00f3 que Am\u00e9rica Latina tiene el porcentaje m\u00e1s grande del mundo de aeropuertos gestionados por empresas privadas, en cuyo modelo es una excepci\u00f3n el Aeropuerto Internacional de Tocumen de la capital paname\u00f1a.<\/strong><\/span><\/em><\/p>\n<p style=\"text-align: justify;\"><strong>El directivo en la regi\u00f3n del ACI (por sus siglas en ingl\u00e9s), si bien reconoci\u00f3 el impacto al estar cerrados la mayor\u00eda de los vuelos, se\u00f1al\u00f3 que los aeropuertos siguen abiertos y que las pistas deben seguir funcionando.<\/strong><\/p>\n<p style=\"text-align: justify;\"><strong>Explic\u00f3 que todav\u00eda hay vuelos de carga. Seg\u00fan el ejecutivo, entre 80 por ciento y 85 por ciento de los ingresos de un aeropuerto est\u00e1n relacionados con las operaciones de pasajeros.<\/strong><\/p>\n<p style=\"text-align: justify;\"><strong><span style=\"color: #800080;\"><em>\u201cLas compa\u00f1\u00edas (a\u00e9reas) dicen que no est\u00e1 recibiendo dinero y que no pueden pagar, pero es que si no pagan al aeropuerto no va a poder subsistir tampoco\u201d,<\/em><\/span> precis\u00f3 Echevarne.<\/strong><\/p>\n<p style=\"text-align: justify;\"><strong>Observ\u00f3, respecto al pedido de las aerol\u00edneas en ese sentido, que no es cuesti\u00f3n de no pagar la tarifa de aterrizaje. <span style=\"color: #800080;\"><em>\u201cEs como decir subir al avi\u00f3n gratis, porque tienes que pagar por el costo de la operaci\u00f3n. Lo que nos interesa es que se reactive el trasporte a\u00e9reo\u201d,<\/em><\/span> insisti\u00f3.<\/strong><\/p>\n<p style=\"text-align: justify;\"><strong>Echevarne explic\u00f3 que alrededor de 430.000 personas trabajan en todas las actividades que suceden dentro de los aeropuertos en Am\u00e9rica Latina y el Caribe, y que son diversas, ya que no s\u00f3lo tienen que ver con el aterrizaje y despegue de aeronaves.<\/strong><\/p>\n<p style=\"text-align: justify;\"><strong>El director general de ACI LAC precis\u00f3 que el mensaje que se est\u00e1 dando es que las personas no se van a infectar por ir al aeropuerto o a las compa\u00f1\u00edas a\u00e9reas, porque los trabajadores van a estar protegidos, se va a seguir los protocolos de distanciamiento social, y se va a hablar sobre la tecnolog\u00eda de reconocimiento facial para proteger la salud\u2026<\/strong><\/p>\n","protected":false},"excerpt":{"rendered":"<p>25\/05\/2020.-El Consejo Internacional de Aeropuertos (ACI) inst\u00f3 en su sede para Am\u00e9rica Latina y el Caribe en Panam\u00e1 a la adopci\u00f3n de medidas armonizadas, que consideren tambi\u00e9n a los terminales, para la reactivaci\u00f3n del transporte a\u00e9reo y que afronta su peor crisis en la historia debido a la pandemia de COVID-19. Rafael Echevarne, director general de ACI LAC (para Am\u00e9rica Latina y el Caribe), expres\u00f3 en entrevista telef\u00f3nica con Xinhua el inter\u00e9s en que las medidas que se adopten en esta coyuntura sean comunes. Seg\u00fan el experto, para este a\u00f1o la ca\u00edda del tr\u00e1fico a\u00e9reo y de la actividad total&#8230;<\/p>\n","protected":false},"author":1,"featured_media":45406,"comment_status":"open","ping_status":"open","sticky":false,"template":"","format":"standard","meta":{"footnotes":""},"categories":[4,84],"tags":[9903,9904,9598,9902,749],"class_list":["post-45405","post","type-post","status-publish","format-standard","has-post-thumbnail","hentry","category-breaking-news","category-internacionales","tag-aci","tag-america-latina-y-el-caribe","tag-covid-19","tag-rafael-echevarne","tag-turistamagazine"],"_links":{"self":[{"href":"https:\/\/www.turistamagazine.com\/v2\/index.php?rest_route=\/wp\/v2\/posts\/45405","targetHints":{"allow":["GET"]}}],"collection":[{"href":"https:\/\/www.turistamagazine.com\/v2\/index.php?rest_route=\/wp\/v2\/posts"}],"about":[{"href":"https:\/\/www.turistamagazine.com\/v2\/index.php?rest_route=\/wp\/v2\/types\/post"}],"author":[{"embeddable":true,"href":"https:\/\/www.turistamagazine.com\/v2\/index.php?rest_route=\/wp\/v2\/users\/1"}],"replies":[{"embeddable":true,"href":"https:\/\/www.turistamagazine.com\/v2\/index.php?rest_route=%2Fwp%2Fv2%2Fcomments&post=45405"}],"version-history":[{"count":2,"href":"https:\/\/www.turistamagazine.com\/v2\/index.php?rest_route=\/wp\/v2\/posts\/45405\/revisions"}],"predecessor-version":[{"id":45434,"href":"https:\/\/www.turistamagazine.com\/v2\/index.php?rest_route=\/wp\/v2\/posts\/45405\/revisions\/45434"}],"wp:featuredmedia":[{"embeddable":true,"href":"https:\/\/www.turistamagazine.com\/v2\/index.php?rest_route=\/wp\/v2\/media\/45406"}],"wp:attachment":[{"href":"https:\/\/www.turistamagazine.com\/v2\/index.php?rest_route=%2Fwp%2Fv2%2Fmedia&parent=45405"}],"wp:term":[{"taxonomy":"category","embeddable":true,"href":"https:\/\/www.turistamagazine.com\/v2\/index.php?rest_route=%2Fwp%2Fv2%2Fcategories&post=45405"},{"taxonomy":"post_tag","embeddable":true,"href":"https:\/\/www.turistamagazine.com\/v2\/index.php?rest_route=%2Fwp%2Fv2%2Ftags&post=45405"}],"curies":[{"name":"wp","href":"https:\/\/api.w.org\/{rel}","templated":true}]}}