{"id":44982,"date":"2020-04-22T17:35:08","date_gmt":"2020-04-22T22:35:08","guid":{"rendered":"http:\/\/www.turistamagazine.com\/v2\/?p=44982"},"modified":"2020-04-23T09:47:41","modified_gmt":"2020-04-23T14:47:41","slug":"he-tenido-un-sueno-el-mundo-nuevo-que-tenemos-presente","status":"publish","type":"post","link":"https:\/\/www.turistamagazine.com\/v2\/?p=44982","title":{"rendered":"HE TENIDO UN SUE\u00d1O : \u00a0EL MUNDO NUEVO QUE TENEMOS PRESENTE"},"content":{"rendered":"<p style=\"text-align: center;\"><strong><em><span style=\"color: #800080;\">Impresionante fotograf\u00eda del Valle de la Orotava, Tenerife, con el Volc\u00e1n Teide al fondo, en el invierno canario, lugar cuna el turismo de \u00e9lite en las Islas Canarias<\/span><\/em><\/strong><\/p>\n<div id=\"attachment_25941\" style=\"width: 160px\" class=\"wp-caption alignleft\"><a href=\"https:\/\/www.turistamagazine.com\/v2\/wp-content\/uploads\/2016\/11\/Don-Antonio-Tejera.jpg\"><img decoding=\"async\" aria-describedby=\"caption-attachment-25941\" class=\"wp-image-25941 size-thumbnail\" src=\"https:\/\/www.turistamagazine.com\/v2\/wp-content\/uploads\/2016\/11\/Don-Antonio-Tejera-150x150.jpg\" alt=\"\" width=\"150\" height=\"150\" \/><\/a><p id=\"caption-attachment-25941\" class=\"wp-caption-text\">Dr. Antonio.Pedro Tejera Reyes*<\/p><\/div>\n<p style=\"text-align: justify;\"><strong><em><span style=\"color: #333399;\">Ahora, a las cuatro de la ma\u00f1ana, en la ciudad venezolana de Maturin \u2013 600.000 habitantes &#8211; me levanto precipitadamente a escribir estas l\u00edneas antes de que se me vaya de la cabeza el sue\u00f1o premonitorio que acabo de tener.<\/span><\/em><\/strong><\/p>\n<p style=\"text-align: justify;\"><strong><em><span style=\"color: #333399;\">So\u00f1aba que en Canarias, en un lugar no identificado, se celebraba un gran acontecimiento destacando la importancia que el arte hab\u00eda tenido en la historia de las islas durante los cientos de pasados a\u00f1os, lo cual se hacia como un reconocimiento a toda la pl\u00e9yade de personajes que han dejado su impronta en la historia de nuestro pa\u00eds atl\u00e1ntico.<\/span><\/em><\/strong><\/p>\n<p style=\"text-align: justify;\"><span style=\"color: #800080;\"><strong><em>Con el abrazo sobre mi espalda mi t\u00edo Chano &#8211; Alfredo Sebasti\u00e1n Reyes Darias, que Dios le tenga en la gloria \u2013 me acompa\u00f1aba en un recorrido alrededor de las esculturas de Chirinos, los cuadros de Teodoro R\u00edos y\u00a0 Mart\u00edn Gonz\u00e1lez\u2026 Las intervenciones magistrales de Hern\u00e1ndez Perera, y las pol\u00edticas de Pepe Est\u00e9vez estaban expuestas en grandes paneles, todo con el trasfondo musical de la inmortal obra de nuestros queridos Sabade\u00f1os. Ese recorrido junto a mi t\u00edo, lo hac\u00edamos, algunas veces hasta con l\u00e1grimas en los ojos\u2026en unos inmensos espacios que parec\u00edan no tener fin\u2026<\/em><\/strong><\/span><\/p>\n<p style=\"text-align: justify;\"><span style=\"color: #333399;\">Todo este disparatado sue\u00f1o, creemos se debe a las incre\u00edbles noticias de la prensa de\u00a0 ayer sobre lo que estudian nuestros gobernantes imponer para atajar la pandemia actual, como \u00a0<strong><em>\u201cmedidas preventivas\u201d<\/em><\/strong> \u2013 de las cuales nos hab\u00edamos hecho promesa no escribir \u00a0mas \u2013 que nos han dejado no perplejos, sino aterrados cuando vemos como se \u00a0pretende destruir todo ese mundo glorioso con el que so\u00f1\u00f3 <strong><em>Paul Harris cuando creo Rotary Internacional,<\/em><\/strong> lo cual no era otro que un mundo donde sus principios estuviesen regidos por esas pocas palabras que plasmaron los a\u00f1os en ese c\u00f3digo de actuaci\u00f3n para la humanidad que, sin duda alguna, su observancia conducen directamente a la paz mundial.<\/span><\/p>\n<p><a href=\"https:\/\/www.turistamagazine.com\/v2\/wp-content\/uploads\/2017\/11\/Rotary-Enriquece-el-mundo1.jpg\"><img decoding=\"async\" class=\"wp-image-32165 aligncenter\" src=\"https:\/\/www.turistamagazine.com\/v2\/wp-content\/uploads\/2017\/11\/Rotary-Enriquece-el-mundo1.jpg\" alt=\"\" width=\"600\" height=\"399\" \/><\/a><\/p>\n<p style=\"text-align: justify;\"><span style=\"color: #800080;\"><strong>Los Principios de Rotary Internacional.<\/strong><\/span><\/p>\n<p style=\"text-align: justify;\"><span style=\"color: #800080;\">1\u00b0. <strong><em>El conocimiento mutuo y la amistad, como ocasi\u00f3n de servir. <\/em><\/strong><\/span><\/p>\n<p style=\"text-align: justify;\"><span style=\"color: #800080;\"><strong><em>2\u00b0. La buena fe como norma en los negocios y en las profesiones, el aprecio a toda ocupaci\u00f3n \u00fatil y la dignificaci\u00f3n de la propia, en servicio de la sociedad.<\/em><\/strong><\/span><\/p>\n<p style=\"text-align: justify;\"><span style=\"color: #800080;\"><strong><em>3\u00b0. La aplicaci\u00f3n del ideal de servicio por todos los rotarios a su vida privada, profesional y p\u00fablica.<\/em><\/strong><\/span><\/p>\n<p style=\"text-align: justify;\"><span style=\"color: #800080;\">4\u00b0. <strong><em>La inteligencia, la buena voluntad y la paz entre las naciones, por el compa\u00f1erismo de sus hombres y mujeres de negocio y profesionales, unidos en el ideal de servicio.\u00a0 <\/em><\/strong><\/span><\/p>\n<p style=\"text-align: justify;\"><em><span style=\"color: #333399;\">Contra todo esto, amenazan se van a adoptar unas <strong>\u201cmedidas preventivas\u201d<\/strong>, atacando la convivencia social, buscando la separaci\u00f3n de personas, y un distanciamiento que llega a l\u00edmites incre\u00edbles, con lo cual el atentado contra la amistad, la confraternidad y el afecto humano, parece va a sufrir el ataque mas grande que el mundo ha conocido.<\/span><\/em><\/p>\n<p style=\"text-align: justify;\"><em><span style=\"color: #333399;\">No nos vamos a alargar mas, pero si queremos dejar nuestra queja mas profunda y pronunciada ante estas extra\u00f1as \u2013 por llamarlas de alguna generosa manera \u2013 <strong>\u201cmedidas preventivas\u201d<\/strong> que lo que van a hacer es acabar con la vida social del mundo, aisl\u00e1ndonos <strong>\u201cin misericorde\u201d,<\/strong> sin que podemos mostrar el afecto que\u00a0 todos llevamos dentro y cuyas ilimitadas muestras de cari\u00f1o, las manifestamos con el abrazo fuerte, que no solo sirve para terminar las comunicaciones escritas con nuestros mas queridos amigos, sino para expresar un cari\u00f1o y un\u00a0 sentimiento que nace del interior de las personas del bien que habitan en ese mundo que hoy parece se ha desaparecido.<\/span><\/em><\/p>\n<p><em><span style=\"color: #800080;\"><strong>\u00bfSe habr\u00e1n impuesto &#8211; la ruina de millones de personas, en todos los sentidos, incluido la muerte &#8211; quienes han sido capaces de imponer esas \u201cmedidas preventivas\u201d \u00a0sin contemplar las consecuencias que las mismas iban a tener?\u00a0\u00a0<\/strong><\/span><\/em><\/p>\n<p><em><span style=\"color: #800080;\"><strong>\u00bfSe acabar\u00e1 de verdad el mundo en el cual vivimos d\u00e1ndonos abrazos con los amigos?<\/strong><\/span><\/em><\/p>\n<p><em><span style=\"color: #800080;\"><strong>\u00bfNo hubiese sido mejor emplear todos los recursos posibles en encontrar el medio de prevenir o curar, los efectos de la terrible pandemia que nos azota, sin necesidad de acabar con todo el tejido econ\u00f3mico-social del mundo?<\/strong><\/span><\/em><\/p>\n<p><em><span style=\"color: #800080;\"><strong>\u00bfQui\u00e9n va a responder de la cat\u00e1strofe que han producido \u2013 no el coronavirus, est\u00e1 m\u00e1s que claro \u2013 sino las m\u00e1s que c\u00e9lebres \u201cmedidas preventivas\u201d?<\/strong><\/span><\/em><\/p>\n<p>&nbsp;<\/p>\n<p style=\"text-align: justify;\"><strong>*Pluma de Oro de Rotary Internacional. Puerto de la Cruz. Tenerife. Islas Canarias.<\/strong><\/p>\n<p style=\"text-align: justify;\"><strong>*Del Grupo de Expertos de la Organizaci\u00f3n Mundial del Turismo. OMT. De las Naciones Unidas. ONU.<\/strong><\/p>\n","protected":false},"excerpt":{"rendered":"<p>Impresionante fotograf\u00eda del Valle de la Orotava, Tenerife, con el Volc\u00e1n Teide al fondo, en el invierno canario, lugar cuna el turismo de \u00e9lite en las Islas Canarias Ahora, a las cuatro de la ma\u00f1ana, en la ciudad venezolana de Maturin \u2013 600.000 habitantes &#8211; me levanto precipitadamente a escribir estas l\u00edneas antes de que se me vaya de la cabeza el sue\u00f1o premonitorio que acabo de tener. So\u00f1aba que en Canarias, en un lugar no identificado, se celebraba un gran acontecimiento destacando la importancia que el arte hab\u00eda tenido en la historia de las islas durante los cientos de&#8230;<\/p>\n","protected":false},"author":1,"featured_media":44984,"comment_status":"open","ping_status":"open","sticky":false,"template":"","format":"standard","meta":{"footnotes":""},"categories":[85],"tags":[284,9809,6132,3825,749],"class_list":["post-44982","post","type-post","status-publish","format-standard","has-post-thumbnail","hentry","category-colum-invitados","tag-antonio-pedro-tejera-reyes","tag-el-mundo-nuevo-que-tenemos-presente","tag-portal-de-noticias-turistamagazine","tag-rotary-internacional","tag-turistamagazine"],"_links":{"self":[{"href":"https:\/\/www.turistamagazine.com\/v2\/index.php?rest_route=\/wp\/v2\/posts\/44982","targetHints":{"allow":["GET"]}}],"collection":[{"href":"https:\/\/www.turistamagazine.com\/v2\/index.php?rest_route=\/wp\/v2\/posts"}],"about":[{"href":"https:\/\/www.turistamagazine.com\/v2\/index.php?rest_route=\/wp\/v2\/types\/post"}],"author":[{"embeddable":true,"href":"https:\/\/www.turistamagazine.com\/v2\/index.php?rest_route=\/wp\/v2\/users\/1"}],"replies":[{"embeddable":true,"href":"https:\/\/www.turistamagazine.com\/v2\/index.php?rest_route=%2Fwp%2Fv2%2Fcomments&post=44982"}],"version-history":[{"count":5,"href":"https:\/\/www.turistamagazine.com\/v2\/index.php?rest_route=\/wp\/v2\/posts\/44982\/revisions"}],"predecessor-version":[{"id":44990,"href":"https:\/\/www.turistamagazine.com\/v2\/index.php?rest_route=\/wp\/v2\/posts\/44982\/revisions\/44990"}],"wp:featuredmedia":[{"embeddable":true,"href":"https:\/\/www.turistamagazine.com\/v2\/index.php?rest_route=\/wp\/v2\/media\/44984"}],"wp:attachment":[{"href":"https:\/\/www.turistamagazine.com\/v2\/index.php?rest_route=%2Fwp%2Fv2%2Fmedia&parent=44982"}],"wp:term":[{"taxonomy":"category","embeddable":true,"href":"https:\/\/www.turistamagazine.com\/v2\/index.php?rest_route=%2Fwp%2Fv2%2Fcategories&post=44982"},{"taxonomy":"post_tag","embeddable":true,"href":"https:\/\/www.turistamagazine.com\/v2\/index.php?rest_route=%2Fwp%2Fv2%2Ftags&post=44982"}],"curies":[{"name":"wp","href":"https:\/\/api.w.org\/{rel}","templated":true}]}}