{"id":44877,"date":"2020-04-14T13:46:43","date_gmt":"2020-04-14T18:46:43","guid":{"rendered":"http:\/\/www.turistamagazine.com\/v2\/?p=44877"},"modified":"2020-04-14T19:48:49","modified_gmt":"2020-04-15T00:48:49","slug":"donald-trump-mantendra-indefinidamente-el-cierre-fronterizo-con-europa-por-covid","status":"publish","type":"post","link":"https:\/\/www.turistamagazine.com\/v2\/?p=44877","title":{"rendered":"DONALD TRUMP MANTENDR\u00c1 INDEFINIDAMENTE EL CIERRE FRONTERIZO CON EUROPA POR COVID -19"},"content":{"rendered":"<p style=\"text-align: justify;\"><span style=\"color: #333399;\"><strong><em>14\/04\/2020\/EE.UU.-El presidente de Estados Unidos, Donald Trump, anunci\u00f3 que mantendr\u00e1 de forma indefinida la prohibici\u00f3n que rige desde hace un mes de ingresar al pa\u00eds desde Europa a causa de la pandemia del COVID-19. <span style=\"color: #800080;\">\u201cQueremos hacerlo muy r\u00e1pidamente, pero queremos a la vez \u00a0asegurarnos de que todo est\u00e9 bien. Ahora mismo tenemos una prohibici\u00f3n muy fuerte y vamos a mantenerla as\u00ed hasta que ellos superen la pandemia\u201d<\/span>, dijo Trump durante una rueda de prensa en la Casa Blanca. El cierre de fronteras con Europa empez\u00f3 el pasado 14 de marzo por un periodo inicial de 30 d\u00edas que concluy\u00f3 este domingo.<\/em><\/strong><\/span><\/p>\n<p style=\"text-align: justify;\"><span style=\"color: #333399;\"><strong><em>Trump explic\u00f3 en la rueda de prensa que la apertura de fronteras se har\u00e1 \u201cen el momento adecuado\u201d, aunque no quiso definir si eso suceder\u00e1 en semanas o meses. <span style=\"color: #800080;\">\u201cYo no dir\u00eda que a Italia le est\u00e9 yendo muy bien en estos momentos, no dir\u00eda que a Espa\u00f1a le est\u00e9 yendo muy bien en estos momentos, Francia acaba de extender su orden de confinamiento\u201d,<\/span> expres\u00f3 Trump para justificar su decisi\u00f3n.<\/em><\/strong><\/span><\/p>\n<p style=\"text-align: justify;\"><span style=\"color: #333399;\"><strong><em>Trump prohibi\u00f3 en enero la entrada a Estados Unidos de personas procedentes de China y en marzo tom\u00f3 la misma decisi\u00f3n con los que llegan de Europa, a lo que Europa respondi\u00f3 con una medida similar.<\/em><\/strong><\/span><\/p>\n<p style=\"text-align: justify;\"><span style=\"color: #333399;\"><strong><em><span style=\"color: #800080;\">\u201cHe decidido tomar varias medidas, fuertes pero necesarias, para proteger la salud y el bienestar de todos los estadounidenses. Para evitar que nuevos casos ingresen a nuestras fronteras, suspenderemos todos los viajes desde Europa a Estados Unidos\u201d,<\/span> dijo Trump al anunciar el veto el 12 de marzo. En Estados Unidos los contagios superan ya los 585.000, mientras que en Europa rondan los 900.000\u2026<\/em><\/strong><\/span><\/p>\n","protected":false},"excerpt":{"rendered":"<p>14\/04\/2020\/EE.UU.-El presidente de Estados Unidos, Donald Trump, anunci\u00f3 que mantendr\u00e1 de forma indefinida la prohibici\u00f3n que rige desde hace un mes de ingresar al pa\u00eds desde Europa a causa de la pandemia del COVID-19. \u201cQueremos hacerlo muy r\u00e1pidamente, pero queremos a la vez \u00a0asegurarnos de que todo est\u00e9 bien. Ahora mismo tenemos una prohibici\u00f3n muy fuerte y vamos a mantenerla as\u00ed hasta que ellos superen la pandemia\u201d, dijo Trump durante una rueda de prensa en la Casa Blanca. El cierre de fronteras con Europa empez\u00f3 el pasado 14 de marzo por un periodo inicial de 30 d\u00edas que concluy\u00f3 este&#8230;<\/p>\n","protected":false},"author":1,"featured_media":44298,"comment_status":"open","ping_status":"open","sticky":false,"template":"","format":"standard","meta":{"footnotes":""},"categories":[4,82],"tags":[6548,154,7509,208,9664,749],"class_list":["post-44877","post","type-post","status-publish","format-standard","has-post-thumbnail","hentry","category-breaking-news","category-nacionales","tag-donald-trump","tag-ee-uu","tag-elenita-honores","tag-europa","tag-se-prohibe-los-vuelos-de-europa-a-ee-uu","tag-turistamagazine"],"_links":{"self":[{"href":"https:\/\/www.turistamagazine.com\/v2\/index.php?rest_route=\/wp\/v2\/posts\/44877","targetHints":{"allow":["GET"]}}],"collection":[{"href":"https:\/\/www.turistamagazine.com\/v2\/index.php?rest_route=\/wp\/v2\/posts"}],"about":[{"href":"https:\/\/www.turistamagazine.com\/v2\/index.php?rest_route=\/wp\/v2\/types\/post"}],"author":[{"embeddable":true,"href":"https:\/\/www.turistamagazine.com\/v2\/index.php?rest_route=\/wp\/v2\/users\/1"}],"replies":[{"embeddable":true,"href":"https:\/\/www.turistamagazine.com\/v2\/index.php?rest_route=%2Fwp%2Fv2%2Fcomments&post=44877"}],"version-history":[{"count":3,"href":"https:\/\/www.turistamagazine.com\/v2\/index.php?rest_route=\/wp\/v2\/posts\/44877\/revisions"}],"predecessor-version":[{"id":44880,"href":"https:\/\/www.turistamagazine.com\/v2\/index.php?rest_route=\/wp\/v2\/posts\/44877\/revisions\/44880"}],"wp:featuredmedia":[{"embeddable":true,"href":"https:\/\/www.turistamagazine.com\/v2\/index.php?rest_route=\/wp\/v2\/media\/44298"}],"wp:attachment":[{"href":"https:\/\/www.turistamagazine.com\/v2\/index.php?rest_route=%2Fwp%2Fv2%2Fmedia&parent=44877"}],"wp:term":[{"taxonomy":"category","embeddable":true,"href":"https:\/\/www.turistamagazine.com\/v2\/index.php?rest_route=%2Fwp%2Fv2%2Fcategories&post=44877"},{"taxonomy":"post_tag","embeddable":true,"href":"https:\/\/www.turistamagazine.com\/v2\/index.php?rest_route=%2Fwp%2Fv2%2Ftags&post=44877"}],"curies":[{"name":"wp","href":"https:\/\/api.w.org\/{rel}","templated":true}]}}