{"id":44736,"date":"2020-04-03T14:02:47","date_gmt":"2020-04-03T19:02:47","guid":{"rendered":"http:\/\/www.turistamagazine.com\/v2\/?p=44736"},"modified":"2020-04-06T12:35:03","modified_gmt":"2020-04-06T17:35:03","slug":"domingo-de-ramos","status":"publish","type":"post","link":"https:\/\/www.turistamagazine.com\/v2\/?p=44736","title":{"rendered":"DOMINGO DE RAMOS"},"content":{"rendered":"<p style=\"text-align: justify;\"><em><span style=\"color: #333399;\"><strong><a href=\"https:\/\/www.turistamagazine.com\/v2\/wp-content\/uploads\/2020\/03\/20200229_173944-copia.jpg\"><img decoding=\"async\" class=\"size-full wp-image-44218 alignleft\" src=\"https:\/\/www.turistamagazine.com\/v2\/wp-content\/uploads\/2020\/03\/20200229_173944-copia.jpg\" alt=\"\" width=\"138\" height=\"160\" \/><\/a>Esta semana Santa ser\u00e1 completamente at\u00edpica por la situaci\u00f3n actual de crisis sanitaria, sin embargo la alegr\u00eda de creer en Jes\u00fas y tener fe no va a disminuir \u00a0ya que cristiano SE ES por vocaci\u00f3n y convicci\u00f3n\u2026 No perdamos la fe en nuestros d\u00edas de Semana Santa, y tratemos de vivir una Semana Santa diferente, la situaci\u00f3n actual nos obliga, a vivirla con m\u00e1s recogimiento y m\u00e1s en familia, tendremos tiempo de analizar con nuestra familia la preciosa historia de la vida de Jes\u00fas, y su entrada triunfal a Jerusal\u00e9n en un humilde borriquito, y su aclamaci\u00f3n como Hijo de Dios. El Domingo de Ramos es el acontecimiento que marca el fin de la Cuaresma y el inicio de la Semana Santa, tiempo en que se celebra la pasi\u00f3n, crucifixi\u00f3n, muerte y resurrecci\u00f3n de Cristo<\/strong><\/span><\/em><\/p>\n<p style=\"text-align: justify;\"><strong>Hay una campa\u00f1a en las redes sociales para que todos los cristiano cat\u00f3licos o no, pongamos una ramita bonita en la puerta de nuestra casa para que los sacerdotes \u00a0de nuestras parroquias pasen y bendigan todas las casas que tengan una rama verde\u2026 no importa la que sea, escoja la m\u00e1s bonita que encuentre y p\u00f3nganla en la puerta de sus casas\u2026 por supuesto que los sacerdotes no van a recorrer todos los barrios, \u00bfPero quien le dice que no?\u2026<\/strong><\/p>\n<p style=\"text-align: justify;\"><em><span style=\"color: #800080;\"><strong>El P. Fernando Urbina, sacerdote de la Capilla Nuestra Se\u00f1ora de F\u00e1tima, ubicada en el centro comercial Mall del Sur en Lima (Per\u00fa) explica: \u00a0\u201cESTAMOS CELEBRANDO PUES LA ENTRADA TRIUNFAL DE JES\u00daS, Y VER PASAR AL SACERDOTE CON EL AGUA BENDITA, TAMBI\u00c9N SIGNIFICA ESO\u201d, <\/strong><\/span><\/em><\/p>\n<p style=\"text-align: justify;\"><strong>El Domingo de Ramos es el d\u00eda en que los cristianos conmemoran la entrada de Jes\u00fas en Jerusal\u00e9n y su aclamaci\u00f3n como Hijo de Dios. \u00a0<em><span style=\"color: #000080;\">En estos d\u00edas tan aciagos que nos toca vivir esta particular Semana Santa, sugerimos hacer un abalance de todos los a\u00f1os que nos ha regalado la vida, y un verdadero y profundo \u00a0acto de contrici\u00f3n, \u00a0ver en que nos equivocamos en nuestro diario vivir en relaci\u00f3n a nuestro pr\u00f3jimo, obnubilados por el poder econ\u00f3mico, intelectual o \u201cstatus\u201d que nos hac\u00eda sentir diferentes de los dem\u00e1s\u2026 Esta Crisis sanitaria nos hizo comprobar lo d\u00e9bil e indefensos que est\u00e1bamos ante un \u201cVirus\u201d que no sabemos a\u00fan a ciencia cierta cu\u00e1l ha sido su origen \u00bf\u2026? En lo que no vamos a insistir ya que no somos un medio de investigaci\u00f3n\u2026 No obstante circulan en la redes \u00a0art\u00edculos de periodistas investigadores reconocidos que dan mucho que pensar\u2026.<\/span><\/em><\/strong><\/p>\n<p style=\"text-align: justify;\"><em><span style=\"color: #800080;\"><strong>Sin m\u00e1s los invitamos donde quiera se encuentren dilectos lectores y amigos, a vivir una Semana Santa con m\u00e1s fe en nuestras creencias y convicciones, con m\u00e1s devoci\u00f3n y Esperanza \u00a0como nunca antes la hemos vivido. AMEN<\/strong><\/span><\/em><\/p>\n<p>&nbsp;<\/p>\n<p style=\"text-align: right;\"><strong>Elena Villar<\/strong><\/p>\n<p style=\"text-align: right;\"><strong>Directora<\/strong><\/p>\n<p style=\"text-align: right;\"><strong>Magister en Turismo<\/strong><\/p>\n<p><a href=\"https:\/\/www.turistamagazine.com\/v2\/wp-content\/uploads\/2017\/04\/descarga-3-1.jpg\"><img decoding=\"async\" class=\"size-full wp-image-28730 aligncenter\" src=\"https:\/\/www.turistamagazine.com\/v2\/wp-content\/uploads\/2017\/04\/descarga-3-1.jpg\" alt=\"\" width=\"160\" height=\"106\" \/><\/a><\/p>\n<p>&nbsp;<\/p>\n<p>&nbsp;<\/p>\n","protected":false},"excerpt":{"rendered":"<p>Esta semana Santa ser\u00e1 completamente at\u00edpica por la situaci\u00f3n actual de crisis sanitaria, sin embargo la alegr\u00eda de creer en Jes\u00fas y tener fe no va a disminuir \u00a0ya que cristiano SE ES por vocaci\u00f3n y convicci\u00f3n\u2026 No perdamos la fe en nuestros d\u00edas de Semana Santa, y tratemos de vivir una Semana Santa diferente, la situaci\u00f3n actual nos obliga, a vivirla con m\u00e1s recogimiento y m\u00e1s en familia, tendremos tiempo de analizar con nuestra familia la preciosa historia de la vida de Jes\u00fas, y su entrada triunfal a Jerusal\u00e9n en un humilde borriquito, y su aclamaci\u00f3n como Hijo de&#8230;<\/p>\n","protected":false},"author":1,"featured_media":44754,"comment_status":"open","ping_status":"open","sticky":false,"template":"","format":"standard","meta":{"footnotes":""},"categories":[90],"tags":[3839,1233,7509,751],"class_list":["post-44736","post","type-post","status-publish","format-standard","has-post-thumbnail","hentry","category-pensando-en-voz-alta","tag-turista-magazine-destinos","tag-domingo-de-ramos","tag-elenita-honores","tag-semana-santa"],"_links":{"self":[{"href":"https:\/\/www.turistamagazine.com\/v2\/index.php?rest_route=\/wp\/v2\/posts\/44736","targetHints":{"allow":["GET"]}}],"collection":[{"href":"https:\/\/www.turistamagazine.com\/v2\/index.php?rest_route=\/wp\/v2\/posts"}],"about":[{"href":"https:\/\/www.turistamagazine.com\/v2\/index.php?rest_route=\/wp\/v2\/types\/post"}],"author":[{"embeddable":true,"href":"https:\/\/www.turistamagazine.com\/v2\/index.php?rest_route=\/wp\/v2\/users\/1"}],"replies":[{"embeddable":true,"href":"https:\/\/www.turistamagazine.com\/v2\/index.php?rest_route=%2Fwp%2Fv2%2Fcomments&post=44736"}],"version-history":[{"count":4,"href":"https:\/\/www.turistamagazine.com\/v2\/index.php?rest_route=\/wp\/v2\/posts\/44736\/revisions"}],"predecessor-version":[{"id":44770,"href":"https:\/\/www.turistamagazine.com\/v2\/index.php?rest_route=\/wp\/v2\/posts\/44736\/revisions\/44770"}],"wp:featuredmedia":[{"embeddable":true,"href":"https:\/\/www.turistamagazine.com\/v2\/index.php?rest_route=\/wp\/v2\/media\/44754"}],"wp:attachment":[{"href":"https:\/\/www.turistamagazine.com\/v2\/index.php?rest_route=%2Fwp%2Fv2%2Fmedia&parent=44736"}],"wp:term":[{"taxonomy":"category","embeddable":true,"href":"https:\/\/www.turistamagazine.com\/v2\/index.php?rest_route=%2Fwp%2Fv2%2Fcategories&post=44736"},{"taxonomy":"post_tag","embeddable":true,"href":"https:\/\/www.turistamagazine.com\/v2\/index.php?rest_route=%2Fwp%2Fv2%2Ftags&post=44736"}],"curies":[{"name":"wp","href":"https:\/\/api.w.org\/{rel}","templated":true}]}}