{"id":44576,"date":"2020-03-25T17:01:13","date_gmt":"2020-03-25T22:01:13","guid":{"rendered":"http:\/\/www.turistamagazine.com\/v2\/?p=44576"},"modified":"2020-03-25T17:01:26","modified_gmt":"2020-03-25T22:01:26","slug":"el-gobierno-del-peru-brinda-alivio-tributario-a-empresas-turisticas","status":"publish","type":"post","link":"https:\/\/www.turistamagazine.com\/v2\/?p=44576","title":{"rendered":"EL GOBIERNO DEL PER\u00da BRINDA ALIVIO TRIBUTARIO A EMPRESAS TUR\u00cdSTICAS"},"content":{"rendered":"<p style=\"text-align: center;\"><span style=\"color: #333399;\"><em>La\u00a0<b>Monta\u00f1a<\/b>\u00a0de los Siete Colores de\u00a0<b>Palccoyo<\/b>\u00a0se ubica al sur del Cusco<\/em><\/span><\/p>\n<p><strong>25\/ 03\/ 2020\/ Lima.- \u00a0\u00a0\u00a0Dado el impacto de la pandemia de coronavirus en la econom\u00eda de Per\u00fa y puntualmente en su sector tur\u00edstico, el Gobierno nacional lanz\u00f3 un paquete de medidas para brindar alivio al sector empresario. No habr\u00e1 sanciones por infracciones tributarias desde el 16 de marzo pasado.<\/strong><\/p>\n<p><strong>La pandemia de COVID-19 est\u00e1 causando estragos en las econom\u00edas de todo el mundo y pr\u00e1cticamente ha paralizado el mercado de viajes a nivel global. Y este es tambi\u00e9n el caso de Per\u00fa.<\/strong><\/p>\n<p><strong>Seg\u00fan vocero del Ministerio de Comercio Exterior y Turismo, la orden de inamovilidad general ha generado un impacto grave para el turismo peruano. Sin embargo, asegur\u00f3 que <em><span style=\"color: #333399;\">\u201cel Estado toma medidas para que los emprendedores puedan sobrellevar la crisis\u201d.<\/span><\/em><\/strong><\/p>\n<p><strong>Durante el primer semestre de 2019, Per\u00fa hab\u00eda recibido 2,2 millones de turistas internacionales, lo que signific\u00f3 un incremento del 1,9% con relaci\u00f3n al a\u00f1o anterior, lo cual resultaba positivo para la actividad, y se preve\u00eda un incremento similar para 2020. Pero la llegada del coronavirus encendi\u00f3 todas las alarmas y el Gobierno debi\u00f3 tomar <em><span style=\"color: #666699;\">\u201cmedidas dr\u00e1sticas para frenar el avance de esta pandemia\u201d\u2026<\/span><\/em><\/strong><\/p>\n","protected":false},"excerpt":{"rendered":"<p>La\u00a0Monta\u00f1a\u00a0de los Siete Colores de\u00a0Palccoyo\u00a0se ubica al sur del Cusco 25\/ 03\/ 2020\/ Lima.- \u00a0\u00a0\u00a0Dado el impacto de la pandemia de coronavirus en la econom\u00eda de Per\u00fa y puntualmente en su sector tur\u00edstico, el Gobierno nacional lanz\u00f3 un paquete de medidas para brindar alivio al sector empresario. No habr\u00e1 sanciones por infracciones tributarias desde el 16 de marzo pasado. La pandemia de COVID-19 est\u00e1 causando estragos en las econom\u00edas de todo el mundo y pr\u00e1cticamente ha paralizado el mercado de viajes a nivel global. Y este es tambi\u00e9n el caso de Per\u00fa. Seg\u00fan vocero del Ministerio de Comercio Exterior y&#8230;<\/p>\n","protected":false},"author":1,"featured_media":44098,"comment_status":"open","ping_status":"open","sticky":false,"template":"","format":"standard","meta":{"footnotes":""},"categories":[4,82],"tags":[134,7926,350,749],"class_list":["post-44576","post","type-post","status-publish","format-standard","has-post-thumbnail","hentry","category-breaking-news","category-nacionales","tag-cusco","tag-martin-vizcarra-presidente-del-peru","tag-mincetur","tag-turistamagazine"],"_links":{"self":[{"href":"https:\/\/www.turistamagazine.com\/v2\/index.php?rest_route=\/wp\/v2\/posts\/44576","targetHints":{"allow":["GET"]}}],"collection":[{"href":"https:\/\/www.turistamagazine.com\/v2\/index.php?rest_route=\/wp\/v2\/posts"}],"about":[{"href":"https:\/\/www.turistamagazine.com\/v2\/index.php?rest_route=\/wp\/v2\/types\/post"}],"author":[{"embeddable":true,"href":"https:\/\/www.turistamagazine.com\/v2\/index.php?rest_route=\/wp\/v2\/users\/1"}],"replies":[{"embeddable":true,"href":"https:\/\/www.turistamagazine.com\/v2\/index.php?rest_route=%2Fwp%2Fv2%2Fcomments&post=44576"}],"version-history":[{"count":2,"href":"https:\/\/www.turistamagazine.com\/v2\/index.php?rest_route=\/wp\/v2\/posts\/44576\/revisions"}],"predecessor-version":[{"id":44578,"href":"https:\/\/www.turistamagazine.com\/v2\/index.php?rest_route=\/wp\/v2\/posts\/44576\/revisions\/44578"}],"wp:featuredmedia":[{"embeddable":true,"href":"https:\/\/www.turistamagazine.com\/v2\/index.php?rest_route=\/wp\/v2\/media\/44098"}],"wp:attachment":[{"href":"https:\/\/www.turistamagazine.com\/v2\/index.php?rest_route=%2Fwp%2Fv2%2Fmedia&parent=44576"}],"wp:term":[{"taxonomy":"category","embeddable":true,"href":"https:\/\/www.turistamagazine.com\/v2\/index.php?rest_route=%2Fwp%2Fv2%2Fcategories&post=44576"},{"taxonomy":"post_tag","embeddable":true,"href":"https:\/\/www.turistamagazine.com\/v2\/index.php?rest_route=%2Fwp%2Fv2%2Ftags&post=44576"}],"curies":[{"name":"wp","href":"https:\/\/api.w.org\/{rel}","templated":true}]}}