{"id":44182,"date":"2020-03-05T20:22:00","date_gmt":"2020-03-06T01:22:00","guid":{"rendered":"http:\/\/www.turistamagazine.com\/v2\/?p=44182"},"modified":"2020-03-05T22:58:07","modified_gmt":"2020-03-06T03:58:07","slug":"cartagena-de-indias-en-el-recuerdo","status":"publish","type":"post","link":"https:\/\/www.turistamagazine.com\/v2\/?p=44182","title":{"rendered":"CARTAGENA DE INDIAS, EN EL RECUERDO"},"content":{"rendered":"<p style=\"text-align: center;\"><em><span style=\"color: #333399;\">Extraordinaria fotograf\u00eda de Cartagena de Indias monumental, con las balconadas que le dan su tono cl\u00e1sico a \u201cla ciudad heroica\u201d de Colombia. F\/ Charly Boitott.<\/span><\/em><\/p>\n<p><em><span style=\"color: #000080;\"><strong>\u201cLos recuerdos son fantasmas que me acechan por doquier, son las cosas que pasaron para nunca mas volver\u201d<\/strong> Conchita Abreu Rascaniere. Maturin, 1978.<\/span><\/em><\/p>\n<p style=\"text-align: center;\"><span style=\"color: #000080;\"><strong>UNA AVENTURA DE INSOSPECHADAS CONSECUENCIAS<\/strong><\/span><\/p>\n<p><strong>\u00a0<\/strong><span style=\"color: #000080;\"><em><strong>Para el Dr. Asdr\u00fabal Angulo Romanovich<\/strong><\/em><\/span><\/p>\n<p style=\"text-align: left;\"><span style=\"color: #000080;\"><em><strong>con todo nuestro mayor afecto. <\/strong><\/em><\/span><\/p>\n<p><strong>\u00a0Por. Antonio-Pedro Tejera Reyes<\/strong><\/p>\n<p style=\"text-align: center;\"><strong><em><span style=\"color: #000080;\">UN PROLOGO NECESARIO<\/span><\/em><\/strong><\/p>\n<p style=\"text-align: justify;\"><strong>Aut\u00e9nticos protagonistas visionarios de lo que hoy es ya Colombia, participamos en el a\u00f1o 1972, en un marathon de las ense\u00f1anzas tur\u00edsticas, dirigiendo un grupo de profesores del <em><span style=\"color: #333399;\">Centro Internacional de Estudios Tur\u00edsticos de Canarias<\/span><\/em>, que recorrieron las ciudades de Bogot\u00e1, Medell\u00edn Cartagena de Indias, Cali y Popay\u00e1n, impartiendo el I Seminario T\u00e9cnico de Turismo, un curso elemental de ense\u00f1anzas del turismo, patrocinados por la Corporaci\u00f3n Nacional de Turismo de Colombia, cuyo \u00e9xito est\u00e1 sencillamente reflejado en el documento que publicamos en este reportaje \u2013 <span style=\"color: #333399;\"><em>\u201cla metodolog\u00eda de estos cursos, lo mismo que la calidad profesional tur\u00edstica de todo el grupo de t\u00e9cnicos, es excepcional\u201d<\/em> &#8211;\u00a0 t<\/span>odo un reconocimiento t\u00e1cito a aquel pr\u00f3logo de lo que, a\u00f1os m\u00e1s tarde ser\u00eda reconocido por el Consejo de Educaci\u00f3n de la Organizaci\u00f3n Mundial del Turismo, como una aut\u00e9ntica gesta inigualable, dentro de las ense\u00f1anzas del turismo mundial.<\/strong><\/p>\n<p style=\"text-align: justify;\"><em><span style=\"color: #333399;\"><strong>Cientos de interesados participantes colombianos, pudieron enterarse de lo que era y como se gestionaba el turismo, desde la puerta de un hotel hasta las m\u00edticas oficinas de un \u201ctour operador\u201d, as\u00ed como la gesti\u00f3n pol\u00edtica-empresarial del nuevo fen\u00f3meno socio-econ\u00f3mico que comenzaba a impulsarse en el mundo, en el cual las Islas Canarias llevaban ya un mensaje de conocimiento que el Centro Internacional de Estudios Tur\u00edsticos de Canarias, con sus escuelas de turismo matizaba, convirtiendo en un laboratorio de experiencias toda una actividad donde profesorado y alumnos se contaban ya por cientos, y que en transcurso de los a\u00f1os han pasado a miles, encontrados en los m\u00e1s remotos lugares de nuestra Am\u00e9rica, y que nos traen mensajes hasta de la lejana Ant\u00e1rtida.<\/strong><\/span><\/em><\/p>\n<p><a href=\"https:\/\/www.turistamagazine.com\/v2\/wp-content\/uploads\/2020\/03\/Reconocimiento.jpg\"><img decoding=\"async\" class=\"size-full wp-image-44187 aligncenter\" src=\"https:\/\/www.turistamagazine.com\/v2\/wp-content\/uploads\/2020\/03\/Reconocimiento.jpg\" alt=\"\" width=\"464\" height=\"640\" srcset=\"https:\/\/www.turistamagazine.com\/v2\/wp-content\/uploads\/2020\/03\/Reconocimiento.jpg 464w, https:\/\/www.turistamagazine.com\/v2\/wp-content\/uploads\/2020\/03\/Reconocimiento-218x300.jpg 218w, https:\/\/www.turistamagazine.com\/v2\/wp-content\/uploads\/2020\/03\/Reconocimiento-305x420.jpg 305w\" sizes=\"(max-width: 464px) 100vw, 464px\" \/><\/a><\/p>\n<p style=\"text-align: justify;\"><strong>Una base y unos principios nacidos en las Islas Canarias, con la filosof\u00eda humanitaria de Rotary Internacional, y sin el m\u00e1s ligero af\u00e1n de lucro, como as\u00ed ha sido durante toda una trayectoria se\u00f1alada por la eficacia y el ideal de servicio.\u00a0 \u00a0\u00a0\u00a0\u00a0\u00a0\u00a0\u00a0\u00a0<\/strong><\/p>\n<p style=\"text-align: justify;\"><span style=\"color: #333399;\"><strong><em>UNA OCASI\u00d3N FRUSTRADA<\/em><\/strong><\/span><\/p>\n<p style=\"text-align: justify;\"><strong>\u00a0<em><span style=\"color: #333399;\">Cartagena de Indias<\/span><\/em> marc\u00f3 un hito en aquel periplo comentado, donde un joven destacado profesional, desde su posici\u00f3n en la Federaci\u00f3n Nacional de Comercio (FENALCO) <em><span style=\"color: #333399;\">Asdr\u00fabal Angulo Romanovich,<\/span><\/em> nos interes\u00f3 en la posibilidad de continuar con la formaci\u00f3n tur\u00edstica en la ciudad. Concretada la situaci\u00f3n, con singulares apoyos, realizamos varios cursos tur\u00edsticos all\u00ed, e incluso abrimos una delegaci\u00f3n de nuestro centro canario, donde matriculamos un buen n\u00famero de alumnos, si bien la actividad qued\u00f3 suspendida por al azote que hemos sufrido toda la vida como es la ignorancia, la infidelidad, la falta de lealtad y la envidia, con lo que se quebr\u00f3 lo que pudo ser hoy otro ejemplo mundial en las ense\u00f1anzas del turismo, dada la extraordinaria proyecci\u00f3n que Cartagena de Indias tiene a nivel mundial como punto de destino tur\u00edstico.\u00a0\u00a0<\/strong><\/p>\n<p style=\"text-align: justify;\"><em><span style=\"color: #333399;\"><strong>COLOMBIA Y SU DESARROLLO\u00a0<\/strong><b>TUR\u00cdSTICO<\/b><\/span><\/em><\/p>\n<div id=\"attachment_44189\" style=\"width: 620px\" class=\"wp-caption aligncenter\"><a href=\"https:\/\/www.turistamagazine.com\/v2\/wp-content\/uploads\/2020\/03\/El-Castillos-san-Felipe.jpg\"><img decoding=\"async\" aria-describedby=\"caption-attachment-44189\" class=\"wp-image-44189\" src=\"https:\/\/www.turistamagazine.com\/v2\/wp-content\/uploads\/2020\/03\/El-Castillos-san-Felipe.jpg\" alt=\"El Castillo de San Felipe, valiosa pieza hist\u00f3rica de Cartagena de Indias, hoy con una cuidada conservaci\u00f3n como aut\u00e9ntica reliquia de atracci\u00f3n en su promoci\u00f3n tur\u00edstica mundial.\" width=\"610\" height=\"458\" srcset=\"https:\/\/www.turistamagazine.com\/v2\/wp-content\/uploads\/2020\/03\/El-Castillos-san-Felipe.jpg 800w, https:\/\/www.turistamagazine.com\/v2\/wp-content\/uploads\/2020\/03\/El-Castillos-san-Felipe-300x225.jpg 300w, https:\/\/www.turistamagazine.com\/v2\/wp-content\/uploads\/2020\/03\/El-Castillos-san-Felipe-768x576.jpg 768w, https:\/\/www.turistamagazine.com\/v2\/wp-content\/uploads\/2020\/03\/El-Castillos-san-Felipe-560x420.jpg 560w\" sizes=\"(max-width: 610px) 100vw, 610px\" \/><\/a><p id=\"caption-attachment-44189\" class=\"wp-caption-text\"><em><span style=\"color: #333399;\">El Castillo de San Felipe, valiosa pieza hist\u00f3rica de Cartagena de Indias, hoy con una cuidada conservaci\u00f3n como aut\u00e9ntica reliquia de atracci\u00f3n en su promoci\u00f3n tur\u00edstica mundial.<\/span><\/em><\/p><\/div>\n<p style=\"text-align: justify;\"><strong>Colombia, ese pa\u00eds donde <span style=\"color: #333399;\"><em>\u201cel riesgo es que te quieras quedar\u201d<\/em><\/span> ha sido todos estos a\u00f1os una constante en nuestros estudios tur\u00edsticos siguiendo su evoluci\u00f3n como un modelo, para comprobar los elementos que perturban y entorpecen el desarrollo del turismo, y cu\u00e1les son las mejores soluciones para erradicarlos, teniendo en cuenta que el turismo es de lejos la f\u00f3rmula ideal para conseguir un mundo en paz.<\/strong><\/p>\n<p style=\"text-align: justify;\"><em><span style=\"color: #333399;\"><strong>Hoy Colombia presume de ese slogan tan atractivo e ingenioso que se\u00f1alamos, como un regalo que sus dirigentes pol\u00edticos han sabido darle a la naci\u00f3n, donde Cartagena de Indias se ha convertido en la joya tur\u00edstica que predec\u00edamos all\u00e1, en esos a\u00f1os setenta del pasado siglo, donde era una aut\u00e9ntica aventura so\u00f1ar con lo que hay muestran las fotograf\u00edas que ilustran este reportaje.<\/strong><\/span><\/em><\/p>\n<p style=\"text-align: justify;\"><strong>Desde la frontera de Venezuela, en la recordada C\u00facuta \u2013 donde incluso hemos sido condecorados \u2013 hasta ese Ipiales, all\u00e1 con Ecuador al lado, son cientos los kil\u00f3metros que hemos recorrido por tierra, mar y aire en ese hermoso pa\u00eds cafetero.<\/strong><\/p>\n<div id=\"attachment_44190\" style=\"width: 620px\" class=\"wp-caption aligncenter\"><a href=\"https:\/\/www.turistamagazine.com\/v2\/wp-content\/uploads\/2020\/03\/cartagena-desde-el-aire.jpg\"><img decoding=\"async\" aria-describedby=\"caption-attachment-44190\" class=\"wp-image-44190\" src=\"https:\/\/www.turistamagazine.com\/v2\/wp-content\/uploads\/2020\/03\/cartagena-desde-el-aire.jpg\" alt=\"\" width=\"610\" height=\"381\" srcset=\"https:\/\/www.turistamagazine.com\/v2\/wp-content\/uploads\/2020\/03\/cartagena-desde-el-aire.jpg 800w, https:\/\/www.turistamagazine.com\/v2\/wp-content\/uploads\/2020\/03\/cartagena-desde-el-aire-300x188.jpg 300w, https:\/\/www.turistamagazine.com\/v2\/wp-content\/uploads\/2020\/03\/cartagena-desde-el-aire-768x480.jpg 768w, https:\/\/www.turistamagazine.com\/v2\/wp-content\/uploads\/2020\/03\/cartagena-desde-el-aire-672x420.jpg 672w, https:\/\/www.turistamagazine.com\/v2\/wp-content\/uploads\/2020\/03\/cartagena-desde-el-aire-610x381.jpg 610w, https:\/\/www.turistamagazine.com\/v2\/wp-content\/uploads\/2020\/03\/cartagena-desde-el-aire-158x100.jpg 158w\" sizes=\"(max-width: 610px) 100vw, 610px\" \/><\/a><p id=\"caption-attachment-44190\" class=\"wp-caption-text\"><span style=\"color: #333399;\"><em>Espectacular fotograf\u00eda a\u00e9rea de Cartagena de Indias, todo un complejo tur\u00edstico nacido en los \u00faltimos cincuenta a\u00f1os que ha transformado \u201cla ciudad hist\u00f3rica\u201d en uno de los destinos tur\u00edsticos m\u00e1s apetecibles del mundo.<\/em><\/span><\/p><\/div>\n<p style=\"text-align: justify;\"><strong>Los recursos tur\u00edsticos del pa\u00eds son inmensos, y sus preciadas <span style=\"color: #333399;\"><em>\u201cse\u00f1as de identidad\u201d<\/em><\/span> van de lado a otro sorprendi\u00e9ndonos a cada instante, desde la <em><span style=\"color: #333399;\">Catedral de Sal de Zipaquir\u00e1,<\/span><\/em> hasta la preciosa recoleta iglesia\u00a0 de Barichara <span style=\"color: #333399;\"><em>\u201cel pueblo m\u00e1s bonito de Colombia\u201d\u2026<\/em><\/span> Todo es un encanto en este pa\u00eds que para hacer que lo queramos m\u00e1s todav\u00eda, tiene en Bogot\u00e1 el t\u00edpico Barrio de la Candelaria con una emocionante para nosotros Calle de la Rosa, su iglesia, y su hist\u00f3rica Plaza Bol\u00edvar, donde cientos de palomas nos dir\u00edan que la ciudad tiene de todo como lo tiene Roma, Paris, el mism\u00edsimo R\u00edo de Janeiro, o Buenos Aires, hasta las palomas revoloteando a nuestro alrededor, s\u00edmbolo permanente de la Paz.<\/strong><\/p>\n<p style=\"text-align: justify;\"><span style=\"color: #333399;\"><strong><em>Ese singular destino tur\u00edstico americano: Colombia, abre sus puertas a la historia de su desarrollo tur\u00edstico en Cartagena de Indias.\u00a0<\/em><\/strong><\/span><\/p>\n<div id=\"attachment_44183\" style=\"width: 620px\" class=\"wp-caption aligncenter\"><a href=\"https:\/\/www.turistamagazine.com\/v2\/wp-content\/uploads\/2020\/03\/balcones.jpg\"><img decoding=\"async\" aria-describedby=\"caption-attachment-44183\" class=\"wp-image-44183\" src=\"https:\/\/www.turistamagazine.com\/v2\/wp-content\/uploads\/2020\/03\/balcones.jpg\" alt=\"\" width=\"610\" height=\"463\" srcset=\"https:\/\/www.turistamagazine.com\/v2\/wp-content\/uploads\/2020\/03\/balcones.jpg 960w, https:\/\/www.turistamagazine.com\/v2\/wp-content\/uploads\/2020\/03\/balcones-300x228.jpg 300w, https:\/\/www.turistamagazine.com\/v2\/wp-content\/uploads\/2020\/03\/balcones-768x582.jpg 768w, https:\/\/www.turistamagazine.com\/v2\/wp-content\/uploads\/2020\/03\/balcones-554x420.jpg 554w\" sizes=\"(max-width: 610px) 100vw, 610px\" \/><\/a><p id=\"caption-attachment-44183\" class=\"wp-caption-text\"><em><span style=\"color: #333399;\">Una estampa mas de las calles balconadas de Cartagena de Indias, donde se puede observar el cuidado y el respeto de su arquitectura moderna al estilo tradicional, conservando la m\u00edstica del paisaje colonial de la ciudad. <\/span><\/em><\/p><\/div>\n<p style=\"text-align: justify;\"><strong>\u00a0<\/strong><em><span style=\"color: #333399;\"><strong>CARTAGENA DE INDIAS: UN SUE\u00d1O<\/strong><\/span><\/em><\/p>\n<p style=\"text-align: justify;\"><em><span style=\"color: #333399;\"><strong>\u201cCartagena es una ciudad portuaria en la costa caribe\u00f1a de Colombia, con un censo de m\u00e1s de 900.000 habitantes (2020). Junto al mar, se encuentra la Ciudad Vieja amurallada, que se fund\u00f3 en el siglo XVI, con plazas, calles de adoquines y edificios coloniales coloridos. Con un clima tropical, la ciudad tambi\u00e9n es un destino popular por sus playas. Se puede llegar en bote a la Isla de Bar\u00fa, con playas de arena blanca y palmeras, y a las Islas del Rosario, famosas por sus arrecifes de coral.\u201d<\/strong><\/span><\/em><\/p>\n<div id=\"attachment_44191\" style=\"width: 620px\" class=\"wp-caption aligncenter\"><a href=\"https:\/\/www.turistamagazine.com\/v2\/wp-content\/uploads\/2020\/03\/Cartagena-2.jpg\"><img decoding=\"async\" aria-describedby=\"caption-attachment-44191\" class=\"wp-image-44191\" src=\"https:\/\/www.turistamagazine.com\/v2\/wp-content\/uploads\/2020\/03\/Cartagena-2.jpg\" alt=\"\" width=\"610\" height=\"392\" srcset=\"https:\/\/www.turistamagazine.com\/v2\/wp-content\/uploads\/2020\/03\/Cartagena-2.jpg 700w, https:\/\/www.turistamagazine.com\/v2\/wp-content\/uploads\/2020\/03\/Cartagena-2-300x193.jpg 300w, https:\/\/www.turistamagazine.com\/v2\/wp-content\/uploads\/2020\/03\/Cartagena-2-653x420.jpg 653w, https:\/\/www.turistamagazine.com\/v2\/wp-content\/uploads\/2020\/03\/Cartagena-2-610x392.jpg 610w\" sizes=\"(max-width: 610px) 100vw, 610px\" \/><\/a><p id=\"caption-attachment-44191\" class=\"wp-caption-text\"><em><span style=\"color: #333399;\">El consabido contraste con la presencia de la arquitectura colonial, frente a un horizonte de rascacielos, un aspecto diferencial que en Cartagena de Indias se conserva en gran parte de la ciudad.<\/span><\/em><\/p><\/div>\n<p style=\"text-align: justify;\"><span style=\"color: #333399;\"><strong><em>\u201cCartagena de Indias\u00a0fue fundado el 1 de junio de 1533 por Pedro Heredia.\u00a0Cartagena\u00a0se volvi\u00f3 pr\u00f3spera debido a la exportaci\u00f3n de oro, de esmeraldas y otras riquezas.\u201d <\/em><\/strong><\/span><\/p>\n<p style=\"text-align: justify;\"><strong><span style=\"color: #333399;\"><em>\u201cLa Ciudad Heroica\u2019<\/em>,<\/span> como es conocida\u00a0<em>Cartagena<\/em>, suma a los encantos de su arquitectura colonial, los atractivos de una intensa vida nocturna, festivales culturales y paisajes exuberantes. Las playas de la ciudad te invitan a hacer turismo, descansar y divertirte con la refrescante brisa y las tibias aguas del mar Caribe.\u201d<\/strong><\/p>\n<p style=\"text-align: justify;\"><span style=\"color: #333399;\"><strong><em>\u201cCartagena\u00a0cuenta con una excelente oferta gastron\u00f3mica y una importante infraestructura hotelera y tur\u00edstica.\u201d<\/em><\/strong><\/span><\/p>\n<p style=\"text-align: justify;\"><span style=\"color: #333399;\"><strong><em>\u201cFant\u00e1stico destino, guarda los secretos de la historia en sus murallas, en sus balcones y en sus angostos caminos de piedra que sirvieron de inspiraci\u00f3n a\u00a0Gabriel Garc\u00eda M\u00e1rquez, ganador del premio Nobel de Literatura en 1982.\u201d<\/em><\/strong><\/span><\/p>\n<p style=\"text-align: justify;\"><span style=\"color: #333399;\"><strong><em>\u201cEnmarcada por una hermosa bah\u00eda,\u00a0<\/em><em>Cartagena\u00a0<\/em><em>de Indias es una de las ciudades m\u00e1s bellas y mejor conservadas de Am\u00e9rica; un tesoro que, hoy en d\u00eda, es uno de los\u00a0<\/em><em>destinos tur\u00edsticos<\/em><em>\u00a0m\u00e1s visitados de Colombia.\u201d<\/em><\/strong><\/span><\/p>\n<div id=\"attachment_44192\" style=\"width: 620px\" class=\"wp-caption aligncenter\"><a href=\"https:\/\/www.turistamagazine.com\/v2\/wp-content\/uploads\/2020\/03\/cartagena.jpg\"><img decoding=\"async\" aria-describedby=\"caption-attachment-44192\" class=\"wp-image-44192\" src=\"https:\/\/www.turistamagazine.com\/v2\/wp-content\/uploads\/2020\/03\/cartagena.jpg\" alt=\"\" width=\"610\" height=\"406\" srcset=\"https:\/\/www.turistamagazine.com\/v2\/wp-content\/uploads\/2020\/03\/cartagena.jpg 800w, https:\/\/www.turistamagazine.com\/v2\/wp-content\/uploads\/2020\/03\/cartagena-300x200.jpg 300w, https:\/\/www.turistamagazine.com\/v2\/wp-content\/uploads\/2020\/03\/cartagena-768x512.jpg 768w, https:\/\/www.turistamagazine.com\/v2\/wp-content\/uploads\/2020\/03\/cartagena-630x420.jpg 630w, https:\/\/www.turistamagazine.com\/v2\/wp-content\/uploads\/2020\/03\/cartagena-610x406.jpg 610w\" sizes=\"(max-width: 610px) 100vw, 610px\" \/><\/a><p id=\"caption-attachment-44192\" class=\"wp-caption-text\"><em><span style=\"color: #333399;\">Una estampa mas de las calles balconadas de Cartagena de Indias, donde se puede observar el cuidado y el respeto de su arquitectura moderna al estilo tradicional, conservando la m\u00edstica del paisaje colonial de la ciudad. <\/span><\/em><\/p><\/div>\n<p style=\"text-align: justify;\"><span style=\"color: #333399;\"><strong>INOLVIDABLE CARTAGENA<\/strong><\/span><\/p>\n<p style=\"text-align: justify;\"><strong>El aterrizaje en el aeropuerto de Cartagena que tenemos grabado en pel\u00edcula super 8, a bordo de un avi\u00f3n de AVIANCA, sentado en el trasport\u00edn de la cabina de los pilotos, es una de las\u00a0 piezas inolvidables de nuestra vida tur\u00edstica.<\/strong><\/p>\n<p style=\"text-align: justify;\"><strong>Era nuestra entrada en un para\u00edso tur\u00edstico al que le llegamos hasta sus propias entra\u00f1as en San Jacinto y su rustica plaza \u2013 <span style=\"color: #333399;\"><em>\u201cSi t\u00fa vas a San Jacinto no te pares en la plaza, porque all\u00ed se est\u00e1n matando los Lora y los Barraza\u201d<\/em><\/span> \u2013 con sus leyendas y sus artes artesanas, de las cuales nos preciamos de conservar algunas peque\u00f1as muestras, al igual que de los corales de la isla de Bar\u00fa, cuya visita fue otra de nuestras m\u00e1s intr\u00e9pidas aventuras.<\/strong><\/p>\n<div id=\"attachment_44193\" style=\"width: 620px\" class=\"wp-caption aligncenter\"><a href=\"https:\/\/www.turistamagazine.com\/v2\/wp-content\/uploads\/2020\/03\/Playas.jpg\"><img decoding=\"async\" aria-describedby=\"caption-attachment-44193\" class=\"wp-image-44193\" src=\"https:\/\/www.turistamagazine.com\/v2\/wp-content\/uploads\/2020\/03\/Playas.jpg\" alt=\"\" width=\"610\" height=\"418\" srcset=\"https:\/\/www.turistamagazine.com\/v2\/wp-content\/uploads\/2020\/03\/Playas.jpg 640w, https:\/\/www.turistamagazine.com\/v2\/wp-content\/uploads\/2020\/03\/Playas-300x206.jpg 300w, https:\/\/www.turistamagazine.com\/v2\/wp-content\/uploads\/2020\/03\/Playas-612x420.jpg 612w, https:\/\/www.turistamagazine.com\/v2\/wp-content\/uploads\/2020\/03\/Playas-610x418.jpg 610w\" sizes=\"(max-width: 610px) 100vw, 610px\" \/><\/a><p id=\"caption-attachment-44193\" class=\"wp-caption-text\"><em><span style=\"color: #333399;\">El sue\u00f1o europeo de las playas caribe\u00f1as, de doradas arenas y grandes cocoteros, se cumple con profusi\u00f3n en el litoral de Cartagena de Indias, con hermosas postales llenas de un alto atractivo para el turismo del norte<\/span><\/em><\/p><\/div>\n<p style=\"text-align: justify;\"><strong>Todo un c\u00famulo o de recuerdos que nos hacen so\u00f1ar con aquellos manjares gastron\u00f3micos t\u00edpicos del elegante Club Cartagena, las impresionantes langostas o el ron Tres Esquinas\u2026<\/strong><\/p>\n<p style=\"text-align: justify;\"><strong>La colecci\u00f3n de botellas de whisky de nuestro recordado amigo Jos\u00e9 Mar\u00eda Velloj\u00edn, nos dej\u00f3 impresionados, al igual que el veh\u00edculo que su familia llamaba \u201cla perica\u201d una ranchera que un inolvidable noche conduje por la calles de la ciudad amurallada disfrutando de un clima maravilloso y una compa\u00f1\u00eda excepcional, all\u00ed, en ese rinc\u00f3n del mundo hoy destino tur\u00edstico de excelencia donde los haya, el que nunca podemos olvidar.<\/strong><\/p>\n<div id=\"attachment_44194\" style=\"width: 620px\" class=\"wp-caption aligncenter\"><a href=\"https:\/\/www.turistamagazine.com\/v2\/wp-content\/uploads\/2020\/03\/innovaci\u00f3n.jpg\"><img decoding=\"async\" aria-describedby=\"caption-attachment-44194\" class=\"wp-image-44194\" src=\"https:\/\/www.turistamagazine.com\/v2\/wp-content\/uploads\/2020\/03\/innovaci\u00f3n.jpg\" alt=\"\" width=\"610\" height=\"384\" srcset=\"https:\/\/www.turistamagazine.com\/v2\/wp-content\/uploads\/2020\/03\/innovaci\u00f3n.jpg 640w, https:\/\/www.turistamagazine.com\/v2\/wp-content\/uploads\/2020\/03\/innovaci\u00f3n-300x189.jpg 300w, https:\/\/www.turistamagazine.com\/v2\/wp-content\/uploads\/2020\/03\/innovaci\u00f3n-610x384.jpg 610w, https:\/\/www.turistamagazine.com\/v2\/wp-content\/uploads\/2020\/03\/innovaci\u00f3n-158x100.jpg 158w\" sizes=\"(max-width: 610px) 100vw, 610px\" \/><\/a><p id=\"caption-attachment-44194\" class=\"wp-caption-text\"><span style=\"color: #333399;\"><em>Innovaci\u00f3n en las playas de Cartagena de Indias con estos aut\u00e9nticos lugares de descanso que nos traen el recuerdo un hotel en Canc\u00fan, honestos \u201cdormitorios\u201d en la propia recepci\u00f3n de entrada, frente a un bien surtido bar&#8230;<\/em><\/span><\/p><\/div>\n<p style=\"text-align: justify;\"><strong>Hoy, so\u00f1amos con todo este conglomerado de recuerdos deleit\u00e1ndonos con la m\u00fasica del viejo disco Homenaje a Cartagena, que conservamos celosamente, escuchando\u2026<em><span style=\"color: #333399;\">\u00abUna noche en Cartagena\u00bb<\/span><\/em>, pero contigo&#8230; las estrellas y la luna..<\/strong><\/p>\n<p style=\"text-align: justify;\"><em><span style=\"color: #333399;\"><strong>Recordar tantas cosas buenas es vivir&#8230; Es como una revancha&#8230;<\/strong><\/span><\/em><\/p>\n<p style=\"text-align: justify;\"><strong>*Del Grupo de Expertos de la Organizaci\u00f3n Mundial del Turismo, de las Naciones Unidas. ONU,<\/strong><\/p>\n<p>&nbsp;<\/p>\n<p>&nbsp;<\/p>\n","protected":false},"excerpt":{"rendered":"<p>Extraordinaria fotograf\u00eda de Cartagena de Indias monumental, con las balconadas que le dan su tono cl\u00e1sico a \u201cla ciudad heroica\u201d de Colombia. F\/ Charly Boitott. \u201cLos recuerdos son fantasmas que me acechan por doquier, son las cosas que pasaron para nunca mas volver\u201d Conchita Abreu Rascaniere. Maturin, 1978. UNA AVENTURA DE INSOSPECHADAS CONSECUENCIAS \u00a0Para el Dr. Asdr\u00fabal Angulo Romanovich con todo nuestro mayor afecto. \u00a0Por. Antonio-Pedro Tejera Reyes UN PROLOGO NECESARIO Aut\u00e9nticos protagonistas visionarios de lo que hoy es ya Colombia, participamos en el a\u00f1o 1972, en un marathon de las ense\u00f1anzas tur\u00edsticas, dirigiendo un grupo de profesores del Centro&#8230;<\/p>\n","protected":false},"author":1,"featured_media":44185,"comment_status":"open","ping_status":"open","sticky":false,"template":"","format":"standard","meta":{"footnotes":""},"categories":[85],"tags":[284,499,206,6132,749],"class_list":["post-44182","post","type-post","status-publish","format-standard","has-post-thumbnail","hentry","category-colum-invitados","tag-antonio-pedro-tejera-reyes","tag-cartagena-de-indias","tag-colombia","tag-portal-de-noticias-turistamagazine","tag-turistamagazine"],"_links":{"self":[{"href":"https:\/\/www.turistamagazine.com\/v2\/index.php?rest_route=\/wp\/v2\/posts\/44182","targetHints":{"allow":["GET"]}}],"collection":[{"href":"https:\/\/www.turistamagazine.com\/v2\/index.php?rest_route=\/wp\/v2\/posts"}],"about":[{"href":"https:\/\/www.turistamagazine.com\/v2\/index.php?rest_route=\/wp\/v2\/types\/post"}],"author":[{"embeddable":true,"href":"https:\/\/www.turistamagazine.com\/v2\/index.php?rest_route=\/wp\/v2\/users\/1"}],"replies":[{"embeddable":true,"href":"https:\/\/www.turistamagazine.com\/v2\/index.php?rest_route=%2Fwp%2Fv2%2Fcomments&post=44182"}],"version-history":[{"count":7,"href":"https:\/\/www.turistamagazine.com\/v2\/index.php?rest_route=\/wp\/v2\/posts\/44182\/revisions"}],"predecessor-version":[{"id":44201,"href":"https:\/\/www.turistamagazine.com\/v2\/index.php?rest_route=\/wp\/v2\/posts\/44182\/revisions\/44201"}],"wp:featuredmedia":[{"embeddable":true,"href":"https:\/\/www.turistamagazine.com\/v2\/index.php?rest_route=\/wp\/v2\/media\/44185"}],"wp:attachment":[{"href":"https:\/\/www.turistamagazine.com\/v2\/index.php?rest_route=%2Fwp%2Fv2%2Fmedia&parent=44182"}],"wp:term":[{"taxonomy":"category","embeddable":true,"href":"https:\/\/www.turistamagazine.com\/v2\/index.php?rest_route=%2Fwp%2Fv2%2Fcategories&post=44182"},{"taxonomy":"post_tag","embeddable":true,"href":"https:\/\/www.turistamagazine.com\/v2\/index.php?rest_route=%2Fwp%2Fv2%2Ftags&post=44182"}],"curies":[{"name":"wp","href":"https:\/\/api.w.org\/{rel}","templated":true}]}}