{"id":4406,"date":"2014-05-09T08:45:13","date_gmt":"2014-05-09T13:45:13","guid":{"rendered":"http:\/\/www.turistamagazine.com\/v2\/?p=4406"},"modified":"2014-05-09T08:45:13","modified_gmt":"2014-05-09T13:45:13","slug":"brasil-vicente-neto-nuevo-presidente-de-embratur","status":"publish","type":"post","link":"https:\/\/www.turistamagazine.com\/v2\/?p=4406","title":{"rendered":"BRASIL: VICENTE NETO, NUEVO PRESIDENTE DE EMBRATUR"},"content":{"rendered":"<p>El Instituto Brasile\u00f1o de Turismo (Embratur) ha nombrado a Vicente Neto como nuevo presidente del organismo de promoci\u00f3n, con el que ven\u00eda colaborando como asesor especial desde el pasado a\u00f1o.<\/p>\n<p>Neto tiene 48 a\u00f1os, es licenciado en Derecho y ha realizado un postgrado en Administraci\u00f3n. Es funcionario de la Universidad Federal de Bah\u00eda desde 1985 y a lo largo de su carrera profesional ha ocupado diferentes cargos en el \u00e1mbito pol\u00edtico, como el de secretario nacional de Deporte, Educaci\u00f3n, Ocio y\u00a0 Asuntos Sociales en el Ministerio de Deportes, donde anteriormente hab\u00eda ocupado el cargo de jefe de gabinete.<\/p>\n<p>En Bah\u00eda, fue secretario de Cultura, Ocio y Deporte del Ayuntamiento de Lauro de Freitas y secretario de Planificaci\u00f3n Urbana y Desarrollo Econ\u00f3mico de S\u00e3o Sebasti\u00e3o do Pass\u00e9.<\/p>\n<p>Entre 1989 y 2004, fue dirigente de la Central \u00danica de los Trabajadores de Bah\u00eda, coordinador de formaci\u00f3n del Sindicato de Trabajadores de la Educaci\u00f3n Superior del Estado de Bah\u00eda, coordinador general del Sindicato de los Funcionarios de la Universidad Federal de Bah\u00eda, y coordinador general de la Federaci\u00f3n Nacional de los Funcionarios de las Universidades Brasile\u00f1as.<\/p>\n<p>F\/Hosteltur<\/p>\n","protected":false},"excerpt":{"rendered":"<p>El Instituto Brasile\u00f1o de Turismo (Embratur) ha nombrado a Vicente Neto como nuevo presidente del organismo de promoci\u00f3n, con el que ven\u00eda colaborando como asesor especial desde el pasado a\u00f1o. Neto tiene 48 a\u00f1os, es licenciado en Derecho y ha realizado un postgrado en Administraci\u00f3n. Es funcionario de la Universidad Federal de Bah\u00eda desde 1985 y a lo largo de su carrera profesional ha ocupado diferentes cargos en el \u00e1mbito pol\u00edtico, como el de secretario nacional de Deporte, Educaci\u00f3n, Ocio y\u00a0 Asuntos Sociales en el Ministerio de Deportes, donde anteriormente hab\u00eda ocupado el cargo de jefe de gabinete. En Bah\u00eda,&#8230;<\/p>\n","protected":false},"author":1,"featured_media":0,"comment_status":"open","ping_status":"open","sticky":false,"template":"","format":"standard","meta":{"footnotes":""},"categories":[4,84],"tags":[115,116,686],"class_list":["post-4406","post","type-post","status-publish","format-standard","hentry","category-breaking-news","category-internacionales","tag-brasil","tag-embratur","tag-turismo-brasilero"],"_links":{"self":[{"href":"https:\/\/www.turistamagazine.com\/v2\/index.php?rest_route=\/wp\/v2\/posts\/4406","targetHints":{"allow":["GET"]}}],"collection":[{"href":"https:\/\/www.turistamagazine.com\/v2\/index.php?rest_route=\/wp\/v2\/posts"}],"about":[{"href":"https:\/\/www.turistamagazine.com\/v2\/index.php?rest_route=\/wp\/v2\/types\/post"}],"author":[{"embeddable":true,"href":"https:\/\/www.turistamagazine.com\/v2\/index.php?rest_route=\/wp\/v2\/users\/1"}],"replies":[{"embeddable":true,"href":"https:\/\/www.turistamagazine.com\/v2\/index.php?rest_route=%2Fwp%2Fv2%2Fcomments&post=4406"}],"version-history":[{"count":3,"href":"https:\/\/www.turistamagazine.com\/v2\/index.php?rest_route=\/wp\/v2\/posts\/4406\/revisions"}],"predecessor-version":[{"id":4409,"href":"https:\/\/www.turistamagazine.com\/v2\/index.php?rest_route=\/wp\/v2\/posts\/4406\/revisions\/4409"}],"wp:attachment":[{"href":"https:\/\/www.turistamagazine.com\/v2\/index.php?rest_route=%2Fwp%2Fv2%2Fmedia&parent=4406"}],"wp:term":[{"taxonomy":"category","embeddable":true,"href":"https:\/\/www.turistamagazine.com\/v2\/index.php?rest_route=%2Fwp%2Fv2%2Fcategories&post=4406"},{"taxonomy":"post_tag","embeddable":true,"href":"https:\/\/www.turistamagazine.com\/v2\/index.php?rest_route=%2Fwp%2Fv2%2Ftags&post=4406"}],"curies":[{"name":"wp","href":"https:\/\/api.w.org\/{rel}","templated":true}]}}