{"id":44040,"date":"2020-02-26T12:21:48","date_gmt":"2020-02-26T17:21:48","guid":{"rendered":"http:\/\/www.turistamagazine.com\/v2\/?p=44040"},"modified":"2020-02-26T12:21:48","modified_gmt":"2020-02-26T17:21:48","slug":"se-inauguro-la-vitrina-turistica-anato-2020-en-colombia-con-peru-como-pais-invitado-de-honor","status":"publish","type":"post","link":"https:\/\/www.turistamagazine.com\/v2\/?p=44040","title":{"rendered":"SE INAUGUR\u00d3 LA VITRINA TUR\u00cdSTICA ANATO 2020 EN COLOMBIA CON PER\u00da COMO PA\u00cdS INVITADO DE HONOR"},"content":{"rendered":"<p style=\"text-align: justify;\"><span style=\"color: #333399;\"><em><strong>26\/02\/2020\/ Bogot\u00e1.-Con la participaci\u00f3n de 3,528 expositores procedentes de 36 pa\u00edses se inaugur\u00f3 la Vitrina Tur\u00edstica Anato 2020 con Per\u00fa como pa\u00eds invitado de honor, lo cual ha permitido un gran despliegue de nuestra marca pa\u00eds y de nuestros principales atractivos tur\u00edsticos en esta ciudad.<\/strong><\/em><\/span><\/p>\n<p style=\"text-align: justify;\"><span style=\"color: #333399;\"><em><strong>Esta feria se realizar\u00e1 hasta el viernes y ha generado una gran expectativa entre los empresarios del sector debido a que se trata de una plataforma reconocida en el mundo por su trayectoria y la generaci\u00f3n de oportunidades para hacer negocios.<\/strong><\/em><\/span><\/p>\n<p style=\"text-align: justify;\"><span style=\"color: #333399;\"><em><strong>La \u00a0ceremonia fue inaugurada por \u00a0presidente de Colombia Iv\u00e1n Duque. Luego de ello se inaugur\u00f3 el pabell\u00f3n peruano para lo cual se tiene previsto una gran cobertura period\u00edstica.<\/strong><\/em><\/span><\/p>\n<p style=\"text-align: justify;\"><span style=\"color: #333399;\"><em><strong>En esta ocasi\u00f3n, el Per\u00fa tiene la oportunidad de exponer lo mejor de su cultura con una amplia exposici\u00f3n dentro del recinto ferial.<\/strong><\/em><\/span><\/p>\n<p style=\"text-align: justify;\"><span style=\"color: #333399;\"><em><strong>Potencial<\/strong><\/em><\/span><\/p>\n<p style=\"text-align: justify;\"><span style=\"color: #333399;\"><em><strong>El \u00a0flujo tur\u00edstico entre el Per\u00fa y Colombia se ha visto reforzado en gran parte por el incremento de frecuencias entre las dos naciones.<\/strong><\/em><\/span><\/p>\n<div id=\"attachment_44042\" style=\"width: 610px\" class=\"wp-caption aligncenter\"><a href=\"https:\/\/www.turistamagazine.com\/v2\/wp-content\/uploads\/2020\/02\/87411060_3357519237608619_2837540834969124864_o.jpg\"><img decoding=\"async\" aria-describedby=\"caption-attachment-44042\" class=\"wp-image-44042\" src=\"https:\/\/www.turistamagazine.com\/v2\/wp-content\/uploads\/2020\/02\/87411060_3357519237608619_2837540834969124864_o.jpg\" alt=\"\" width=\"600\" height=\"400\" srcset=\"https:\/\/www.turistamagazine.com\/v2\/wp-content\/uploads\/2020\/02\/87411060_3357519237608619_2837540834969124864_o.jpg 800w, https:\/\/www.turistamagazine.com\/v2\/wp-content\/uploads\/2020\/02\/87411060_3357519237608619_2837540834969124864_o-300x200.jpg 300w, https:\/\/www.turistamagazine.com\/v2\/wp-content\/uploads\/2020\/02\/87411060_3357519237608619_2837540834969124864_o-768x512.jpg 768w, https:\/\/www.turistamagazine.com\/v2\/wp-content\/uploads\/2020\/02\/87411060_3357519237608619_2837540834969124864_o-630x420.jpg 630w, https:\/\/www.turistamagazine.com\/v2\/wp-content\/uploads\/2020\/02\/87411060_3357519237608619_2837540834969124864_o-610x406.jpg 610w\" sizes=\"(max-width: 600px) 100vw, 600px\" \/><\/a><p id=\"caption-attachment-44042\" class=\"wp-caption-text\"><em><span style=\"color: #0000ff;\">Presidenta ejecutiva de la Asociaci\u00f3n Colombiana de Agencias de Viaje y Turismo (Anato), Paula Cort\u00e9s.<\/span><\/em><\/p><\/div>\n<p style=\"text-align: justify;\"><span style=\"color: #333399;\"><em><strong>En la actualidad se cuenta con 95 frecuencias semanales. <span style=\"color: #0000ff;\">\u201cSabemos que con Per\u00fa, como pa\u00eds invitado a nuestra Vitrina Tur\u00edstica, lograremos que se dinamice m\u00e1s el turismo entre ambas naciones. La comercializaci\u00f3n de los productos y servicios del pa\u00eds vecino, ser\u00e1n un importante insumo para trabajar conjuntamente en el dise\u00f1o de paquetes de nuestras Agencias de viajes que motiven la llegada de m\u00e1s turistas de Per\u00fa y la salida de colombianos hacia dicho pa\u00eds\u201d, subray\u00f3 la presidenta ejecutiva de la Asociaci\u00f3n Colombiana de Agencias de Viaje y Turismo (Anato), Paula Cort\u00e9s.<\/span><\/strong><\/em><\/span><\/p>\n","protected":false},"excerpt":{"rendered":"<p>26\/02\/2020\/ Bogot\u00e1.-Con la participaci\u00f3n de 3,528 expositores procedentes de 36 pa\u00edses se inaugur\u00f3 la Vitrina Tur\u00edstica Anato 2020 con Per\u00fa como pa\u00eds invitado de honor, lo cual ha permitido un gran despliegue de nuestra marca pa\u00eds y de nuestros principales atractivos tur\u00edsticos en esta ciudad. Esta feria se realizar\u00e1 hasta el viernes y ha generado una gran expectativa entre los empresarios del sector debido a que se trata de una plataforma reconocida en el mundo por su trayectoria y la generaci\u00f3n de oportunidades para hacer negocios. La \u00a0ceremonia fue inaugurada por \u00a0presidente de Colombia Iv\u00e1n Duque. Luego de ello se&#8230;<\/p>\n","protected":false},"author":1,"featured_media":0,"comment_status":"open","ping_status":"open","sticky":false,"template":"","format":"standard","meta":{"footnotes":""},"categories":[4,84],"tags":[762,9616,206,749],"class_list":["post-44040","post","type-post","status-publish","format-standard","hentry","category-breaking-news","category-internacionales","tag-peru","tag-pais-invitado-en-anato","tag-colombia","tag-turistamagazine"],"_links":{"self":[{"href":"https:\/\/www.turistamagazine.com\/v2\/index.php?rest_route=\/wp\/v2\/posts\/44040","targetHints":{"allow":["GET"]}}],"collection":[{"href":"https:\/\/www.turistamagazine.com\/v2\/index.php?rest_route=\/wp\/v2\/posts"}],"about":[{"href":"https:\/\/www.turistamagazine.com\/v2\/index.php?rest_route=\/wp\/v2\/types\/post"}],"author":[{"embeddable":true,"href":"https:\/\/www.turistamagazine.com\/v2\/index.php?rest_route=\/wp\/v2\/users\/1"}],"replies":[{"embeddable":true,"href":"https:\/\/www.turistamagazine.com\/v2\/index.php?rest_route=%2Fwp%2Fv2%2Fcomments&post=44040"}],"version-history":[{"count":1,"href":"https:\/\/www.turistamagazine.com\/v2\/index.php?rest_route=\/wp\/v2\/posts\/44040\/revisions"}],"predecessor-version":[{"id":44043,"href":"https:\/\/www.turistamagazine.com\/v2\/index.php?rest_route=\/wp\/v2\/posts\/44040\/revisions\/44043"}],"wp:attachment":[{"href":"https:\/\/www.turistamagazine.com\/v2\/index.php?rest_route=%2Fwp%2Fv2%2Fmedia&parent=44040"}],"wp:term":[{"taxonomy":"category","embeddable":true,"href":"https:\/\/www.turistamagazine.com\/v2\/index.php?rest_route=%2Fwp%2Fv2%2Fcategories&post=44040"},{"taxonomy":"post_tag","embeddable":true,"href":"https:\/\/www.turistamagazine.com\/v2\/index.php?rest_route=%2Fwp%2Fv2%2Ftags&post=44040"}],"curies":[{"name":"wp","href":"https:\/\/api.w.org\/{rel}","templated":true}]}}