{"id":43962,"date":"2020-02-19T17:47:28","date_gmt":"2020-02-19T22:47:28","guid":{"rendered":"http:\/\/www.turistamagazine.com\/v2\/?p=43962"},"modified":"2020-02-19T17:47:28","modified_gmt":"2020-02-19T22:47:28","slug":"el-gobierno-argentino-y-air-europa-acuerdan-mantener-el-vuelo-madrid-iguazu-hasta-septiembre","status":"publish","type":"post","link":"https:\/\/www.turistamagazine.com\/v2\/?p=43962","title":{"rendered":"EL GOBIERNO ARGENTINO Y AIR EUROPA ACUERDAN MANTENER EL VUELO MADRID \u2013 IGUAZ\u00da HASTA SEPTIEMBRE"},"content":{"rendered":"<p><strong>19\/02\/2020\/ Argentina.- El Gobierno argentino y Air Europa han acordado que el vuelo entre Madrid y Puerto Iguaz\u00fa, el primero que se establece entre Europa y una de las siete maravillas naturales del mundo, mantenga su frecuencia hasta el 5 de septiembre de 2020. La decisi\u00f3n extiende el vuelo en m\u00e1s de 4 meses y permite que est\u00e9 vigente durante la temporada alta europea.<\/strong><\/p>\n<p><em><span style=\"color: #000080;\"><strong>La compa\u00f1\u00eda hab\u00eda programado su \u00faltimo vuelo para el 26 de abril. Tras una iniciativa del presidente de Argentina, Alberto Fern\u00e1ndez, y las gestiones en Fitur 2020 del ministro de Turismo y Deportes, Mat\u00edas Lammens, se consensu\u00f3 esta extensi\u00f3n con directivos de Air Europa.<\/strong><\/span><\/em><\/p>\n<p><strong>La ampliaci\u00f3n de la vigencia de esta ruta se desarrollar\u00e1 a trav\u00e9s de Montevideo (Uruguay) utilizando la flota Boeing 787 Dreamliner, con capacidad para 296 pasajeros. Desde el 29 de abril al 2 de septiembre habr\u00e1 una frecuencia los mi\u00e9rcoles; del 3 de mayo al 14 de junio habr\u00e1 otra los domingos, y \u00e9sta se trasladar\u00e1 a los s\u00e1bados desde el 20 de junio al 5 de septiembre.<\/strong><\/p>\n<p><strong><em><span style=\"color: #000080;\">\u201cTuvimos excelentes reuniones con el ministro Lammens y eso nos convenci\u00f3 a seguir apostando por la ruta. Esta decisi\u00f3n refuerza el s\u00f3lido compromiso que tenemos con el pa\u00eds\u201d, ha expresado el CEO de Globalia, Javier Hidalgo<\/span><\/em>.<\/strong><\/p>\n<p><strong>Por su parte, Lammens coment\u00f3: <span style=\"color: #000080;\"><em>\u201cTras reunirme en diciembre pasado con el gobernador de Misiones, Oscar Herrera Ahuad, y por indicaci\u00f3n del presidente Fern\u00e1ndez nos planteamos como objetivo lograr que Air Europa extienda este vuelo, que es clave para seguir desarrollando y dando a conocer al mundo las Cataratas del Iguaz\u00fa, uno de los grandes atractivos tur\u00edsticos del planeta\u201d.<\/em><\/span><\/strong><\/p>\n<p><span style=\"color: #000080;\">F\/ Air Europa<\/span><\/p>\n","protected":false},"excerpt":{"rendered":"<p>19\/02\/2020\/ Argentina.- El Gobierno argentino y Air Europa han acordado que el vuelo entre Madrid y Puerto Iguaz\u00fa, el primero que se establece entre Europa y una de las siete maravillas naturales del mundo, mantenga su frecuencia hasta el 5 de septiembre de 2020. La decisi\u00f3n extiende el vuelo en m\u00e1s de 4 meses y permite que est\u00e9 vigente durante la temporada alta europea. La compa\u00f1\u00eda hab\u00eda programado su \u00faltimo vuelo para el 26 de abril. Tras una iniciativa del presidente de Argentina, Alberto Fern\u00e1ndez, y las gestiones en Fitur 2020 del ministro de Turismo y Deportes, Mat\u00edas Lammens, se&#8230;<\/p>\n","protected":false},"author":1,"featured_media":43964,"comment_status":"open","ping_status":"open","sticky":false,"template":"","format":"standard","meta":{"footnotes":""},"categories":[4,84],"tags":[153,9597,7289,749],"class_list":["post-43962","post","type-post","status-publish","format-standard","has-post-thumbnail","hentry","category-breaking-news","category-internacionales","tag-air-europa","tag-ceo-de-globalia","tag-javier-hidalgo","tag-turistamagazine"],"_links":{"self":[{"href":"https:\/\/www.turistamagazine.com\/v2\/index.php?rest_route=\/wp\/v2\/posts\/43962","targetHints":{"allow":["GET"]}}],"collection":[{"href":"https:\/\/www.turistamagazine.com\/v2\/index.php?rest_route=\/wp\/v2\/posts"}],"about":[{"href":"https:\/\/www.turistamagazine.com\/v2\/index.php?rest_route=\/wp\/v2\/types\/post"}],"author":[{"embeddable":true,"href":"https:\/\/www.turistamagazine.com\/v2\/index.php?rest_route=\/wp\/v2\/users\/1"}],"replies":[{"embeddable":true,"href":"https:\/\/www.turistamagazine.com\/v2\/index.php?rest_route=%2Fwp%2Fv2%2Fcomments&post=43962"}],"version-history":[{"count":1,"href":"https:\/\/www.turistamagazine.com\/v2\/index.php?rest_route=\/wp\/v2\/posts\/43962\/revisions"}],"predecessor-version":[{"id":43965,"href":"https:\/\/www.turistamagazine.com\/v2\/index.php?rest_route=\/wp\/v2\/posts\/43962\/revisions\/43965"}],"wp:featuredmedia":[{"embeddable":true,"href":"https:\/\/www.turistamagazine.com\/v2\/index.php?rest_route=\/wp\/v2\/media\/43964"}],"wp:attachment":[{"href":"https:\/\/www.turistamagazine.com\/v2\/index.php?rest_route=%2Fwp%2Fv2%2Fmedia&parent=43962"}],"wp:term":[{"taxonomy":"category","embeddable":true,"href":"https:\/\/www.turistamagazine.com\/v2\/index.php?rest_route=%2Fwp%2Fv2%2Fcategories&post=43962"},{"taxonomy":"post_tag","embeddable":true,"href":"https:\/\/www.turistamagazine.com\/v2\/index.php?rest_route=%2Fwp%2Fv2%2Ftags&post=43962"}],"curies":[{"name":"wp","href":"https:\/\/api.w.org\/{rel}","templated":true}]}}