{"id":43910,"date":"2020-02-17T19:01:11","date_gmt":"2020-02-18T00:01:11","guid":{"rendered":"http:\/\/www.turistamagazine.com\/v2\/?p=43910"},"modified":"2020-02-20T18:57:20","modified_gmt":"2020-02-20T23:57:20","slug":"uruguay-ya-celebra-el-carnaval-mas-largo-del-mundo","status":"publish","type":"post","link":"https:\/\/www.turistamagazine.com\/v2\/?p=43910","title":{"rendered":"URUGUAY YA CELEBRA EL CARNAVAL M\u00c1S LARGO DEL MUNDO"},"content":{"rendered":"<p style=\"text-align: justify;\"><span style=\"color: #000080;\"><strong><a href=\"https:\/\/www.turistamagazine.com\/v2\/wp-content\/uploads\/2019\/01\/MARIA-SHAW-189KB.jpg\"><img decoding=\"async\" class=\"size-full wp-image-38748 alignleft\" src=\"https:\/\/www.turistamagazine.com\/v2\/wp-content\/uploads\/2019\/01\/MARIA-SHAW-189KB.jpg\" alt=\"\" width=\"144\" height=\"160\" \/><\/a>Por Mar\u00eda Shaw*<\/strong><\/span><\/p>\n<p style=\"text-align: justify;\"><strong><span style=\"color: #000080;\">Uruguay se distingue en el mundo por una fiesta popular que se alarga durante dos meses. Si bien este a\u00f1o el Carnaval es el 24 y 25 de febrero, varias ciudades y localidades ya est\u00e1n de festejo.<\/span><\/strong><\/p>\n<p style=\"text-align: justify;\"><strong><span style=\"color: #000080;\">A lo largo y a lo ancho del todo el pa\u00eds, se suceden desfiles callejeros y escenarios barriales, en tablados populares, donde se despliegan espect\u00e1culos llenos del color y alegr\u00eda, abiertos a toda la familia. La programaci\u00f3n comenz\u00f3 a fin de enero y contin\u00faa a pleno durante todo febrero y principios de marzo.<\/span><\/strong><\/p>\n<p style=\"text-align: justify;\"><span style=\"color: #000080;\"><strong><em>El Carnaval de Montevideo<\/em><\/strong><\/span><\/p>\n<p style=\"text-align: justify;\"><strong><span style=\"color: #000080;\">Montevideo inaugur\u00f3 el Carnaval con <em>2 desfiles oficiales<\/em> por la principal avenida, con gran despliegue de m\u00fasica, danza, coloridos vestuarios y originales maquillajes. El primero fue el 24 de enero, con concurso de agrupaciones, carros aleg\u00f3ricos, cabezudos y marionetas, y al d\u00eda siguiente se realiz\u00f3 el desfile de Escuelas de Samba.<\/span><\/strong><\/p>\n<p style=\"text-align: justify;\"><span style=\"color: #000080;\"><strong>Desde el lunes 27 de enero, el Teatro de Verano Ram\u00f3n Collazo es sede del <em>Concurso Oficial de Agrupaciones Carnavalescas.<\/em> La primera rueda tuvo 11 jornadas, en las que actuar\u00e1n 3 \u00f3 4 grupos por noche, totalizando 39 agrupaciones de las categor\u00edas de murga, parodistas, lubolos, revistas y humoristas. Ya se est\u00e1 celebrando la segunda ronda que finalizar\u00e1 el 24 de febrero para dar lugar a los conjuntos que disputar\u00e1n la gran final en cada categor\u00eda. En las presentaciones de las distintas agrupaciones confluyen m\u00faltiples esfuerzos creativos, dado que comprenden coro, actuaci\u00f3n, danza, maquillaje, m\u00fasica, poes\u00eda, dise\u00f1o de vestuario, entre otros<\/strong>.<\/span><\/p>\n<p style=\"text-align: justify;\"><span style=\"color: #000080;\"><strong><em>Una de las expresiones m\u00e1s famosas del Carnaval uruguayo es el Desfile de Llamadas. Este a\u00f1o, <\/em><\/strong><strong><em>lleva el nombre de Julio \u201cKanela\u201d Sosa, en homenaje a la hist\u00f3rica figura fallecida recientemente. El <\/em><\/strong><strong><em>viernes 14 y el s\u00e1bado 15 de febrero, por la calle Isla de Flores que atraviesa los barrios Sur y Palermo, concursar\u00e1n en total 46 grupos que hacen vibrar al p\u00fablico con sus cuerdas de tambores, danzas y desplazamiento de los bailarines, dise\u00f1o y est\u00e9tica. El viernes <\/em><\/strong><strong><em>contar\u00e1 con las 23 comparsas que obtuvieron los primeros puestos en la competencia de 2019; mientras que el s\u00e1bado ser\u00e1 el turno de las 23 clasificadas, seg\u00fan el orden de puntajes de las Llamadas de Admisi\u00f3n. <\/em><\/strong><strong><em>Para esta gran fiesta se disponen dos palcos para turistas; las calles, las gradas, los balcones y terrazas de las casas particulares son copados por uruguayos y visitantes. \u00a1Hay que dejarse llevar por el ritmo del candombe, declarado Patrimonio de la Humanidad! <\/em><\/strong><\/span><\/p>\n<p style=\"text-align: justify;\"><strong><span style=\"color: #000080;\">Adem\u00e1s, en Montevideo hay <em>23 tablados<\/em> que noche a noche ofrecen una variada programaci\u00f3n, con gran concurrencia de p\u00fablico que sigue a su agrupaci\u00f3n favorita.<\/span><\/strong><\/p>\n<p><strong><a href=\"https:\/\/www.turistamagazine.com\/v2\/wp-content\/uploads\/2020\/02\/Llamadas-de-MVD-1.jpg\"><img decoding=\"async\" class=\"wp-image-43911 aligncenter\" src=\"https:\/\/www.turistamagazine.com\/v2\/wp-content\/uploads\/2020\/02\/Llamadas-de-MVD-1.jpg\" alt=\"\" width=\"600\" height=\"400\" srcset=\"https:\/\/www.turistamagazine.com\/v2\/wp-content\/uploads\/2020\/02\/Llamadas-de-MVD-1.jpg 843w, https:\/\/www.turistamagazine.com\/v2\/wp-content\/uploads\/2020\/02\/Llamadas-de-MVD-1-300x200.jpg 300w, https:\/\/www.turistamagazine.com\/v2\/wp-content\/uploads\/2020\/02\/Llamadas-de-MVD-1-768x512.jpg 768w, https:\/\/www.turistamagazine.com\/v2\/wp-content\/uploads\/2020\/02\/Llamadas-de-MVD-1-630x420.jpg 630w, https:\/\/www.turistamagazine.com\/v2\/wp-content\/uploads\/2020\/02\/Llamadas-de-MVD-1-610x407.jpg 610w\" sizes=\"(max-width: 600px) 100vw, 600px\" \/><\/a><\/strong><\/p>\n<p style=\"text-align: justify;\"><strong><span style=\"color: #000080;\"><em>Carnaval en todo Uruguay<\/em><\/span><\/strong><\/p>\n<p style=\"text-align: justify;\"><strong><span style=\"color: #000080;\">En varios departamentos de Uruguay ya se est\u00e1 celebrando el Carnaval con diversas fiestas.\u00a0 <em>Colonia del Sacramento<\/em> fue la primera en celebrar las Llamadas, el 1\u00ba de febrero, con 16 agrupaciones de distintas ciudades del departamento, que desfilaron por la principal avenida, que se llen\u00f3 de color, danza y tamboril.<\/span><\/strong><\/p>\n<p style=\"text-align: justify;\"><span style=\"color: #000080;\"><strong><em>Los festejos en el departamento de Canelones -vecino a Montevideo-, son variados y dis\u00edmiles, de acuerdo a las costumbres y tradiciones de cada pueblo o regi\u00f3n. Luego del desfile inaugural del 25 de enero y el Concurso de Escuelas de Samba en Atl\u00e1ntida; el s\u00e1bado 29 de febrero ser\u00e1 el turno del Concurso de Llamadas en la Ciudad de la Costa. <\/em><\/strong><\/span><\/p>\n<p style=\"text-align: justify;\"><strong><span style=\"color: #000080;\"><em>En Maldonado<\/em>, los festejos de Carnaval se despliegan con desfiles en todos los municipios del departamento y corsos barriales de la capital, con comparsas, escuelas de samba, grupo de variedades y murgas. El 18 de febrero el desfile oficial ser\u00e1 en Piri\u00e1polis, y 25 en la ciudad de Maldonado<em>. El 1<\/em><em>8\u00ba Encuentro de Tambores por la avenida Gorlero de Punta del Este, que homenajea a Carlos P\u00e1ez Vilar\u00f3, ser\u00e1 el 27 \u00f3 el 28 de febrero, con la participaci\u00f3n de comparsas del departamento de Maldonado y de Montevideo, que concita la atenci\u00f3n de muchos turistas. <\/em><\/span><\/strong><\/p>\n<p style=\"text-align: justify;\"><span style=\"color: #000080;\"><strong><em>En Rocha, el balneario La Pedrera<\/em>, convoca a un Carnaval \u00a0creativo, art\u00edstico, familiar y divertido, el lunes 24 de febrero. Por la tarde, la avenida principal se llenar\u00e1 de coloridos personajes, siendo los ni\u00f1os sus principales protagonistas. Luego se vive una gran fiesta familiar y callejera, con cabezudos, malabares, tambores y gente con creativos disfraces<\/strong>. <strong><em>Mientras que el 22 y 23 de febrero llega por primera vez el <\/em><\/strong><strong><em>Carnaval Reggae a La Paloma, donde se van a mixturar estilos como el Reggae, la Murga y el Candombe, en una nueva fiesta que va a atraer al p\u00fablico local y a turistas.\u00a0\u00a0<\/em><\/strong><\/span><\/p>\n<p><a href=\"https:\/\/www.turistamagazine.com\/v2\/wp-content\/uploads\/2020\/02\/CARNAVAL-DE-ARTIGAS-Escuela-de-Samba-Academicos-18-1.jpg\"><img decoding=\"async\" class=\"aligncenter wp-image-43913 size-full\" src=\"https:\/\/www.turistamagazine.com\/v2\/wp-content\/uploads\/2020\/02\/CARNAVAL-DE-ARTIGAS-Escuela-de-Samba-Academicos-18-1.jpg\" alt=\"\" width=\"600\" height=\"716\" srcset=\"https:\/\/www.turistamagazine.com\/v2\/wp-content\/uploads\/2020\/02\/CARNAVAL-DE-ARTIGAS-Escuela-de-Samba-Academicos-18-1.jpg 600w, https:\/\/www.turistamagazine.com\/v2\/wp-content\/uploads\/2020\/02\/CARNAVAL-DE-ARTIGAS-Escuela-de-Samba-Academicos-18-1-251x300.jpg 251w, https:\/\/www.turistamagazine.com\/v2\/wp-content\/uploads\/2020\/02\/CARNAVAL-DE-ARTIGAS-Escuela-de-Samba-Academicos-18-1-352x420.jpg 352w\" sizes=\"(max-width: 600px) 100vw, 600px\" \/><\/a><\/p>\n<p style=\"text-align: justify;\"><span style=\"color: #000080;\"><strong><em>Con influencia de Brasil<\/em><\/strong><\/span><\/p>\n<p style=\"text-align: justify;\"><span style=\"color: #000080;\"><strong>\u00a0<\/strong><strong><em>En la norte\u00f1a ciudad de Artigas se celebra uno de los m\u00e1s famosos y multitudinarios Carnavales de Uruguay. Las noches del 22, 23 y 24 de febrero, el ritmo de la samba, el color de las fantas\u00edas, las alegor\u00edas y la belleza de las mujeres, convertir\u00e1n a la principal avenida de la ciudad, en un gran \u201csamb\u00f3dromo\u201d. <\/em>Las 4 Escuelas de Samba que compiten por el cetro, se inspiran en el Carnaval de R\u00edo de Janeiro, con una propuesta art\u00edstica basada en un <em>\u201cenredo\u201d<\/em> sobre alg\u00fan tema sociocultural de inter\u00e9s general. El espect\u00e1culo se presenta al comp\u00e1s de la Samba Enredo, interpretada en vivo por los <em>\u00abpuxadores\u00bb,<\/em> acompa\u00f1ados arm\u00f3nicamente por un cuerpo de percusionistas o <em>\u00abBater\u00eda\u00bb.<\/em> Tras los desfiles, la fiesta contin\u00faa en los principales clubes de la ciudad, con los tradicionales bailes de carnaval que siguen hasta la salida del sol.<\/strong><\/span><\/p>\n<p><a href=\"https:\/\/www.turistamagazine.com\/v2\/wp-content\/uploads\/2020\/02\/CARNAVAL-EN-LA-PEDRERA-1.jpg\"><img decoding=\"async\" class=\"wp-image-43914 aligncenter\" src=\"https:\/\/www.turistamagazine.com\/v2\/wp-content\/uploads\/2020\/02\/CARNAVAL-EN-LA-PEDRERA-1.jpg\" alt=\"\" width=\"600\" height=\"450\" srcset=\"https:\/\/www.turistamagazine.com\/v2\/wp-content\/uploads\/2020\/02\/CARNAVAL-EN-LA-PEDRERA-1.jpg 768w, https:\/\/www.turistamagazine.com\/v2\/wp-content\/uploads\/2020\/02\/CARNAVAL-EN-LA-PEDRERA-1-300x225.jpg 300w, https:\/\/www.turistamagazine.com\/v2\/wp-content\/uploads\/2020\/02\/CARNAVAL-EN-LA-PEDRERA-1-560x420.jpg 560w\" sizes=\"(max-width: 600px) 100vw, 600px\" \/><\/a><\/p>\n<p style=\"text-align: justify;\"><strong><span style=\"color: #000080;\">No menos famoso es el Carnaval de <em>Melo<\/em><em>, Cerro Largo<\/em>, que se desarrolla del 22 al 29 de febrero. Lo m\u00e1s destacado son los desfiles por la <em>calle principal de la ciudad, en la que se instalan gradas en ambas veredas al estilo<\/em> \u201cSamb\u00f3dromo\u201d. Est\u00e1 influenciado por la samba de Brasil y dedica un d\u00eda a las comparsas de negros y lubolos y otro a las escuelas de samba.<\/span><\/strong><\/p>\n<p style=\"text-align: justify;\"><strong><span style=\"color: #000080;\">En la ciudad de <em>Rivera<\/em>, otro carnaval con influencia brasile\u00f1a, el desfile ser\u00e1 el viernes 28 y el s\u00e1bado 29, con un despliegue de ritmos fronterizos, mucha alegr\u00eda y colorido. Se calcula que aproximadamente 4000 personas desfilar\u00e1n en el Carnaval de la frontera entre Uruguay y Brasil.<\/span><\/strong><\/p>\n<p style=\"text-align: justify;\"><span style=\"color: #000080;\"><strong><em>\u00a1Feliz Carnaval!<\/em><\/strong><\/span><\/p>\n<p style=\"text-align: justify;\"><span style=\"color: #000080;\"><strong><em>*Representante de Turistamagazine en Uruguay<\/em><\/strong><\/span><\/p>\n<p>&nbsp;<\/p>\n","protected":false},"excerpt":{"rendered":"<p>Por Mar\u00eda Shaw* Uruguay se distingue en el mundo por una fiesta popular que se alarga durante dos meses. Si bien este a\u00f1o el Carnaval es el 24 y 25 de febrero, varias ciudades y localidades ya est\u00e1n de festejo. A lo largo y a lo ancho del todo el pa\u00eds, se suceden desfiles callejeros y escenarios barriales, en tablados populares, donde se despliegan espect\u00e1culos llenos del color y alegr\u00eda, abiertos a toda la familia. La programaci\u00f3n comenz\u00f3 a fin de enero y contin\u00faa a pleno durante todo febrero y principios de marzo. El Carnaval de Montevideo Montevideo inaugur\u00f3 el&#8230;<\/p>\n","protected":false},"author":1,"featured_media":43912,"comment_status":"open","ping_status":"open","sticky":false,"template":"","format":"standard","meta":{"footnotes":""},"categories":[86],"tags":[9591,3572,6132,749],"class_list":["post-43910","post","type-post","status-publish","format-standard","has-post-thumbnail","hentry","category-destinos","tag-el-carnaval-de-montevideo","tag-maria-shaw","tag-portal-de-noticias-turistamagazine","tag-turistamagazine"],"_links":{"self":[{"href":"https:\/\/www.turistamagazine.com\/v2\/index.php?rest_route=\/wp\/v2\/posts\/43910","targetHints":{"allow":["GET"]}}],"collection":[{"href":"https:\/\/www.turistamagazine.com\/v2\/index.php?rest_route=\/wp\/v2\/posts"}],"about":[{"href":"https:\/\/www.turistamagazine.com\/v2\/index.php?rest_route=\/wp\/v2\/types\/post"}],"author":[{"embeddable":true,"href":"https:\/\/www.turistamagazine.com\/v2\/index.php?rest_route=\/wp\/v2\/users\/1"}],"replies":[{"embeddable":true,"href":"https:\/\/www.turistamagazine.com\/v2\/index.php?rest_route=%2Fwp%2Fv2%2Fcomments&post=43910"}],"version-history":[{"count":5,"href":"https:\/\/www.turistamagazine.com\/v2\/index.php?rest_route=\/wp\/v2\/posts\/43910\/revisions"}],"predecessor-version":[{"id":43979,"href":"https:\/\/www.turistamagazine.com\/v2\/index.php?rest_route=\/wp\/v2\/posts\/43910\/revisions\/43979"}],"wp:featuredmedia":[{"embeddable":true,"href":"https:\/\/www.turistamagazine.com\/v2\/index.php?rest_route=\/wp\/v2\/media\/43912"}],"wp:attachment":[{"href":"https:\/\/www.turistamagazine.com\/v2\/index.php?rest_route=%2Fwp%2Fv2%2Fmedia&parent=43910"}],"wp:term":[{"taxonomy":"category","embeddable":true,"href":"https:\/\/www.turistamagazine.com\/v2\/index.php?rest_route=%2Fwp%2Fv2%2Fcategories&post=43910"},{"taxonomy":"post_tag","embeddable":true,"href":"https:\/\/www.turistamagazine.com\/v2\/index.php?rest_route=%2Fwp%2Fv2%2Ftags&post=43910"}],"curies":[{"name":"wp","href":"https:\/\/api.w.org\/{rel}","templated":true}]}}