{"id":43206,"date":"2020-01-02T18:10:56","date_gmt":"2020-01-02T23:10:56","guid":{"rendered":"http:\/\/www.turistamagazine.com\/v2\/?p=43206"},"modified":"2020-01-02T19:16:29","modified_gmt":"2020-01-03T00:16:29","slug":"chile-en-el-recuerdo-20-anos-despues","status":"publish","type":"post","link":"https:\/\/www.turistamagazine.com\/v2\/?p=43206","title":{"rendered":"CHILE EN EL RECUERDO 20 A\u00d1OS DESPU\u00c9S"},"content":{"rendered":"<p style=\"text-align: center;\"><span style=\"color: #000080;\"><em>Durante la XIII Asamblea General de la Organizaci\u00f3n Mundial del Turismo, en Santiago de Chile, junto al inolvidable Serge Perrot \u2013 a la izquierda \u2013 presidente de la AMFORHT (Asociaci\u00f3n Mundial para la Formaci\u00f3n Profesional Hotelera y Tur\u00edstica)\u00a0 y al centro, el Ministro de Turismo de Chile.<\/em><\/span><\/p>\n<p><span style=\"color: #000080;\"><strong><em>\u201cSe concebir\u00e1n las infraestructuras y se programar\u00e1n las actividades tur\u00edsticas de forma que se proteja el patrimonio natural que constituyen los ecosistemas y la diversidad biol\u00f3gica\u201d<\/em><\/strong><\/span> Del C\u00f3digo \u00c9tico Mundial para el Turismo.<\/p>\n<p style=\"text-align: center;\"><strong><span style=\"color: #000080;\">LA XIII ASAMBLEA GENERAL DE LA ORGANIZACI\u00d3N MUNDIAL DEL TURISMO<\/span><\/strong><\/p>\n<p><span style=\"color: #000080;\"><em>Para mi admirado ex alumno<\/em><\/span><\/p>\n<p><span style=\"color: #000080;\"><em>Jos\u00e9 Antonio Barrueto, y el gran grupo <\/em><\/span><\/p>\n<p><span style=\"color: #000080;\"><em>de compa\u00f1eros chilenos presentes en <\/em><\/span><\/p>\n<p><em><span style=\"color: #000080;\">nuestros cursos tur\u00edsticos en la isla de Tenerife<\/span>. <\/em><\/p>\n<p><strong>Por. Antonio Pedro Tejera Reyes*<\/strong><\/p>\n<p style=\"text-align: center;\"><strong><span style=\"color: #000080;\">EL RECIBIMIENTO CHILENO<\/span><\/strong><\/p>\n<p><span style=\"color: #000080;\"><strong><em>Imposible ser\u00eda rememorar todos los brillantes acontecimientos que vivimos en Chile en aquel 1999, exactamente hace ahora 20 a\u00f1os, relacionados con nuestra presencia activa la XIII Asamblea\u00a0 General de la Organizaci\u00f3n Mundial del Turismo, en la cual se aprobar\u00eda el C\u00f3digo \u00c9tico Mundial para el Turismo.<\/em><\/strong><\/span><\/p>\n<p style=\"text-align: justify;\">Hac\u00eda unos a\u00f1os hab\u00edamos recorrido el pa\u00eds de punta a punta elaborando un informe para la <em><strong><span style=\"color: #000080;\">UIOOT \u2013 hoy OMT, Organizaci\u00f3n Mundial del Turismo \u2013<\/span><\/strong><\/em> visita que realizamos en calidad de vice-presidente de la citada organizaci\u00f3n, en su Comit\u00e9 de Miembros Afiliados, y sobre cuyo largo periplo realizamos ese detallado informe que lleg\u00f3 hasta el n\u00facleo central de este organismo, junto a una larga serie de reportajes publicados internacionalmente sobre el tema.<\/p>\n<p style=\"text-align: justify;\">No dejamos entonces de referenciar el fant\u00e1stico recibimiento que disfrutamos del <span style=\"color: #000080;\"><strong><em>Servicio Nacional de Turismo de Chile<\/em><\/strong>,<\/span> con su ministro del sector al frente, as\u00ed como de varias de las principales instituciones pol\u00edticas, empresariales y sociales del pa\u00eds, que nos acogieron con se\u00f1aladas muestra de satisfacci\u00f3n y cari\u00f1o.<\/p>\n<p style=\"text-align: justify;\">La Direcci\u00f3n de Turismo de la Regi\u00f3n O\u00b4Higgins, los municipios de San Vicente de TaguaTagua y Malloa, NEXO (naturaleza y personas), Proyecto Ruta Huaca, y Across Travel, nos ofrecer\u00edan el domingo 26 de Septiembre del aquel recordado a\u00f1o 1999, una interesante excursi\u00f3n enriquecida por las m\u00e1s \u00edntimas tradiciones chilenas, dignas de figurar como ejemplo en todo manual sobre el turismo rural.<\/p>\n<p style=\"text-align: justify;\">El programa ten\u00eda como fondo la celebraci\u00f3n del <em><strong><span style=\"color: #003366;\">\u201cD\u00eda Mundial del Turismo\u201d,<\/span><\/strong><\/em> el pr\u00f3ximo d\u00eda 27 de ese mismo mes.<\/p>\n<p><span style=\"color: #000080;\"><strong><em>UNA RUTA INOLVIDABLE<\/em><\/strong><\/span><\/p>\n<div id=\"attachment_43210\" style=\"width: 610px\" class=\"wp-caption aligncenter\"><a href=\"https:\/\/www.turistamagazine.com\/v2\/wp-content\/uploads\/2020\/01\/San-Vicente-1.jpg\"><img decoding=\"async\" aria-describedby=\"caption-attachment-43210\" class=\"wp-image-43210\" src=\"https:\/\/www.turistamagazine.com\/v2\/wp-content\/uploads\/2020\/01\/San-Vicente-1.jpg\" alt=\"Plaza de Armas de San Vicente de Tagua Tagua, hoy un punto de inter\u00e9s turistico de singular relevancia de Chile, en las cercanias de Santiago. F\/a. Juan G. Mu\u00f1oz.\" width=\"600\" height=\"425\" srcset=\"https:\/\/www.turistamagazine.com\/v2\/wp-content\/uploads\/2020\/01\/San-Vicente-1.jpg 612w, https:\/\/www.turistamagazine.com\/v2\/wp-content\/uploads\/2020\/01\/San-Vicente-1-300x212.jpg 300w, https:\/\/www.turistamagazine.com\/v2\/wp-content\/uploads\/2020\/01\/San-Vicente-1-594x420.jpg 594w\" sizes=\"(max-width: 600px) 100vw, 600px\" \/><\/a><p id=\"caption-attachment-43210\" class=\"wp-caption-text\"><span style=\"color: #000080;\"><em><span style=\"color: #000080;\">Plaza de Armas de San Vicente de Tagua Tagua, hoy un punto de inter\u00e9s tur\u00edstico\u00a0de singular relevancia de Chile, en las cercanias de Santiago. F\/a. Juan G. Mu\u00f1oz.<\/span><\/em><\/span><\/p><\/div>\n<p>Por una ruta llena de \u00e1rboles, flores y viejas construcciones coloniales, pasamos aquel d\u00eda visitando poblados y campos de cultivo llenos del encanto y del embrujo de las mas arraigadas usanzas chilenas de la tierra huaca, t\u00e9rmino este \u00faltimo que define a los habitantes de la regi\u00f3n: los huacos. A trav\u00e9s de estos caminos llegamos a la medialuna de Coltauco, donde se nos ofreci\u00f3 una muestra del rodeo chileno, muy distinto al norteamericano. <strong><span style=\"color: #000080;\"><em>Medialuna es el t\u00e9rmino con el que se denominan las canchas donde se celebran esos rodeos.<\/em><\/span><\/strong><\/p>\n<p style=\"text-align: justify;\">En Coltauco vimos por primera vez este espect\u00e1culo, nada cruento, donde se pone de manifiesto la pericia y la habilidad de los huacos, una aut\u00e9ntica competencia premiada con sus significativos \u00a0trofeos.<\/p>\n<p style=\"text-align: justify;\">Continuando el recorrido llegamos a San Vicente de Tagua Tagua, donde en su Plaza de Armas, nos encontrar\u00edamos con la sorpresa de una espectacular banda de m\u00fasica situada en un <strong><em><span style=\"color: #000080;\">\u201ctemplete\u201d\u00a0<\/span> &#8211; <span style=\"color: #000080;\">similar al que en su d\u00eda existi\u00f3 en la Plaza del Charco en Puerto de la Cruz<\/span><\/em><\/strong><span style=\"color: #000080;\">.<\/span> \u00bfQui\u00e9n ser\u00eda el ignorante que lo mando a derribar? \u2013 interpretando bellas melod\u00edas del folklore \u00a0chileno. Aplausos y m\u00e1s aplausos cosecharon aquellos j\u00f3venes en cuyo director vimos por momentos a nuestro recordado querido amigo \u2013 compa\u00f1ero participante de lujo en <strong><em><span style=\"color: #000080;\">\u201cLa Parranda de los Jueves\u201d<\/span>&#8211;<\/em><\/strong> el inimitable <span style=\"color: #000080;\"><strong><em>Chano Miranda<\/em><\/strong><\/span>, legendaria admirada figura portuense de emocionado recuerdo, director de la banda de m\u00fasica de la ciudad.<\/p>\n<div id=\"attachment_43211\" style=\"width: 610px\" class=\"wp-caption aligncenter\"><a href=\"https:\/\/www.turistamagazine.com\/v2\/wp-content\/uploads\/2020\/01\/Jos\u00e9-Antonio.jpg\"><img decoding=\"async\" aria-describedby=\"caption-attachment-43211\" class=\"wp-image-43211\" src=\"https:\/\/www.turistamagazine.com\/v2\/wp-content\/uploads\/2020\/01\/Jos\u00e9-Antonio.jpg\" alt=\"\" width=\"600\" height=\"401\" \/><\/a><p id=\"caption-attachment-43211\" class=\"wp-caption-text\"><em><span style=\"color: #000080;\">Jos\u00e9 Antonio Barrueto, recibiendo el DIPLOMA de su brillante curso de post-grado te\u00f3rico-pr\u00e1ctico, en el Centro Internacional de Estudios Tur\u00edsticos de Canarias, ante las banderas de la Universidad para la Paz y de las Naciones Unidas. ONU.<\/span><\/em><\/p><\/div>\n<p><strong><em><span style=\"color: #000080;\">EL PROGRAMA EN SAN VICENTE<\/span><\/em><\/strong><\/p>\n<p style=\"text-align: justify;\">En la medialuna de San Vicente \u2013 dec\u00edamos que <span style=\"color: #000080;\"><strong><em>\u201cmedialuna\u201d<\/em><\/strong><\/span> chilena para el rodeo la tienen muchos de sus pueblos rurales \u2013 nos esperaban los actos m\u00e1s populares de ese D\u00eda Mundial del Turismo, que se adelantaban una fecha para nuestro recibimiento.<\/p>\n<p style=\"text-align: justify;\">Un <span style=\"color: #000080;\"><strong><em>\u201cesquinazo\u201d<\/em><\/strong> <\/span>era el mejor de los saludos. Un esquinazo en Chile es la actuaci\u00f3n de un grupo folkl\u00f3rico del pa\u00eds, interpretando cuecas. El baile m\u00e1s popular de Chile expandido por el mundo entero. All\u00ed estaban. Un grupo de padres e hijos del lugar hicieron las delicias de nuestra nutrida representaci\u00f3n de la OMT, para luego darnos a conocer su <span style=\"color: #000080;\"><strong><em>Proyecto Turismo Rural<\/em><\/strong><\/span>, y disfrutar de una escogida muestra de la gastronom\u00eda del lugar, para concluir con un almuerzo con sus mejores especialidades acompa\u00f1ados de los famosos vinos chilenos. <span style=\"color: #000080;\"><strong><em>A los postres, el programa oficial con las autoridades de la regi\u00f3n acompa\u00f1ados del Secretario General de la OMT, Dr. Francesco Franglialli, intervenciones a las que, por su importancia, nos referiremos al final de este recordado reportaje.<\/em><\/strong><\/span><\/p>\n<div id=\"attachment_43209\" style=\"width: 610px\" class=\"wp-caption aligncenter\"><a href=\"https:\/\/www.turistamagazine.com\/v2\/wp-content\/uploads\/2020\/01\/Rodeo.jpg\"><img decoding=\"async\" aria-describedby=\"caption-attachment-43209\" class=\"wp-image-43209\" src=\"https:\/\/www.turistamagazine.com\/v2\/wp-content\/uploads\/2020\/01\/Rodeo.jpg\" alt=\"\" width=\"600\" height=\"364\" srcset=\"https:\/\/www.turistamagazine.com\/v2\/wp-content\/uploads\/2020\/01\/Rodeo.jpg 660w, https:\/\/www.turistamagazine.com\/v2\/wp-content\/uploads\/2020\/01\/Rodeo-300x182.jpg 300w, https:\/\/www.turistamagazine.com\/v2\/wp-content\/uploads\/2020\/01\/Rodeo-610x370.jpg 610w\" sizes=\"(max-width: 600px) 100vw, 600px\" \/><\/a><p id=\"caption-attachment-43209\" class=\"wp-caption-text\"><em><span style=\"color: #000080;\">Una buena gr\u00e1fica de un momento importante del acoso de las reses en el rodeo chileno, deporte t\u00edpico popular del espacio rural de Chile, que se ofreci\u00f3 en la comuna de Coltauco, a los asistentes a la XIII Asamblea General de la Organizaci\u00f3n Mundial del Turismo, en el a\u00f1o 1999. F\/a. Juan G. Mu\u00f1oz.<\/span><\/em><\/p><\/div>\n<p style=\"text-align: justify;\">Ven\u00edan a continuaci\u00f3n del programa, lo que llamar\u00edan <span style=\"color: #000080;\"><strong><em>\u201cjuegos criollos\u201d<\/em><\/strong><\/span> con una exhibici\u00f3n donde para nosotros destacaba la presencia de <strong><em><span style=\"color: #000080;\">\u201cel palo encebado\u201d y \u201clas carreras de sacos\u201d<\/span>,<\/em><\/strong> los cuales lamentablemente no pudieron celebrarse debido a lo adelantado de la hora, por lo que nos dej\u00f3 con la inc\u00f3gnita: <span style=\"color: #000080;\"><strong><em>\u00bfEn qu\u00e9 lugar nacieron esas tradiciones con las que tanto disfrut\u00e1ramos en las Islas Canarias?<\/em><\/strong><\/span><\/p>\n<p style=\"text-align: justify;\">Siguiendo el programa, visitar\u00edamos una de las bodegas mejores de la zona, Chateau Los Boldos, fundada en 1950 por una familia vasca de origen espa\u00f1ol, que hab\u00eda tenido una importante expansi\u00f3n internacional en los \u00faltimos a\u00f1os cosechando varios premios internacionales con sus vinos, considerados unas de las mejores producciones chilenas. Sus instalaciones y su perfecta organizaci\u00f3n estaban preparadas para recibir las visitas tur\u00edsticas.<\/p>\n<p><span style=\"color: #000080;\"><b>EL D\u00cdA\u00a0MUNDIAL DEL TURISMO 1999<\/b><\/span><\/p>\n<p style=\"text-align: justify;\">La Ruta Huaca, es un circuito integrado de turismo rural creado al amparo de peque\u00f1os y medianos campesinos, que tiene como objeto principal ofrecer productos de excelente calidad que conecta al turista con lo m\u00e1s tradicional de la cultura huaca, sus actividades agropecuarias, la vida del campesino y sus funciones dentro del ecoturismo. Este circuito permit\u00eda a las familias campesinas generar nuevas fuentes de ingresos\u00a0 y de actividad laborar a la vez de conservar y poner en valor los recursos culturales naturales de las localidades.<\/p>\n<div id=\"attachment_24710\" style=\"width: 610px\" class=\"wp-caption aligncenter\"><a href=\"https:\/\/www.turistamagazine.com\/v2\/wp-content\/uploads\/2016\/08\/remoteImage-6.jpg\"><img decoding=\"async\" aria-describedby=\"caption-attachment-24710\" class=\"wp-image-24710\" src=\"https:\/\/www.turistamagazine.com\/v2\/wp-content\/uploads\/2016\/08\/remoteImage-6-968x1024.jpg\" alt=\"\" width=\"600\" height=\"635\" \/><\/a><p id=\"caption-attachment-24710\" class=\"wp-caption-text\"><span style=\"color: #000080;\"><em>En la sede la OMT, Madrid, conmemorando su fundaci\u00f3n, junto al profesor franc\u00e9s Francesco Franglialli, ex Secretario General de la Organizaci\u00f3n Mundial del Turismo, OMT, qui\u00e9n durante su exitoso mandato estuvo pendiente siempre de la evoluci\u00f3n de nuestra actividad en los nuevos modelos de la ense\u00f1anza tur\u00edstica, influyendo en ella como asesor, con su cuidada preparaci\u00f3n y conocimiento.<\/em><\/span><\/p><\/div>\n<p style=\"text-align: justify;\">Ah\u00ed, en ese ejemplarizante modelo, Francesco Franglialli, Secretario General de la OMT habl\u00f3 del mensaje conjunto que este organismo y la UNESCO, hab\u00edan emitido para celebrar el D\u00eda Mundial del Turismo 1999.<\/p>\n<p style=\"text-align: justify;\"><span style=\"color: #000080;\"><strong><em>\u201cLa sed del conocimiento y el deseo de disfrutar en persona de las maravilla de nuestro mundo, seguir\u00e1n, sin duda, impulsando el floreciente sector del turismo cultural. Bien gestionado y planificado el turismo cultural cumple una funci\u00f3n esencial en la conservaci\u00f3n y protecci\u00f3n del patrimonio mundial que ya reporta los medios financieros necesarios para desarrollar este cometido.\u201d<\/em><\/strong><\/span><\/p>\n<p style=\"text-align: justify;\">Jorge Carrasco Cornejo, Director General de Turismo de la Regi\u00f3n O\u00b4Higgins, nos dirigir\u00eda su palabra en estos emotivos t\u00e9rminos: <span style=\"color: #000080;\"><strong><em>\u201cSi alguna vez vinieras a esta tierra, navega por la aguas del cari\u00f1o y la generosidad del alma de sus hijos. Escala por las monta\u00f1as de su cultura y tradici\u00f3n cargadas de patrimonio\u00a0 y de su historia. Cabalga por sus campos fecundos con aromas de frutas, sembrados de abrazos amistosos y sonrisas genuinas. Si alguna vez visitas esta tierra, antes de llegar ya eres bienvenido. La encontrar\u00e1s perfumada de familia, abierta a la universalidad de sus lenguajes y expresiones\u2026 a compartir contigo la riqueza de sus cosechas\u2026\u201d<\/em><\/strong><\/span><\/p>\n<div id=\"attachment_32304\" style=\"width: 410px\" class=\"wp-caption aligncenter\"><a href=\"https:\/\/www.turistamagazine.com\/v2\/wp-content\/uploads\/2017\/11\/Vi\u00f1a-de-mar.jpg\"><img decoding=\"async\" aria-describedby=\"caption-attachment-32304\" class=\"wp-image-32304\" src=\"https:\/\/www.turistamagazine.com\/v2\/wp-content\/uploads\/2017\/11\/Vi\u00f1a-de-mar.jpg\" alt=\"\" width=\"400\" height=\"523\" \/><\/a><p id=\"caption-attachment-32304\" class=\"wp-caption-text\"><em><span style=\"color: #000080;\">La irresistible fotograf\u00eda para la posteridad, ante al monumento a un moais, simb\u00f3lica presencia de Isla de Pascua, en las avenidas de Vi\u00f1a del Mar, ya en los a\u00f1os 2000 de nuestra \u00e9poca.<\/span><\/em><\/p><\/div>\n<p><span style=\"color: #000080;\"><em><strong>EP\u00cdLOGO<\/strong><\/em><\/span><\/p>\n<p style=\"text-align: justify;\">Extracto de un reportaje publicado hace 20 a\u00f1os que por su universalidad conserva toda su vigencia, tanto en las expresiones de aquellos visionarios recordados dirigentes del turismo mundial, como en el modelo de <strong><em><span style=\"color: #003366;\">La Ruta Guaca, la Bodega Chateau los Boldos, las memorables muestras del folklore chileno, o sus mas ancestrales deportes, acompa\u00f1ados de esa a\u00f1orada gastronom\u00eda chilena, presente en toda su costa del Pacifico, un muestra que fue muy bien presentada con la elegancia innata del chileno, que nos llevaba desde el Club Rotario Calle-Calle en Valdivia, hasta los lujosos salones del desaparecido Hotel Crill\u00f3n, la figura de su creador Fernando Shali;\u00a0 de Villa del Mar, o\u00a0 m\u00e1s all\u00e1 en la inmensidad del Oc\u00e9ano Pac\u00edfico al Archipi\u00e9lago Juan Fern\u00e1ndez,<\/span><\/em><\/strong> de tantos inolvidables recuerdos para nosotros, no s\u00f3lo por sus imponentes langostas ni su salm\u00f3n de roca, sino por las inolvidables aventuras que en aquellos pe\u00f1ascos disfrutamos en la celebraci\u00f3n del 400 aniversarios de su descubrimiento.<\/p>\n<p><span style=\"color: #003366;\"><strong><em>Recordar es vivir. <\/em><\/strong><\/span><\/p>\n<p>*Del Grupo de Expertos de la Organizaci\u00f3n Mundial del Turismo. UNTWO.<\/p>\n<p>&nbsp;<\/p>\n<p>&nbsp;<\/p>\n<p>&nbsp;<\/p>\n<p>&nbsp;<\/p>\n<p>&nbsp;<\/p>\n<p>&nbsp;<\/p>\n","protected":false},"excerpt":{"rendered":"<p>Durante la XIII Asamblea General de la Organizaci\u00f3n Mundial del Turismo, en Santiago de Chile, junto al inolvidable Serge Perrot \u2013 a la izquierda \u2013 presidente de la AMFORHT (Asociaci\u00f3n Mundial para la Formaci\u00f3n Profesional Hotelera y Tur\u00edstica)\u00a0 y al centro, el Ministro de Turismo de Chile. \u201cSe concebir\u00e1n las infraestructuras y se programar\u00e1n las actividades tur\u00edsticas de forma que se proteja el patrimonio natural que constituyen los ecosistemas y la diversidad biol\u00f3gica\u201d Del C\u00f3digo \u00c9tico Mundial para el Turismo. LA XIII ASAMBLEA GENERAL DE LA ORGANIZACI\u00d3N MUNDIAL DEL TURISMO Para mi admirado ex alumno Jos\u00e9 Antonio Barrueto, y el&#8230;<\/p>\n","protected":false},"author":1,"featured_media":43215,"comment_status":"open","ping_status":"open","sticky":false,"template":"","format":"standard","meta":{"footnotes":""},"categories":[85],"tags":[284,934,7471,1027,6132,749],"class_list":["post-43206","post","type-post","status-publish","format-standard","has-post-thumbnail","hentry","category-colum-invitados","tag-antonio-pedro-tejera-reyes","tag-chile","tag-elenita-villar-asesora-de-tesis-en-turismo","tag-latinoamerica","tag-portal-de-noticias-turistamagazine","tag-turistamagazine"],"_links":{"self":[{"href":"https:\/\/www.turistamagazine.com\/v2\/index.php?rest_route=\/wp\/v2\/posts\/43206","targetHints":{"allow":["GET"]}}],"collection":[{"href":"https:\/\/www.turistamagazine.com\/v2\/index.php?rest_route=\/wp\/v2\/posts"}],"about":[{"href":"https:\/\/www.turistamagazine.com\/v2\/index.php?rest_route=\/wp\/v2\/types\/post"}],"author":[{"embeddable":true,"href":"https:\/\/www.turistamagazine.com\/v2\/index.php?rest_route=\/wp\/v2\/users\/1"}],"replies":[{"embeddable":true,"href":"https:\/\/www.turistamagazine.com\/v2\/index.php?rest_route=%2Fwp%2Fv2%2Fcomments&post=43206"}],"version-history":[{"count":3,"href":"https:\/\/www.turistamagazine.com\/v2\/index.php?rest_route=\/wp\/v2\/posts\/43206\/revisions"}],"predecessor-version":[{"id":43213,"href":"https:\/\/www.turistamagazine.com\/v2\/index.php?rest_route=\/wp\/v2\/posts\/43206\/revisions\/43213"}],"wp:featuredmedia":[{"embeddable":true,"href":"https:\/\/www.turistamagazine.com\/v2\/index.php?rest_route=\/wp\/v2\/media\/43215"}],"wp:attachment":[{"href":"https:\/\/www.turistamagazine.com\/v2\/index.php?rest_route=%2Fwp%2Fv2%2Fmedia&parent=43206"}],"wp:term":[{"taxonomy":"category","embeddable":true,"href":"https:\/\/www.turistamagazine.com\/v2\/index.php?rest_route=%2Fwp%2Fv2%2Fcategories&post=43206"},{"taxonomy":"post_tag","embeddable":true,"href":"https:\/\/www.turistamagazine.com\/v2\/index.php?rest_route=%2Fwp%2Fv2%2Ftags&post=43206"}],"curies":[{"name":"wp","href":"https:\/\/api.w.org\/{rel}","templated":true}]}}