{"id":42799,"date":"2019-11-30T09:53:51","date_gmt":"2019-11-30T14:53:51","guid":{"rendered":"http:\/\/www.turistamagazine.com\/v2\/?p=42799"},"modified":"2019-11-30T09:53:51","modified_gmt":"2019-11-30T14:53:51","slug":"air-europa-iberia-asegura-que-le-dara-especial-atencion-la-marca","status":"publish","type":"post","link":"https:\/\/www.turistamagazine.com\/v2\/?p=42799","title":{"rendered":"AIR EUROPA: IBERIA ASEGURA QUE LE DAR\u00c1 ESPECIAL ATENCI\u00d3N LA MARCA"},"content":{"rendered":"<p style=\"text-align: center;\"><strong><em><span style=\"color: #000080;\">SE ATENDER\u00c1 A DOS SEGMENTOS DE CLIENTES DIFERENTES<\/span><\/em><\/strong><\/p>\n<p style=\"text-align: justify;\"><strong>30\/\/11\/2019\/ \/Espa\u00f1a.- <\/strong>Luis Gallego presidente de Iberia, ha indicado que su intenci\u00f3n es mantener y seguir impulsando la marca Air Europa. <em><strong><span style=\"color: #000080;\">\u201cAhora mismo nos funciona muy bien tener las marcas Iberia y Air Europa. As\u00ed es c\u00f3mo vamos a comenzar y nuestra vocaci\u00f3n es seguir desarrollando ambas\u201d<\/span><\/strong><\/em>, ha asegurado Gallego.<\/p>\n<p style=\"text-align: justify;\">Adem\u00e1s, el ejecutivo ha se\u00f1alado que es necesario que el hub de la capital espa\u00f1ola tenga dos marcas para, as\u00ed, atender <strong><em><span style=\"color: #000080;\">\u201ca dos segmentos de clientes diferentes\u201d<\/span>.<\/em><\/strong> Para Gallegos, el poder convertirse en una compa\u00f1\u00eda m\u00e1s grande y eficiente tambi\u00e9n supone proteger el empleo, como demuestra la historia de crecimiento de las compa\u00f1\u00edas que se han ido incorporando al grupo, ya sea Vueling, Aer Lingus o la creaci\u00f3n de Iberia Express, seg\u00fan informa El Pa\u00eds.<\/p>\n<p style=\"text-align: justify;\">Por otro lado, el presidente de la aerol\u00ednea del grupo IAG ha asegurado en el encuentro Di\u00e1logos Servimedia que la adquisici\u00f3n de Air Europa <span style=\"color: #000080;\"><strong><em>\u201ces beneficiosa para el consumidor\u201d porque gracias a ella podr\u00e1 ofrecer \u201cm\u00e1s rutas, mejores horarios y mejores precios\u201d.<\/em><\/strong><\/span><\/p>\n<p style=\"text-align: justify;\">Adem\u00e1s, ha indicado que su equipo ha hecho todos los an\u00e1lisis pertinentes antes de firmar la compra y que, por tanto, puede asegurar que esta ser\u00e1 positiva para los clientes. En cuanto al proceso de compra, Iberia espera que las autoridades europeas de la competencia aprueben la compra y considera que la operaci\u00f3n debe analizarse en Bruselas, pues a muchos tr\u00e1ficos internacionales.<\/p>\n<p>F\/ REPORTUR.com.ar<\/p>\n","protected":false},"excerpt":{"rendered":"<p>SE ATENDER\u00c1 A DOS SEGMENTOS DE CLIENTES DIFERENTES 30\/\/11\/2019\/ \/Espa\u00f1a.- Luis Gallego presidente de Iberia, ha indicado que su intenci\u00f3n es mantener y seguir impulsando la marca Air Europa. \u201cAhora mismo nos funciona muy bien tener las marcas Iberia y Air Europa. As\u00ed es c\u00f3mo vamos a comenzar y nuestra vocaci\u00f3n es seguir desarrollando ambas\u201d, ha asegurado Gallego. Adem\u00e1s, el ejecutivo ha se\u00f1alado que es necesario que el hub de la capital espa\u00f1ola tenga dos marcas para, as\u00ed, atender \u201ca dos segmentos de clientes diferentes\u201d. Para Gallegos, el poder convertirse en una compa\u00f1\u00eda m\u00e1s grande y eficiente tambi\u00e9n supone proteger&#8230;<\/p>\n","protected":false},"author":1,"featured_media":0,"comment_status":"open","ping_status":"open","sticky":false,"template":"","format":"standard","meta":{"footnotes":""},"categories":[4,84],"tags":[3839,9400,153,4473,828,4581,2359,8369],"class_list":["post-42799","post","type-post","status-publish","format-standard","hentry","category-breaking-news","category-internacionales","tag-turista-magazine-destinos","tag-aer-lingus","tag-air-europa","tag-iag","tag-iberia","tag-iberia-express","tag-iberia-y-vueling","tag-luis-gallego"],"_links":{"self":[{"href":"https:\/\/www.turistamagazine.com\/v2\/index.php?rest_route=\/wp\/v2\/posts\/42799","targetHints":{"allow":["GET"]}}],"collection":[{"href":"https:\/\/www.turistamagazine.com\/v2\/index.php?rest_route=\/wp\/v2\/posts"}],"about":[{"href":"https:\/\/www.turistamagazine.com\/v2\/index.php?rest_route=\/wp\/v2\/types\/post"}],"author":[{"embeddable":true,"href":"https:\/\/www.turistamagazine.com\/v2\/index.php?rest_route=\/wp\/v2\/users\/1"}],"replies":[{"embeddable":true,"href":"https:\/\/www.turistamagazine.com\/v2\/index.php?rest_route=%2Fwp%2Fv2%2Fcomments&post=42799"}],"version-history":[{"count":1,"href":"https:\/\/www.turistamagazine.com\/v2\/index.php?rest_route=\/wp\/v2\/posts\/42799\/revisions"}],"predecessor-version":[{"id":42800,"href":"https:\/\/www.turistamagazine.com\/v2\/index.php?rest_route=\/wp\/v2\/posts\/42799\/revisions\/42800"}],"wp:attachment":[{"href":"https:\/\/www.turistamagazine.com\/v2\/index.php?rest_route=%2Fwp%2Fv2%2Fmedia&parent=42799"}],"wp:term":[{"taxonomy":"category","embeddable":true,"href":"https:\/\/www.turistamagazine.com\/v2\/index.php?rest_route=%2Fwp%2Fv2%2Fcategories&post=42799"},{"taxonomy":"post_tag","embeddable":true,"href":"https:\/\/www.turistamagazine.com\/v2\/index.php?rest_route=%2Fwp%2Fv2%2Ftags&post=42799"}],"curies":[{"name":"wp","href":"https:\/\/api.w.org\/{rel}","templated":true}]}}