{"id":42470,"date":"2019-11-08T15:07:17","date_gmt":"2019-11-08T20:07:17","guid":{"rendered":"http:\/\/www.turistamagazine.com\/v2\/?p=42470"},"modified":"2019-11-08T15:08:51","modified_gmt":"2019-11-08T20:08:51","slug":"ante-la-intransigencia-la-ingratitud-y-la-soberbia","status":"publish","type":"post","link":"https:\/\/www.turistamagazine.com\/v2\/?p=42470","title":{"rendered":"ANTE LA INTRANSIGENCIA, LA INGRATITUD Y LA SOBERBIA"},"content":{"rendered":"<p style=\"text-align: left;\"><strong><em><span style=\"color: #000080;\">\u201cLos recuerdos son migajas que un mendigo nos pidi\u00f3 \/ son renglones de la vida que en un libro se escribi\u00f3.\u00a0 Los recuerdos son fantasmas que me acechan por doquier \/ son las cosas que pasaron para nunca mas volver\u2026\u201d Conchita Abreu Rascaniere.<\/span><\/em><\/strong><\/p>\n<p style=\"text-align: center;\"><span style=\"color: #000080;\"><em><strong>\u201c<\/strong><\/em><strong><em>POR SUS HECHOS LES<\/em><\/strong><em> <strong>CONOCER\u00c9IS\u00bb<\/strong><\/em><\/span><\/p>\n<div id=\"attachment_31988\" style=\"width: 122px\" class=\"wp-caption alignleft\"><a href=\"https:\/\/www.turistamagazine.com\/v2\/wp-content\/uploads\/2017\/10\/Don-Antonio-Tejera-210x300.jpg\"><img decoding=\"async\" aria-describedby=\"caption-attachment-31988\" class=\"size-full wp-image-31988\" src=\"https:\/\/www.turistamagazine.com\/v2\/wp-content\/uploads\/2017\/10\/Don-Antonio-Tejera-210x300.jpg\" alt=\"\" width=\"112\" height=\"160\" \/><\/a><p id=\"caption-attachment-31988\" class=\"wp-caption-text\">Dr. Antonio Pedro Tejera Reyes<\/p><\/div>\n<p style=\"text-align: justify;\"><em><span style=\"color: #000080;\"><strong>Hay un momento en la vida, que por el proceso natural del tiempo, las cosas se acaban<\/strong><\/span><\/em>. Y ves que t\u00fa ya no ser\u00e1s el mismo, que todo ha cambiado\u2026 Que no se puede confundir un Rolls Royce con una bicicleta\u2026 Que hay gentes que se quieren comparar a otras y no les sirven ni para limpiarle los zapatos\u2026<\/p>\n<p style=\"text-align: justify;\"><em><span style=\"color: #000080;\"><strong>El paso natural del tiempo es irreversible<\/strong>, y <strong>\u201cpor sus hechos les<\/strong> <\/span><\/em><strong><em><span style=\"color: #000080;\">conocer\u00e9is\u201d<\/span><\/em>.<\/strong> Esa es la \u00fanica realidad existente, sin ning\u00fan g\u00e9nero de dudas, ni nada que pueda contradecirle. (Inspirado en el pensamiento de Josep Guardiola)<\/p>\n<p style=\"text-align: justify;\">Algunas circunstancias que van ocurriendo en nuestra larga vida, nos traen al escenario, varias secuencias. Una de ellas, persistente en nuestra memoria como si hubiese sido una premonici\u00f3n en nuestra vida, cuando all\u00e1 por los a\u00f1os cincuenta del pasado siglo participamos en la inmortal obra de Calder\u00f3n de la Barca. <em><strong><span style=\"color: #000080;\">\u201cEl Gran Teatro del Mundo\u201d<\/span><\/strong><\/em> escenificada en el <em><strong><span style=\"color: #000080;\">Teatro Guimer\u00e1 de Santa Cruz de Tenerife, y nuestro papel era simplemente el de hacer de una sombra\u2026<\/span><\/strong><\/em><\/p>\n<p style=\"text-align: justify;\">Rememorando esa situaci\u00f3n, hoy, ante las circunstancia que vivimos, asumimos con toda responsabilidad, que en al acontecer del mundo, ese es el papel que se nos asign\u00f3 sin casi ninguna otra variable\u2026<\/p>\n<p style=\"text-align: justify;\">Cuando a seres intr\u00e9pidos cargados seguramente de sus razonamientos, les vemos destruir todo lo que se les pone por delante, no tenemos\u00a0 m\u00e1s remedio que confluir en esos pensamientos.<\/p>\n<p style=\"text-align: justify;\">La inspiraci\u00f3n que nos diera para escribir nuestro art\u00edculo sobre\u00a0 <em><strong><span style=\"color: #000080;\">\u201cCultura de Paz, frente al ego\u00edsmo y la ingratitud\u201d<\/span><\/strong><\/em>, viene precedida de todo este pre\u00e1mbulo que hemos ahora comentado. Que una conversaci\u00f3n, una actitud personal, o unos sucesos\u00a0 en nuestro alrededor,\u00a0 nos hayan llevado a plasmar en el aire nuestra visi\u00f3n de semejantes lacras de la humanidad, no quieren decir, naturalmente, que estemos se\u00f1alando a nadie en particular, con much\u00edsimas menos raz\u00f3n a quienes sabemos no comulgan precisamente con esas ostitas.<\/p>\n<p style=\"text-align: justify;\">Estamos claros en que\u00a0 cuando hay personas que necesitan <em><strong><span style=\"color: #000080;\">\u201cagarrase a un clavo ardiendo\u201d<\/span><\/strong><\/em> para justificar sus acciones, cualquier ocurrencia o episodio, les da la entrada\u00a0 a su ego intentado explicar lo que no tiene ninguna explicaci\u00f3n, ni nada que lo sustente, por supuesto sin ninguna necesidad de ello, pues no tienen nada que ver con ellas mimas. Si\u00a0 no es as\u00ed, eso se llama en el argo espa\u00f1ol <em><strong><span style=\"color: #000080;\">\u201crespirar por la herida\u201d.<\/span><\/strong><\/em><\/p>\n<p style=\"text-align: justify;\">Dec\u00eda Benjam\u00edn Franklin en una de sus muchas reflexiones que hab\u00eda tomado la decisi\u00f3n de no contradecir directamente a nadie, siempre usaba palabras suaves para oponerse a algo que sab\u00eda no se ajuntaba a la realidad o estaba errado. Palabras y frases, por ejemplo como <em><strong><span style=\"color: #000080;\">\u201cal parecer\u201d, \u201cen alguna ocasi\u00f3n\u201d, \u201cpodr\u00eda ser\u201d, etc. etc.<\/span><\/strong><\/em> le hab\u00edan servido para disfrutar mejor sus reuniones amistosas, sus di\u00e1logos con amigos, e incluso en su correspondencia.<\/p>\n<p style=\"text-align: justify;\">Indudables valores que tendr\u00edamos que analizar en nuestras relaciones mas \u00edntimas, si de verdad queremos que desprendan la cordialidad y el amor que debi\u00e9ramos desear.<\/p>\n<p style=\"text-align: justify;\">Los arrebatos instant\u00e1neos, sin reflexi\u00f3n alguna, y las supuestas implicaciones en las letras y las palabras que giran a nuestro alrededor, deber\u00edan ce\u00f1irse a esa reflexi\u00f3n de Benjam\u00edn Franklin.<\/p>\n<p style=\"text-align: justify;\"><em><span style=\"color: #000080;\"><strong>No todo lo que nos inspira procede de hechos y realidades de quienes lo hacen. Los ejemplos los pod\u00edamos transcribir en decenas de p\u00e1ginas.<\/strong><\/span><\/em><\/p>\n<p style=\"text-align: justify;\">Un buen ejemplo es esa <em><strong><span style=\"color: #000080;\">\u201csombra\u201d de \u201cEl Gran Teatro del Mundo\u201d<\/span><\/strong><\/em> que hoy nos ha venido al recuerdo., o el pensamiento de las andanzas de un tal Ayarza, que nos llevan de un lado a otro a reflexionar, inspirados naturalmente, sobre la maldad, la bondad, el ego\u00edsmo y la ingratitud\u2026<\/p>\n<p style=\"text-align: justify;\">La tristeza nos embarga muchas veces, ante los hechos reprobables que vemos algunas personas tienes que soportar. De palabra y de obra.<\/p>\n<p><a href=\"https:\/\/www.turistamagazine.com\/v2\/wp-content\/uploads\/2019\/11\/ROSA.jpg\"><img decoding=\"async\" class=\"aligncenter wp-image-42472\" src=\"https:\/\/www.turistamagazine.com\/v2\/wp-content\/uploads\/2019\/11\/ROSA.jpg\" alt=\"\" width=\"600\" height=\"369\" srcset=\"https:\/\/www.turistamagazine.com\/v2\/wp-content\/uploads\/2019\/11\/ROSA.jpg 420w, https:\/\/www.turistamagazine.com\/v2\/wp-content\/uploads\/2019\/11\/ROSA-300x184.jpg 300w\" sizes=\"(max-width: 600px) 100vw, 600px\" \/><\/a><\/p>\n<p style=\"text-align: justify;\">Nos percatamos seriamente de que somos solo esa <em><strong><span style=\"color: #000080;\">\u201csombra\u201d<\/span><\/strong><\/em> aludida, que solo puede vivir en su entorno, sujeto, claro est\u00e1, a las interpretaciones que se les quiera dar a cuanto dicen o escriben, siempre con el mejor de los sentidos rotarios, <em><strong><span style=\"color: #000080;\">\u201cdar de si antes de pensar en si\u201d o \u201cservir es mi ocupaci\u00f3n\u201d,<\/span><\/strong><\/em> algo que ha marcado nuestra vida lejos de una soberbia que solo alimenta alguna triste alucinaci\u00f3n, sin hecho alguno que la respalde., si no, precisamente, todo lo contrario.<\/p>\n<p style=\"text-align: justify;\"><em><strong><span style=\"color: #000080;\">\u201cPor sus hechos les conocer\u00e9is\u201d. Servir es mi ocupaci\u00f3n. \u00a0<\/span><\/strong><\/em><\/p>\n<p style=\"text-align: justify;\"><em><strong><span style=\"color: #000080;\">\u00a0<\/span><\/strong><\/em><\/p>\n<p><strong>*Del Grupo de Expertos de la Organizaci\u00f3n Mundial del Turismo. UNTWO.<\/strong><\/p>\n<p><strong>\u00a0<\/strong><\/p>\n","protected":false},"excerpt":{"rendered":"<p>\u201cLos recuerdos son migajas que un mendigo nos pidi\u00f3 \/ son renglones de la vida que en un libro se escribi\u00f3.\u00a0 Los recuerdos son fantasmas que me acechan por doquier \/ son las cosas que pasaron para nunca mas volver\u2026\u201d Conchita Abreu Rascaniere. \u201cPOR SUS HECHOS LES CONOCER\u00c9IS\u00bb Hay un momento en la vida, que por el proceso natural del tiempo, las cosas se acaban. Y ves que t\u00fa ya no ser\u00e1s el mismo, que todo ha cambiado\u2026 Que no se puede confundir un Rolls Royce con una bicicleta\u2026 Que hay gentes que se quieren comparar a otras y no&#8230;<\/p>\n","protected":false},"author":1,"featured_media":42471,"comment_status":"open","ping_status":"open","sticky":false,"template":"","format":"standard","meta":{"footnotes":""},"categories":[85],"tags":[284,7509,6132,749],"class_list":["post-42470","post","type-post","status-publish","format-standard","has-post-thumbnail","hentry","category-colum-invitados","tag-antonio-pedro-tejera-reyes","tag-elenita-honores","tag-portal-de-noticias-turistamagazine","tag-turistamagazine"],"_links":{"self":[{"href":"https:\/\/www.turistamagazine.com\/v2\/index.php?rest_route=\/wp\/v2\/posts\/42470","targetHints":{"allow":["GET"]}}],"collection":[{"href":"https:\/\/www.turistamagazine.com\/v2\/index.php?rest_route=\/wp\/v2\/posts"}],"about":[{"href":"https:\/\/www.turistamagazine.com\/v2\/index.php?rest_route=\/wp\/v2\/types\/post"}],"author":[{"embeddable":true,"href":"https:\/\/www.turistamagazine.com\/v2\/index.php?rest_route=\/wp\/v2\/users\/1"}],"replies":[{"embeddable":true,"href":"https:\/\/www.turistamagazine.com\/v2\/index.php?rest_route=%2Fwp%2Fv2%2Fcomments&post=42470"}],"version-history":[{"count":3,"href":"https:\/\/www.turistamagazine.com\/v2\/index.php?rest_route=\/wp\/v2\/posts\/42470\/revisions"}],"predecessor-version":[{"id":42475,"href":"https:\/\/www.turistamagazine.com\/v2\/index.php?rest_route=\/wp\/v2\/posts\/42470\/revisions\/42475"}],"wp:featuredmedia":[{"embeddable":true,"href":"https:\/\/www.turistamagazine.com\/v2\/index.php?rest_route=\/wp\/v2\/media\/42471"}],"wp:attachment":[{"href":"https:\/\/www.turistamagazine.com\/v2\/index.php?rest_route=%2Fwp%2Fv2%2Fmedia&parent=42470"}],"wp:term":[{"taxonomy":"category","embeddable":true,"href":"https:\/\/www.turistamagazine.com\/v2\/index.php?rest_route=%2Fwp%2Fv2%2Fcategories&post=42470"},{"taxonomy":"post_tag","embeddable":true,"href":"https:\/\/www.turistamagazine.com\/v2\/index.php?rest_route=%2Fwp%2Fv2%2Ftags&post=42470"}],"curies":[{"name":"wp","href":"https:\/\/api.w.org\/{rel}","templated":true}]}}