{"id":42457,"date":"2019-11-08T09:35:14","date_gmt":"2019-11-08T14:35:14","guid":{"rendered":"http:\/\/www.turistamagazine.com\/v2\/?p=42457"},"modified":"2019-11-08T09:35:14","modified_gmt":"2019-11-08T14:35:14","slug":"stephen-rapp-nuevo-ceo-de-viva-air-peru","status":"publish","type":"post","link":"https:\/\/www.turistamagazine.com\/v2\/?p=42457","title":{"rendered":"STEPHEN RAPP NUEVO CEO DE \u00a0VIVA AIR PER\u00da"},"content":{"rendered":"<p style=\"text-align: center;\"><span style=\"color: #000080;\"><strong><em>Air ser\u00e1 el encargado de liderar la aerol\u00ednea como nuevo CEO de Viva Air Per\u00fa.<\/em><\/strong><\/span><\/p>\n<p style=\"text-align: justify;\">08\/11\/2019\/ Lima.-. Como parte de su plan de expansi\u00f3n, crecimiento estrat\u00e9gico y consolidaci\u00f3n en Per\u00fa y Latinoam\u00e9rica, el Grupo Viva Air anuncia a Stephen Rapp como nuevo CEO de Viva Air Per\u00fa, quien estar\u00e1 a cargo de dirigir las operaciones y nuevos retos la aerol\u00ednea de Bajo Costo l\u00edder de la regi\u00f3n.<\/p>\n<p style=\"text-align: justify;\"><strong><em><span style=\"color: #000080;\">\u201cCon dos a\u00f1os de operaciones en el Per\u00fa, y una participaci\u00f3n del mercado del 11%, en Viva Air estamos cambiando la forma de volar, permitiendo que cada vez m\u00e1s peruanos tengan la oportunidad de volar en avi\u00f3n. Tengo el gran reto de seguir consolidando la aerol\u00ednea de Bajo Costo y llevar el \u201cEfecto Viva\u201d a todos los destinos donde operamos, para continuar democratizando los cielos. Me siento feliz y orgulloso de este<\/span> <span style=\"color: #000080;\">gran reto y cuento con un equipo profesional para seguir fortaleciendo a Viva Air en El Per\u00fa\u201d<\/span><\/em>,<\/strong> coment\u00f3 Stephen Rapp, nuevo CEO de Viva Air Per\u00fa.<\/p>\n<p style=\"text-align: justify;\">El nuevo CEO de Viva Air Per\u00fa, Stephen Rapp es un experto en la industria aerocomercial, especialmente en el modelo de Bajo Costo. En los \u00faltimos cinco a\u00f1os se desempe\u00f1\u00f3 como Vicepresidente Comercial y Vicepresidente Financiero, tambi\u00e9n dentro del Grupo Viva Air.<\/p>\n<p style=\"text-align: justify;\">Entre sus logros dentro de la aerol\u00ednea, se destacan el establecimiento de la estructura de <strong><em><span style=\"color: #000080;\">\u201cViva Latinoam\u00e9rica Holding\u201d<\/span>;<\/em><\/strong> su participaci\u00f3n de manera activa en el lanzamiento de <span style=\"color: #000080;\"><strong><em>\u201cViva Air Per\u00fa\u201d<\/em><\/strong><\/span> desde la concepci\u00f3n, la planificaci\u00f3n y la ejecuci\u00f3n del plan de negocios de la Compa\u00f1\u00eda hasta su materializaci\u00f3n. Adem\u00e1s, fue parte clave para la construcci\u00f3n de marca <span style=\"color: #000080;\"><strong><em>\u201cViva Air\u201d<\/em><\/strong><\/span> y es un gran conocedor del funcionamiento y las din\u00e1micas del sector aeron\u00e1utico.<\/p>\n<p style=\"text-align: justify;\"><span style=\"color: #000080;\"><strong><em>\u201cViva Air\u201d<\/em><\/strong><\/span> agradece la gesti\u00f3n de <span style=\"color: #000080;\"><strong><em>Eduardo Fairen, quien se desempe\u00f1\u00f3 como CEO de Viva Air Per\u00fa desde enero de 2018. Cabe mencionar que Fairen estuvo al servicio del Grupo Viva Air durante casi seis a\u00f1os, siendo el gestor y testigo de su crecimiento y desarrollo. En su rol en Per\u00fa, logr\u00f3 registrar un crecimiento del 100% en las operaciones, la apertura de 12 destinos nacionales <\/em><\/strong><\/span><\/p>\n","protected":false},"excerpt":{"rendered":"<p>Air ser\u00e1 el encargado de liderar la aerol\u00ednea como nuevo CEO de Viva Air Per\u00fa. 08\/11\/2019\/ Lima.-. Como parte de su plan de expansi\u00f3n, crecimiento estrat\u00e9gico y consolidaci\u00f3n en Per\u00fa y Latinoam\u00e9rica, el Grupo Viva Air anuncia a Stephen Rapp como nuevo CEO de Viva Air Per\u00fa, quien estar\u00e1 a cargo de dirigir las operaciones y nuevos retos la aerol\u00ednea de Bajo Costo l\u00edder de la regi\u00f3n. \u201cCon dos a\u00f1os de operaciones en el Per\u00fa, y una participaci\u00f3n del mercado del 11%, en Viva Air estamos cambiando la forma de volar, permitiendo que cada vez m\u00e1s peruanos tengan la oportunidad&#8230;<\/p>\n","protected":false},"author":1,"featured_media":42458,"comment_status":"open","ping_status":"open","sticky":false,"template":"","format":"standard","meta":{"footnotes":""},"categories":[4,82],"tags":[134,99,9339,749,5078,6859],"class_list":["post-42457","post","type-post","status-publish","format-standard","has-post-thumbnail","hentry","category-breaking-news","category-nacionales","tag-cusco","tag-elenita-villar","tag-stephen-rapp","tag-turistamagazine","tag-ver-todos","tag-viva-air-peru"],"_links":{"self":[{"href":"https:\/\/www.turistamagazine.com\/v2\/index.php?rest_route=\/wp\/v2\/posts\/42457","targetHints":{"allow":["GET"]}}],"collection":[{"href":"https:\/\/www.turistamagazine.com\/v2\/index.php?rest_route=\/wp\/v2\/posts"}],"about":[{"href":"https:\/\/www.turistamagazine.com\/v2\/index.php?rest_route=\/wp\/v2\/types\/post"}],"author":[{"embeddable":true,"href":"https:\/\/www.turistamagazine.com\/v2\/index.php?rest_route=\/wp\/v2\/users\/1"}],"replies":[{"embeddable":true,"href":"https:\/\/www.turistamagazine.com\/v2\/index.php?rest_route=%2Fwp%2Fv2%2Fcomments&post=42457"}],"version-history":[{"count":1,"href":"https:\/\/www.turistamagazine.com\/v2\/index.php?rest_route=\/wp\/v2\/posts\/42457\/revisions"}],"predecessor-version":[{"id":42459,"href":"https:\/\/www.turistamagazine.com\/v2\/index.php?rest_route=\/wp\/v2\/posts\/42457\/revisions\/42459"}],"wp:featuredmedia":[{"embeddable":true,"href":"https:\/\/www.turistamagazine.com\/v2\/index.php?rest_route=\/wp\/v2\/media\/42458"}],"wp:attachment":[{"href":"https:\/\/www.turistamagazine.com\/v2\/index.php?rest_route=%2Fwp%2Fv2%2Fmedia&parent=42457"}],"wp:term":[{"taxonomy":"category","embeddable":true,"href":"https:\/\/www.turistamagazine.com\/v2\/index.php?rest_route=%2Fwp%2Fv2%2Fcategories&post=42457"},{"taxonomy":"post_tag","embeddable":true,"href":"https:\/\/www.turistamagazine.com\/v2\/index.php?rest_route=%2Fwp%2Fv2%2Ftags&post=42457"}],"curies":[{"name":"wp","href":"https:\/\/api.w.org\/{rel}","templated":true}]}}