{"id":42364,"date":"2019-10-30T19:03:03","date_gmt":"2019-10-31T00:03:03","guid":{"rendered":"http:\/\/www.turistamagazine.com\/v2\/?p=42364"},"modified":"2019-10-30T19:03:03","modified_gmt":"2019-10-31T00:03:03","slug":"latam-airlines-peru-operara-vuelos-nocturnos-a-talara","status":"publish","type":"post","link":"https:\/\/www.turistamagazine.com\/v2\/?p=42364","title":{"rendered":"LATAM AIRLINES PER\u00da OPERAR\u00c1 VUELOS NOCTURNOS A TALARA"},"content":{"rendered":"<p style=\"text-align: center;\"><span style=\"color: #000080;\"><strong><em>Ser\u00e1 la primera aerol\u00ednea que contar\u00e1 con un horario nocturno a esta ciudad<\/em><\/strong><\/span><\/p>\n<p style=\"text-align: justify;\">30\/10\/2019\/Lima.- En l\u00ednea con su propuesta de ofrecer la mejor conectividad desde, hacia y dentro del pa\u00eds, LATAM Airlines Per\u00fa anunci\u00f3 que a partir del 18\u00a0 noviembre contar\u00e1 con una frecuencia diaria nocturna adicional en la ruta Lima \u2013 Talara \u2013 Lima, convirti\u00e9ndose en la primera aerol\u00ednea en operar vuelos a dicha ciudad en ese horario.<\/p>\n<p style=\"text-align: justify;\"><strong><em><span style=\"color: #000080;\">\u201cEste a\u00f1o, hemos crecido en un 36% en relaci\u00f3n al n\u00famero de pasajeros del a\u00f1o 2018 en esta ruta. Con esta nueva frecuencia buscamos que nuestros pasajeros puedan tener mayores opciones para que disfruten de las maravillas de Talara\u201d<\/span>,<\/em><\/strong> se\u00f1al\u00f3 Manuel van Oordt, Gerente General de LATAM Airlines Per\u00fa.<\/p>\n<p style=\"text-align: justify;\">En un esfuerzo en conjunto de diversas autoridades, se llev\u00f3 a cabo el balizaje del Aeropuerto de Talara, lo que permitir\u00e1 que m\u00e1s turistas puedan llegar a esta ciudad de noche.\u00a0 LATAM buscar\u00e1 continuar mejorando la conectividad a\u00e9rea nacional del Per\u00fa y seguir contribuyendo con el desarrollo de proyectos de gran envergadura que permitan el crecimiento econ\u00f3mico y tur\u00edstico de las localidades.<\/p>\n<p style=\"text-align: justify;\"><span style=\"color: #000080;\"><strong><em>\u201cSaludamos la decisi\u00f3n t\u00e9cnica y pol\u00edtica de las autoridades en sacar adelante el proyecto de balizaje del Aeropuerto de Talara. En especial al Viceministerio de Turismo, a CORPAC, a la Direcci\u00f3n General de Aerona\u00fatica Civil y al concesionario aeroportuario. Como siempre, en LATAM estamos dispuestos y comprometidos en<\/em><\/strong> <strong><em>conectar mejor y m\u00e1s nuestras ciudades, siempre que su infraestructura nos lo permita\u201d<\/em><\/strong> <\/span>agreg\u00f3 van Oordt.<\/p>\n<table style=\"height: 526px;\" width=\"675\">\n<tbody>\n<tr>\n<td width=\"92\"><em><span style=\"color: #000080;\"><strong>Ruta<\/strong><\/span><\/em><\/td>\n<td width=\"189\"><em><span style=\"color: #000080;\"><strong>Frecuencia <\/strong><\/span><\/em><\/td>\n<td width=\"64\"><em><span style=\"color: #000080;\"><strong>Vuelo<\/strong><\/span><\/em><\/td>\n<td width=\"77\"><em><span style=\"color: #000080;\"><strong>Despegue<\/strong><\/span><\/em><\/td>\n<td width=\"76\"><em><span style=\"color: #000080;\"><strong>Aterrizaje<\/strong><\/span><\/em><\/td>\n<\/tr>\n<tr>\n<td rowspan=\"4\" width=\"92\">&nbsp;<\/p>\n<p>&nbsp;<\/p>\n<p><em><span style=\"color: #000080;\">Lima &#8211; Talara<\/span><\/em><\/td>\n<td width=\"189\"><em><span style=\"color: #000080;\">Viernes, S\u00e1bado y Domingo<\/span><\/em><\/td>\n<td width=\"64\"><em><span style=\"color: #000080;\">2218<\/span><\/em><\/td>\n<td width=\"77\"><em><span style=\"color: #000080;\">07:37<\/span><\/em><\/td>\n<td width=\"76\"><em><span style=\"color: #000080;\">09:26<\/span><\/em><\/td>\n<\/tr>\n<tr>\n<td width=\"189\"><em><span style=\"color: #000080;\">Diario<\/span><\/em><\/td>\n<td width=\"64\"><em><span style=\"color: #000080;\">2216<\/span><\/em><\/td>\n<td width=\"77\"><em><span style=\"color: #000080;\">12:37<\/span><\/em><\/td>\n<td width=\"76\"><em><span style=\"color: #000080;\">14:24<\/span><\/em><\/td>\n<\/tr>\n<tr>\n<td width=\"189\"><em><span style=\"color: #000080;\">Diario<\/span><\/em><\/td>\n<td width=\"64\"><em><span style=\"color: #000080;\">2220<\/span><\/em><\/td>\n<td width=\"77\"><em><span style=\"color: #000080;\">14:30<\/span><\/em><\/td>\n<td width=\"76\"><em><span style=\"color: #000080;\">16:17<\/span><\/em><\/td>\n<\/tr>\n<tr>\n<td width=\"189\"><em><span style=\"color: #000080;\"><strong>Diario*<\/strong><\/span><\/em><\/td>\n<td width=\"64\"><em><span style=\"color: #000080;\"><strong>2078<\/strong><\/span><\/em><\/td>\n<td width=\"77\"><em><span style=\"color: #000080;\"><strong>17:08<\/strong><\/span><\/em><\/td>\n<td width=\"76\"><em><span style=\"color: #000080;\"><strong>18:55<\/strong><\/span><\/em><\/td>\n<\/tr>\n<tr>\n<td rowspan=\"4\" width=\"92\">&nbsp;<\/p>\n<p><em><span style=\"color: #000080;\">Talara &#8211; Lima<\/span><\/em><\/td>\n<td width=\"189\"><em><span style=\"color: #000080;\">Viernes, S\u00e1bado y Domingo<\/span><\/em><\/td>\n<td width=\"64\"><em><span style=\"color: #000080;\">2219<\/span><\/em><\/td>\n<td width=\"77\"><em><span style=\"color: #000080;\">09:59<\/span><\/em><\/td>\n<td width=\"76\"><em><span style=\"color: #000080;\">11:32<\/span><\/em><\/td>\n<\/tr>\n<tr>\n<td width=\"189\"><em><span style=\"color: #000080;\">Diario<\/span><\/em><\/td>\n<td width=\"64\"><em><span style=\"color: #000080;\">2217<\/span><\/em><\/td>\n<td width=\"77\"><em><span style=\"color: #000080;\">14:58<\/span><\/em><\/td>\n<td width=\"76\"><em><span style=\"color: #000080;\">16:30<\/span><\/em><\/td>\n<\/tr>\n<tr>\n<td width=\"189\">Diario<\/td>\n<td width=\"64\">2221<\/td>\n<td width=\"77\">16:50<\/td>\n<td width=\"76\">18:22<\/td>\n<\/tr>\n<tr>\n<td width=\"189\"><strong>Diario*<\/strong><\/td>\n<td width=\"64\"><strong>2079<\/strong><\/td>\n<td width=\"77\"><strong>19:28<\/strong><\/td>\n<td width=\"76\"><strong>21:00<\/strong><\/td>\n<\/tr>\n<\/tbody>\n<\/table>\n","protected":false},"excerpt":{"rendered":"<p>Ser\u00e1 la primera aerol\u00ednea que contar\u00e1 con un horario nocturno a esta ciudad 30\/10\/2019\/Lima.- En l\u00ednea con su propuesta de ofrecer la mejor conectividad desde, hacia y dentro del pa\u00eds, LATAM Airlines Per\u00fa anunci\u00f3 que a partir del 18\u00a0 noviembre contar\u00e1 con una frecuencia diaria nocturna adicional en la ruta Lima \u2013 Talara \u2013 Lima, convirti\u00e9ndose en la primera aerol\u00ednea en operar vuelos a dicha ciudad en ese horario. \u201cEste a\u00f1o, hemos crecido en un 36% en relaci\u00f3n al n\u00famero de pasajeros del a\u00f1o 2018 en esta ruta. Con esta nueva frecuencia buscamos que nuestros pasajeros puedan tener mayores opciones&#8230;<\/p>\n","protected":false},"author":1,"featured_media":42365,"comment_status":"open","ping_status":"open","sticky":false,"template":"","format":"standard","meta":{"footnotes":""},"categories":[4,82],"tags":[7471,3086,9326,9325,749],"class_list":["post-42364","post","type-post","status-publish","format-standard","has-post-thumbnail","hentry","category-breaking-news","category-nacionales","tag-elenita-villar-asesora-de-tesis-en-turismo","tag-latam-airlines","tag-lima-talara-lima","tag-manuel-van-oordt","tag-turistamagazine"],"_links":{"self":[{"href":"https:\/\/www.turistamagazine.com\/v2\/index.php?rest_route=\/wp\/v2\/posts\/42364","targetHints":{"allow":["GET"]}}],"collection":[{"href":"https:\/\/www.turistamagazine.com\/v2\/index.php?rest_route=\/wp\/v2\/posts"}],"about":[{"href":"https:\/\/www.turistamagazine.com\/v2\/index.php?rest_route=\/wp\/v2\/types\/post"}],"author":[{"embeddable":true,"href":"https:\/\/www.turistamagazine.com\/v2\/index.php?rest_route=\/wp\/v2\/users\/1"}],"replies":[{"embeddable":true,"href":"https:\/\/www.turistamagazine.com\/v2\/index.php?rest_route=%2Fwp%2Fv2%2Fcomments&post=42364"}],"version-history":[{"count":1,"href":"https:\/\/www.turistamagazine.com\/v2\/index.php?rest_route=\/wp\/v2\/posts\/42364\/revisions"}],"predecessor-version":[{"id":42366,"href":"https:\/\/www.turistamagazine.com\/v2\/index.php?rest_route=\/wp\/v2\/posts\/42364\/revisions\/42366"}],"wp:featuredmedia":[{"embeddable":true,"href":"https:\/\/www.turistamagazine.com\/v2\/index.php?rest_route=\/wp\/v2\/media\/42365"}],"wp:attachment":[{"href":"https:\/\/www.turistamagazine.com\/v2\/index.php?rest_route=%2Fwp%2Fv2%2Fmedia&parent=42364"}],"wp:term":[{"taxonomy":"category","embeddable":true,"href":"https:\/\/www.turistamagazine.com\/v2\/index.php?rest_route=%2Fwp%2Fv2%2Fcategories&post=42364"},{"taxonomy":"post_tag","embeddable":true,"href":"https:\/\/www.turistamagazine.com\/v2\/index.php?rest_route=%2Fwp%2Fv2%2Ftags&post=42364"}],"curies":[{"name":"wp","href":"https:\/\/api.w.org\/{rel}","templated":true}]}}