{"id":42252,"date":"2019-10-22T11:17:47","date_gmt":"2019-10-22T16:17:47","guid":{"rendered":"http:\/\/www.turistamagazine.com\/v2\/?p=42252"},"modified":"2019-10-22T11:17:47","modified_gmt":"2019-10-22T16:17:47","slug":"16-descentralizado-en-ahora-juanjui-24-al-26-de-octubre","status":"publish","type":"post","link":"https:\/\/www.turistamagazine.com\/v2\/?p=42252","title":{"rendered":"16\u00b0 DESCENTRALIZADO EN -AHORA- JUANJU\u00cd 24 AL 26 DE OCTUBRE"},"content":{"rendered":"<p style=\"text-align: justify;\">22\/10\/ 2019\/ Lima.- La Asociaci\u00f3n Peruana de Hoteles, Restaurantes y Afines \u2013 <em><strong><span style=\"color: #000080;\">AHORA PER\u00da<\/span><\/strong><\/em>, estar\u00e1 realizando del 24 al 26 de octubre su 16\u00b0 Descentralizado, \u00e9sta vez ser\u00e1 los anfitriones ser\u00e1n los asociados de <span style=\"color: #000080;\"><strong><em>AHORA Juanju\u00ed, miembros de AHORA San Mart\u00edn<\/em><\/strong>.<\/span><\/p>\n<p style=\"text-align: justify;\">El programa tiene dos partes, en la primera ser\u00e1 un Seminario y Foro de <span style=\"color: #000080;\"><strong><em>\u201cTurismo y Naturaleza\u201d<\/em><\/strong><\/span> los d\u00edas 24 y 25, y la segunda parte de trabajo netamente gremial en la tarde del 25, el s\u00e1bado 26 habr\u00e1 algunos tours programados para los asistentes.<\/p>\n<p style=\"text-align: justify;\"><em><strong><span style=\"color: #000080;\">En el Seminario y Foro, se contar\u00e1 con la participaci\u00f3n como expositores a Pedro Gamboa, jefe del Sernanp; Augusto Dalmau, vice rector de la Universidad Le Cordon Bleu; Javier Hundskoph, ex presidente de Ahora Per\u00fa; Evans Avenda\u00f1o, gerente de Aeropuertos del Per\u00fa, Sheyla Ochoa de Promper\u00fa, as\u00ed como a la Fundaci\u00f3n Amazon\u00eda.<\/span><\/strong><\/em><\/p>\n<p style=\"text-align: justify;\">Han confirmado su participaci\u00f3n mas de 48 asociados de 15 Ahoras Regionales y Provinciales, que se sumar\u00e1n a los asociados de Ahora San Mart\u00edn<\/p>\n<p>&nbsp;<\/p>\n","protected":false},"excerpt":{"rendered":"<p>22\/10\/ 2019\/ Lima.- La Asociaci\u00f3n Peruana de Hoteles, Restaurantes y Afines \u2013 AHORA PER\u00da, estar\u00e1 realizando del 24 al 26 de octubre su 16\u00b0 Descentralizado, \u00e9sta vez ser\u00e1 los anfitriones ser\u00e1n los asociados de AHORA Juanju\u00ed, miembros de AHORA San Mart\u00edn. El programa tiene dos partes, en la primera ser\u00e1 un Seminario y Foro de \u201cTurismo y Naturaleza\u201d los d\u00edas 24 y 25, y la segunda parte de trabajo netamente gremial en la tarde del 25, el s\u00e1bado 26 habr\u00e1 algunos tours programados para los asistentes. En el Seminario y Foro, se contar\u00e1 con la participaci\u00f3n como expositores a Pedro&#8230;<\/p>\n","protected":false},"author":1,"featured_media":42253,"comment_status":"open","ping_status":"open","sticky":false,"template":"","format":"standard","meta":{"footnotes":""},"categories":[4,82],"tags":[9311,4222,6192,749],"class_list":["post-42252","post","type-post","status-publish","format-standard","has-post-thumbnail","hentry","category-breaking-news","category-nacionales","tag-ahora-juanjui","tag-ahora-peru","tag-fredy-gamarra","tag-turistamagazine"],"_links":{"self":[{"href":"https:\/\/www.turistamagazine.com\/v2\/index.php?rest_route=\/wp\/v2\/posts\/42252","targetHints":{"allow":["GET"]}}],"collection":[{"href":"https:\/\/www.turistamagazine.com\/v2\/index.php?rest_route=\/wp\/v2\/posts"}],"about":[{"href":"https:\/\/www.turistamagazine.com\/v2\/index.php?rest_route=\/wp\/v2\/types\/post"}],"author":[{"embeddable":true,"href":"https:\/\/www.turistamagazine.com\/v2\/index.php?rest_route=\/wp\/v2\/users\/1"}],"replies":[{"embeddable":true,"href":"https:\/\/www.turistamagazine.com\/v2\/index.php?rest_route=%2Fwp%2Fv2%2Fcomments&post=42252"}],"version-history":[{"count":1,"href":"https:\/\/www.turistamagazine.com\/v2\/index.php?rest_route=\/wp\/v2\/posts\/42252\/revisions"}],"predecessor-version":[{"id":42254,"href":"https:\/\/www.turistamagazine.com\/v2\/index.php?rest_route=\/wp\/v2\/posts\/42252\/revisions\/42254"}],"wp:featuredmedia":[{"embeddable":true,"href":"https:\/\/www.turistamagazine.com\/v2\/index.php?rest_route=\/wp\/v2\/media\/42253"}],"wp:attachment":[{"href":"https:\/\/www.turistamagazine.com\/v2\/index.php?rest_route=%2Fwp%2Fv2%2Fmedia&parent=42252"}],"wp:term":[{"taxonomy":"category","embeddable":true,"href":"https:\/\/www.turistamagazine.com\/v2\/index.php?rest_route=%2Fwp%2Fv2%2Fcategories&post=42252"},{"taxonomy":"post_tag","embeddable":true,"href":"https:\/\/www.turistamagazine.com\/v2\/index.php?rest_route=%2Fwp%2Fv2%2Ftags&post=42252"}],"curies":[{"name":"wp","href":"https:\/\/api.w.org\/{rel}","templated":true}]}}