{"id":41666,"date":"2019-09-04T17:55:56","date_gmt":"2019-09-04T22:55:56","guid":{"rendered":"http:\/\/www.turistamagazine.com\/v2\/?p=41666"},"modified":"2019-09-04T17:55:56","modified_gmt":"2019-09-04T22:55:56","slug":"peru-es-el-protagonista-de-la-feria-de-frutas-y-hortalizas-asia-fruit-logistica-2019","status":"publish","type":"post","link":"https:\/\/www.turistamagazine.com\/v2\/?p=41666","title":{"rendered":"PER\u00da ES EL PROTAGONISTA DE LA FERIA DE FRUTAS Y HORTALIZAS ASIA FRUIT LOGISTICA 2019"},"content":{"rendered":"<p style=\"text-align: center;\"><span style=\"color: #000080;\"><strong><em>Nuestro pa\u00eds es el primer \u2018Pa\u00eds Invitado de Honor\u2019 de esta feria, considerada la m\u00e1s importante para productos frescos en este continente<\/em><\/strong>.<\/span><\/p>\n<p style=\"text-align: justify;\">04\/09\/ 2019\/ Hong Kong.\u2013 La Comisi\u00f3n de Promoci\u00f3n del Per\u00fa para la Exportaci\u00f3n y el Turismo \u2013 PROMPER\u00da inici\u00f3 su participaci\u00f3n como Pa\u00eds Invitado de Honor en la feria <span style=\"color: #000080;\"><strong><em>\u201cAsia Fruit Logistica 2019\u201d<\/em><\/strong><\/span> con una participaci\u00f3n de m\u00e1s de 250 profesionales del sector hortifrut\u00edcola, especialmente de las regiones de <em><strong><span style=\"color: #000080;\">Piura, Ica, Ayacucho, Huancavelica, Lima y la Libertad, entre otras.<\/span><\/strong><\/em><\/p>\n<p style=\"text-align: justify;\">La cumbre de negocios m\u00e1s importante para el sector de frutas y hortalizas en el continente asi\u00e1tico, de la que este a\u00f1o Per\u00fa act\u00faa como primer Pa\u00eds Invitado de Honor, arranc\u00f3 esta ma\u00f1ana (hora local) en Hong Kong con una asistencia de m\u00e1s de 800 expositores internacionales de todas partes del mundo y de m\u00e1s de 12,000 asistentes especializados en este sector.<\/p>\n<p style=\"text-align: justify;\"><strong><em><span style=\"color: #000080;\">\u201cAsia Fruit Logistica es la principal puerta de entrada para los productos agr\u00edcolas peruanos en este continente, por lo que hemos desarrollado una serie de actividades junto con el sector privado para abrir puertas a las exportaciones no tradicionales de nuestro pa\u00eds, especialmente las que figuran bajo la marca sectorial Super Foods Peru\u201d<\/span>,<\/em><\/strong> dijo el director de Promoci\u00f3n de las Exportaciones de PROMPER\u00da, Mario Ocharan, durante la apertura del evento.<\/p>\n<p style=\"text-align: justify;\">En la inauguraci\u00f3n participaron tambi\u00e9n el embajador del Per\u00fa en China, Luis Quesada, as\u00ed como el director ejecutivo de Asociaci\u00f3n de Gremios Productores Agrarios del Per\u00fa (AGAP), Gabriel Amaro; el director de la Oficina Comercial del Per\u00fa en el Exterior (OCEX) de Hong Kong, Erik Aponte, y el director general de la agencia de inversi\u00f3n de Hong Kong Invest HK, Charles Ng, entre otras autoridades.<\/p>\n<p style=\"text-align: justify;\"><em><span style=\"color: #000080;\"><strong>Los sectores p\u00fablico y privado de Per\u00fa han venido trabajando de manera conjunta por d\u00e9cadas para conseguir liderar la exportaci\u00f3n internacional en algunas categor\u00edas como el esp\u00e1rrago, la quinua, la palta, el ar\u00e1ndano o las mandarinas, entre otros<\/strong>.<\/span><\/em><\/p>\n<p style=\"text-align: justify;\">El Per\u00fa, mundialmente conocido como productor de alimentos con una alta concentraci\u00f3n de nutrientes y ricos en antioxidantes, contin\u00faa promocionando la campa\u00f1a mundial Super Foods Peru, que en 2018 sum\u00f3 exportaciones por US$ 4,426 millones, es decir un 18% m\u00e1s que el a\u00f1o previo. En ese sentido, el caso de \u00e9xito fue expuesto en el Asia Fruit Business Forum, uno de los ciclos de conferencias que se celebran en el marco de la feria, como ejemplo de pa\u00eds que ha conseguido ganarse la confianza de los mercados asi\u00e1ticos.<\/p>\n<p style=\"text-align: justify;\">Con la charla <span style=\"color: #000080;\"><strong><em>\u201cFrom Peru to the world: producer spotlight\u201d,<\/em><\/strong><\/span> Mario Ocharan, acompa\u00f1ado por el Director General de Provid, Carlos Zamorano, y del Director General de Prociturs, Sergio del Castillo, repas\u00f3 la trayectoria de la campa\u00f1a Super Foods Peru hasta llegar los niveles de exportaci\u00f3n conseguidos actualmente.<\/p>\n<p style=\"text-align: justify;\"><span style=\"color: #000080;\"><strong><em>M\u00c1S ACCIONES DE PROMOCI\u00d3N<\/em><\/strong><\/span><\/p>\n<p style=\"text-align: justify;\">La promoci\u00f3n de los productos agr\u00edcolas peruanos en Asia tambi\u00e9n ha llevado a nuestro pa\u00eds a celebrar el D\u00eda de Honor del Per\u00fa en la Exposici\u00f3n Internacional de Horticultura 2019 de la capital china (Expo Beijing 2019) el pasado 1 de setiembre.<\/p>\n<p style=\"text-align: justify;\">El acto, resultado de la colaboraci\u00f3n entre PROMPER\u00da y el Centro Internacional de la Papa, estuvo liderado por la vicepresidenta Mercedes Ar\u00e1oz, quien destac\u00f3 los lazos hist\u00f3ricos, culturales y comerciales que unen a el pa\u00eds y China, resaltando el intercambio cultural, la influencia de China en la gastronom\u00eda peruana y los 10 a\u00f1os de la firma del Tratado de Libre Comercio con el gigante asi\u00e1tico.<\/p>\n<p style=\"text-align: justify;\">Adem\u00e1s de mostrar algunas de sus m\u00e1s de 3,000 variedades de papas, en el Peru Day se ofreci\u00f3 degustaciones de caf\u00e9s especiales bajo la marca <span style=\"color: #000080;\"><strong><em>\u201cCoffees from Peru\u201d<\/em><\/strong><\/span> desarrollada por <strong><span style=\"color: #000080;\">PROMPER\u00da.<\/span> <\/strong><\/p>\n<p style=\"text-align: justify;\"><em><strong><span style=\"color: #000080;\">Asimismo, esta misma semana en Hong Kong se han realizado dos novedosas acciones de promoci\u00f3n, como un concurso de bartenders locales que usaron el pisco como principal insumo para elaborar cocteles y degustaciones de caf\u00e9s especiales peruanos.<\/span><\/strong><\/em><\/p>\n<p style=\"text-align: justify;\">\n","protected":false},"excerpt":{"rendered":"<p>Nuestro pa\u00eds es el primer \u2018Pa\u00eds Invitado de Honor\u2019 de esta feria, considerada la m\u00e1s importante para productos frescos en este continente. 04\/09\/ 2019\/ Hong Kong.\u2013 La Comisi\u00f3n de Promoci\u00f3n del Per\u00fa para la Exportaci\u00f3n y el Turismo \u2013 PROMPER\u00da inici\u00f3 su participaci\u00f3n como Pa\u00eds Invitado de Honor en la feria \u201cAsia Fruit Logistica 2019\u201d con una participaci\u00f3n de m\u00e1s de 250 profesionales del sector hortifrut\u00edcola, especialmente de las regiones de Piura, Ica, Ayacucho, Huancavelica, Lima y la Libertad, entre otras. La cumbre de negocios m\u00e1s importante para el sector de frutas y hortalizas en el continente asi\u00e1tico, de la&#8230;<\/p>\n","protected":false},"author":1,"featured_media":41667,"comment_status":"open","ping_status":"open","sticky":false,"template":"","format":"standard","meta":{"footnotes":""},"categories":[4,84],"tags":[8868,9016,598,6132,330,749],"class_list":["post-41666","post","type-post","status-publish","format-standard","has-post-thumbnail","hentry","category-breaking-news","category-internacionales","tag-asia-fruit-logistica-2019","tag-elena-honores-coordinadora-de-ciestca-peru","tag-hong-kong","tag-portal-de-noticias-turistamagazine","tag-turismo-en-el-peru","tag-turistamagazine"],"_links":{"self":[{"href":"https:\/\/www.turistamagazine.com\/v2\/index.php?rest_route=\/wp\/v2\/posts\/41666","targetHints":{"allow":["GET"]}}],"collection":[{"href":"https:\/\/www.turistamagazine.com\/v2\/index.php?rest_route=\/wp\/v2\/posts"}],"about":[{"href":"https:\/\/www.turistamagazine.com\/v2\/index.php?rest_route=\/wp\/v2\/types\/post"}],"author":[{"embeddable":true,"href":"https:\/\/www.turistamagazine.com\/v2\/index.php?rest_route=\/wp\/v2\/users\/1"}],"replies":[{"embeddable":true,"href":"https:\/\/www.turistamagazine.com\/v2\/index.php?rest_route=%2Fwp%2Fv2%2Fcomments&post=41666"}],"version-history":[{"count":1,"href":"https:\/\/www.turistamagazine.com\/v2\/index.php?rest_route=\/wp\/v2\/posts\/41666\/revisions"}],"predecessor-version":[{"id":41668,"href":"https:\/\/www.turistamagazine.com\/v2\/index.php?rest_route=\/wp\/v2\/posts\/41666\/revisions\/41668"}],"wp:featuredmedia":[{"embeddable":true,"href":"https:\/\/www.turistamagazine.com\/v2\/index.php?rest_route=\/wp\/v2\/media\/41667"}],"wp:attachment":[{"href":"https:\/\/www.turistamagazine.com\/v2\/index.php?rest_route=%2Fwp%2Fv2%2Fmedia&parent=41666"}],"wp:term":[{"taxonomy":"category","embeddable":true,"href":"https:\/\/www.turistamagazine.com\/v2\/index.php?rest_route=%2Fwp%2Fv2%2Fcategories&post=41666"},{"taxonomy":"post_tag","embeddable":true,"href":"https:\/\/www.turistamagazine.com\/v2\/index.php?rest_route=%2Fwp%2Fv2%2Ftags&post=41666"}],"curies":[{"name":"wp","href":"https:\/\/api.w.org\/{rel}","templated":true}]}}