{"id":41512,"date":"2019-08-21T10:40:21","date_gmt":"2019-08-21T15:40:21","guid":{"rendered":"http:\/\/www.turistamagazine.com\/v2\/?p=41512"},"modified":"2019-08-21T10:40:21","modified_gmt":"2019-08-21T15:40:21","slug":"latam-con-nueva-tarifa-ofrece-precios-hasta-30-de-descuento","status":"publish","type":"post","link":"https:\/\/www.turistamagazine.com\/v2\/?p=41512","title":{"rendered":"LATAM CON NUEVA TARIFA OFRECE PRECIOS HASTA 30% DE DESCUENTO"},"content":{"rendered":"<p style=\"text-align: center;\"><strong>\u00a0<span style=\"color: #000080;\"><em>Crea\u00a0 Tarifa \u201cBasic\u201d Para Vuelos Dom\u00e9sticos En Per\u00fa<\/em><\/span><\/strong><\/p>\n<p style=\"text-align: justify;\"><strong>\u00a0<\/strong><strong>21\/08\/2019\/ Lima.<em> \u2013<\/em><\/strong>LATAM Airlines Per\u00fa actualiza su estructura de tarifas para vuelos dom\u00e9sticos, incluyendo la tarifa <strong><em><span style=\"color: #000080;\">\u201cBasic\u201d<\/span>,<\/em><\/strong> que permitir\u00e1 llevar en cabina un art\u00edculo personal, como un bolso para laptop o cartera, <strong><em><span style=\"color: #000080;\">(sin la opci\u00f3n de equipaje de mano)<\/span>,<\/em><\/strong> pero acumulando millas LATAM Pass y con un descuento de hasta 30% menos, respecto a la tarifa actual.<\/p>\n<p style=\"text-align: justify;\"><strong><em><span style=\"color: #000080;\">La nueva tarifa \u00abBasic\u00bb reemplazar\u00e1 a la opci\u00f3n \u00abPromo\u00bb<\/span>,<\/em><\/strong> (que se ofrec\u00eda en ciertas temporadas), de LATAM, en su actual estructura de tarifas para vuelos nacionales, convirti\u00e9ndose en la opci\u00f3n m\u00e1s econ\u00f3mica para los pasajeros. Las otras categor\u00edas de tarifas <strong><em><span style=\"color: #000080;\">(\u201cLight\u201d, \u201cPlus\u201d y \u201cTop\u201d)<\/span>,<\/em><\/strong> que ofrecen m\u00e1s opciones y flexibilidad, permanecer\u00e1n sin cambios.<\/p>\n<p style=\"text-align: justify;\"><span style=\"color: #000080;\"><strong><em>\u00abComo parte de nuestro compromiso por ofrecer m\u00e1s opciones, personalizaci\u00f3n y flexibilidad para atender a todo tipo de pasajeros, ahora existen m\u00e1s alternativas para los que desean viajar ligeros y pagar menos, mientras acumulan millas de viajero frecuente\u00bb<\/em><\/strong>, <em><strong>precis\u00f3 el Gerente General de LATAM Airlines Per\u00fa<\/strong><\/em>, <strong><em>Manuel van Oordt<\/em><\/strong>. <\/span><strong><em><span style=\"color: #000080;\">\u201cEn base a lo que sabemos de nuestros pasajeros, y las tendencias de la industria, entendemos que los clientes desean elegir c\u00f3mo volar, pagando solo por los servicios que necesitan y les acomodan<\/span>\u201d<\/em><\/strong>, agreg\u00f3.<\/p>\n<p style=\"text-align: justify;\">Recordemos que, en el 2017, presentamos las nuevas tarifas y hoy incluimos esta nueva opci\u00f3n (Basic), porque fuimos los primeros en buscar masificar el uso del avi\u00f3n en Per\u00fa y porque continuamos escuchando a nuestros pasajeros y entendemos que ellos valoran pagar s\u00f3lo por los servicios que utilizan. Hace dos a\u00f1os nos transformamos para ofrecer una experiencia de viaje hecha a su medida, pero manteniendo nuestro sello diferenciador: la m\u00e1s amplia red de destinos en la regi\u00f3n y nuestro est\u00e1ndar de calidad y servicio, reconocido a nivel mundial, indic\u00f3 van Oordt.<\/p>\n<p style=\"text-align: justify;\"><span style=\"color: #000080;\"><em><strong>Detalles de la tarifa \u201cBasic\u201d<\/strong><\/em><\/span><\/p>\n<p style=\"text-align: justify;\">Esta nueva tarifa formar\u00e1 parte de la actual estructura tarifaria de cuatro categor\u00edas que ofrece LATAM para vuelos nacionales, complementando a las categor\u00edas <span style=\"color: #000080;\"><strong><em>\u00abLight\u00bb, \u00abPlus\u00bb y \u00ab<\/em><em>Top\u00bb:<\/em><\/strong><\/span><\/p>\n<p><a href=\"https:\/\/www.turistamagazine.com\/v2\/wp-content\/uploads\/2019\/08\/Latam.png\"><img decoding=\"async\" class=\"wp-image-41513 aligncenter\" src=\"https:\/\/www.turistamagazine.com\/v2\/wp-content\/uploads\/2019\/08\/Latam.png\" alt=\"\" width=\"600\" height=\"379\" \/><\/a><\/p>\n<p><span style=\"color: #000080;\"><strong><em>\u00bfQu\u00e9 incluye la tarifa \u201cBasic\u201d?<\/em><\/strong><\/span><\/p>\n<p><span style=\"color: #000080;\"><strong><em>\u00a0<\/em><\/strong><\/span><strong>Un art\u00edculo personal (como un bolso para laptop o cartera) con dimensiones m\u00e1ximas de 45 x 35 x 20 cm, que se pueda guardar en el espacio bajo el asiento delantero.<\/strong><\/p>\n<p><strong>Acumulaci\u00f3n de millas LATAM Pass.<\/strong><\/p>\n<p><strong>Asiento asignado al azar.\u00a0\u00a0\u00a0\u00a0\u00a0\u00a0\u00a0\u00a0\u00a0\u00a0\u00a0 <\/strong><\/p>\n<p><strong>\u00a0<\/strong><span style=\"color: #000080;\"><strong><em>\u00bfQu\u00e9 no est\u00e1 incluido en la tarifa \u201cBasic\u201d?<\/em><\/strong><\/span><\/p>\n<p><span style=\"color: #000080;\"><strong><em>\u00a0<\/em><\/strong><\/span><strong>Equipaje de cabina (aquel que se guarda en los compartimentos superiores de cabina)<\/strong><\/p>\n<p><strong>Equipaje facturado (el que se despacha a la bodega del avi\u00f3n)<\/strong><\/p>\n<p><strong>Cambios o reembolso del ticket.<\/strong><\/p>\n<p><strong>Opci\u00f3n de upgrade de cortes\u00eda.<\/strong><\/p>\n<p><strong>\u00a0<span style=\"color: #000080;\">\u00bf<\/span><\/strong><span style=\"color: #000080;\"><strong><em>Qu\u00e9 servicios adicionales se pueden comprar con esta tarifa?<\/em><\/strong><\/span><\/p>\n<p><strong>Equipaje facturado.<\/strong><\/p>\n<p><strong>Selecci\u00f3n de asientos.<\/strong><\/p>\n<p><strong>Asientos LATAM+.<\/strong><\/p>\n<p><b>\u00a0<\/b><span style=\"color: #000080;\"><span style=\"color: #000080;\"><b>Foto de portada: Carla Zevallos del \u00c1rea\u00a0Comercial\u00a0de Latam<\/b><\/span><\/span><\/p>\n","protected":false},"excerpt":{"rendered":"<p>\u00a0Crea\u00a0 Tarifa \u201cBasic\u201d Para Vuelos Dom\u00e9sticos En Per\u00fa \u00a021\/08\/2019\/ Lima. \u2013LATAM Airlines Per\u00fa actualiza su estructura de tarifas para vuelos dom\u00e9sticos, incluyendo la tarifa \u201cBasic\u201d, que permitir\u00e1 llevar en cabina un art\u00edculo personal, como un bolso para laptop o cartera, (sin la opci\u00f3n de equipaje de mano), pero acumulando millas LATAM Pass y con un descuento de hasta 30% menos, respecto a la tarifa actual. La nueva tarifa \u00abBasic\u00bb reemplazar\u00e1 a la opci\u00f3n \u00abPromo\u00bb, (que se ofrec\u00eda en ciertas temporadas), de LATAM, en su actual estructura de tarifas para vuelos nacionales, convirti\u00e9ndose en la opci\u00f3n m\u00e1s econ\u00f3mica para los pasajeros&#8230;.<\/p>\n","protected":false},"author":1,"featured_media":41367,"comment_status":"open","ping_status":"open","sticky":false,"template":"","format":"standard","meta":{"footnotes":""},"categories":[4,82],"tags":[9016,6938,330,749],"class_list":["post-41512","post","type-post","status-publish","format-standard","has-post-thumbnail","hentry","category-breaking-news","category-nacionales","tag-elena-honores-coordinadora-de-ciestca-peru","tag-latam-airlines-peru","tag-turismo-en-el-peru","tag-turistamagazine"],"_links":{"self":[{"href":"https:\/\/www.turistamagazine.com\/v2\/index.php?rest_route=\/wp\/v2\/posts\/41512","targetHints":{"allow":["GET"]}}],"collection":[{"href":"https:\/\/www.turistamagazine.com\/v2\/index.php?rest_route=\/wp\/v2\/posts"}],"about":[{"href":"https:\/\/www.turistamagazine.com\/v2\/index.php?rest_route=\/wp\/v2\/types\/post"}],"author":[{"embeddable":true,"href":"https:\/\/www.turistamagazine.com\/v2\/index.php?rest_route=\/wp\/v2\/users\/1"}],"replies":[{"embeddable":true,"href":"https:\/\/www.turistamagazine.com\/v2\/index.php?rest_route=%2Fwp%2Fv2%2Fcomments&post=41512"}],"version-history":[{"count":1,"href":"https:\/\/www.turistamagazine.com\/v2\/index.php?rest_route=\/wp\/v2\/posts\/41512\/revisions"}],"predecessor-version":[{"id":41514,"href":"https:\/\/www.turistamagazine.com\/v2\/index.php?rest_route=\/wp\/v2\/posts\/41512\/revisions\/41514"}],"wp:featuredmedia":[{"embeddable":true,"href":"https:\/\/www.turistamagazine.com\/v2\/index.php?rest_route=\/wp\/v2\/media\/41367"}],"wp:attachment":[{"href":"https:\/\/www.turistamagazine.com\/v2\/index.php?rest_route=%2Fwp%2Fv2%2Fmedia&parent=41512"}],"wp:term":[{"taxonomy":"category","embeddable":true,"href":"https:\/\/www.turistamagazine.com\/v2\/index.php?rest_route=%2Fwp%2Fv2%2Fcategories&post=41512"},{"taxonomy":"post_tag","embeddable":true,"href":"https:\/\/www.turistamagazine.com\/v2\/index.php?rest_route=%2Fwp%2Fv2%2Ftags&post=41512"}],"curies":[{"name":"wp","href":"https:\/\/api.w.org\/{rel}","templated":true}]}}