{"id":41140,"date":"2019-07-24T13:04:11","date_gmt":"2019-07-24T18:04:11","guid":{"rendered":"http:\/\/www.turistamagazine.com\/v2\/?p=41140"},"modified":"2019-07-24T13:04:11","modified_gmt":"2019-07-24T18:04:11","slug":"empresarios-perjudicados-por-inadecuada-gestion-comercial-de-adp-en-el-aeropuerto-de-pisco","status":"publish","type":"post","link":"https:\/\/www.turistamagazine.com\/v2\/?p=41140","title":{"rendered":"EMPRESARIOS PERJUDICADOS POR INADECUADA GESTI\u00d3N COMERCIAL DE ADP EN EL AEROPUERTO DE PISCO"},"content":{"rendered":"<p style=\"text-align: center;\"><strong><em>\u00a0<span style=\"color: #000080;\">Se ha invertido unos 50 millones de d\u00f3lares en el mejoramiento de la infraestructura hotelera y restaurantes de Pisco, pero la afluencia de pasajeros por ese terminal a\u00e9reo es pr\u00e1cticamente nula.<\/span><\/em><\/strong><\/p>\n<p style=\"text-align: justify;\">24\/ 07\/2019\/Paracas.-El Presidente de la C\u00e1mara de Turismo y Comercio Exterior de Paracas (CAPATUR), Eduardo J\u00e1uregui pidi\u00f3 a los representantes de Aeropuerto del Per\u00fa (ADP) desarrollar una adecuada gesti\u00f3n comercial en el aeropuerto <span style=\"color: #000080;\"><strong><em>\u201cCapit\u00e1n FAP Ren\u00e1n El\u00edas Olivera\u201d<\/em><\/strong> <\/span>de Pisco.<\/p>\n<p style=\"text-align: justify;\"><strong><em><span style=\"color: #000080;\">\u201cNos preocupa el desinter\u00e9s y la falta de gesti\u00f3n comercial de Aeropuertos del Per\u00fa en favor de nuestro terminal a\u00e9reo. Hasta el momento, no hay una decisi\u00f3n comercial por parte de ellos y pr\u00e1cticamente, el aeropuerto de Pisco se ha convertido en un elefante blanco\u201d<\/span>,<\/em><\/strong> expres\u00f3.<\/p>\n<p style=\"text-align: justify;\">Agreg\u00f3 que solamente una sola aerol\u00ednea (Aerodiana) utiliza la infraestructura aeroportuaria para recoger turistas nacionales o extranjeros que los lleva a conocer las l\u00edneas de Nasca.<\/p>\n<p style=\"text-align: justify;\">Cabe indicar que LATAM opera el destino Cusco \u2013 Pisco \u2013 Cusco de manera estacional y no diaria.<\/p>\n<p style=\"text-align: justify;\">\u00a0<strong><em><span style=\"color: #000080;\">\u201cEl empresariado de Pisco y Paracas apost\u00f3 por una gran afluencia de pasajeros a trav\u00e9s del terminal aeroportuario e invirti\u00f3 fuertemente en mejorar su infraestructura hotelera y de sus restaurantes\u201d<\/span>,<\/em><\/strong> se\u00f1al\u00f3.<\/p>\n<p style=\"text-align: justify;\">\u00a0J\u00e1uregui precis\u00f3 que se han construido una decena de hoteles (entre 10 a 15 habitaciones) en Pisco y Paracas que ha significado una inversi\u00f3n de unos $15.0 millones. A esto se le suma a la inversi\u00f3n hecha recientemente por Radisson Resort Paracas de $15.0 millones.<\/p>\n<p style=\"text-align: justify;\">\u201cAdem\u00e1s, hay otras inversiones (restaurantes y agencias de viajes, entre otros) afines que suman\u00a0 en total 50 millones de d\u00f3lares\u201d, revel\u00f3.<\/p>\n<p style=\"text-align: justify;\"><strong><em>\u00a0<span style=\"color: #000080;\">\u201cSe invitar\u00e1n a los representantes de ADP y a las l\u00edneas a\u00e9reas para encontrar una soluci\u00f3n a fin de desarrollar el destino tur\u00edstico de la provincia de Pisco, generando m\u00e1s vuelos aerocomerciales\u201d, agreg\u00f3<\/span><\/em><\/strong><span style=\"color: #000080;\">.<\/span><\/p>\n","protected":false},"excerpt":{"rendered":"<p>\u00a0Se ha invertido unos 50 millones de d\u00f3lares en el mejoramiento de la infraestructura hotelera y restaurantes de Pisco, pero la afluencia de pasajeros por ese terminal a\u00e9reo es pr\u00e1cticamente nula. 24\/ 07\/2019\/Paracas.-El Presidente de la C\u00e1mara de Turismo y Comercio Exterior de Paracas (CAPATUR), Eduardo J\u00e1uregui pidi\u00f3 a los representantes de Aeropuerto del Per\u00fa (ADP) desarrollar una adecuada gesti\u00f3n comercial en el aeropuerto \u201cCapit\u00e1n FAP Ren\u00e1n El\u00edas Olivera\u201d de Pisco. \u201cNos preocupa el desinter\u00e9s y la falta de gesti\u00f3n comercial de Aeropuertos del Per\u00fa en favor de nuestro terminal a\u00e9reo. Hasta el momento, no hay una decisi\u00f3n comercial por&#8230;<\/p>\n","protected":false},"author":1,"featured_media":0,"comment_status":"open","ping_status":"open","sticky":false,"template":"","format":"standard","meta":{"footnotes":""},"categories":[4,82],"tags":[7055,9117,7104,168,8045,749],"class_list":["post-41140","post","type-post","status-publish","format-standard","hentry","category-breaking-news","category-nacionales","tag-capatur","tag-capitan-fap-renan-elias-olivera","tag-eduardo-jauregui","tag-machu-picchu","tag-pisco-paracas","tag-turistamagazine"],"_links":{"self":[{"href":"https:\/\/www.turistamagazine.com\/v2\/index.php?rest_route=\/wp\/v2\/posts\/41140","targetHints":{"allow":["GET"]}}],"collection":[{"href":"https:\/\/www.turistamagazine.com\/v2\/index.php?rest_route=\/wp\/v2\/posts"}],"about":[{"href":"https:\/\/www.turistamagazine.com\/v2\/index.php?rest_route=\/wp\/v2\/types\/post"}],"author":[{"embeddable":true,"href":"https:\/\/www.turistamagazine.com\/v2\/index.php?rest_route=\/wp\/v2\/users\/1"}],"replies":[{"embeddable":true,"href":"https:\/\/www.turistamagazine.com\/v2\/index.php?rest_route=%2Fwp%2Fv2%2Fcomments&post=41140"}],"version-history":[{"count":1,"href":"https:\/\/www.turistamagazine.com\/v2\/index.php?rest_route=\/wp\/v2\/posts\/41140\/revisions"}],"predecessor-version":[{"id":41141,"href":"https:\/\/www.turistamagazine.com\/v2\/index.php?rest_route=\/wp\/v2\/posts\/41140\/revisions\/41141"}],"wp:attachment":[{"href":"https:\/\/www.turistamagazine.com\/v2\/index.php?rest_route=%2Fwp%2Fv2%2Fmedia&parent=41140"}],"wp:term":[{"taxonomy":"category","embeddable":true,"href":"https:\/\/www.turistamagazine.com\/v2\/index.php?rest_route=%2Fwp%2Fv2%2Fcategories&post=41140"},{"taxonomy":"post_tag","embeddable":true,"href":"https:\/\/www.turistamagazine.com\/v2\/index.php?rest_route=%2Fwp%2Fv2%2Ftags&post=41140"}],"curies":[{"name":"wp","href":"https:\/\/api.w.org\/{rel}","templated":true}]}}