{"id":41028,"date":"2019-07-12T10:52:21","date_gmt":"2019-07-12T15:52:21","guid":{"rendered":"http:\/\/www.turistamagazine.com\/v2\/?p=41028"},"modified":"2019-07-12T10:52:21","modified_gmt":"2019-07-12T15:52:21","slug":"barcelo-desembarca-en-hungria-con-un-hotel-de-179-habitaciones","status":"publish","type":"post","link":"https:\/\/www.turistamagazine.com\/v2\/?p=41028","title":{"rendered":"BARCEL\u00d3 DESEMBARCA EN HUNGR\u00cdA CON UN HOTEL DE 179 HABITACIONES"},"content":{"rendered":"<p style=\"text-align: center;\"><span style=\"color: #000080;\"><strong><em>Abrir\u00e1 sus puertas el pr\u00f3ximo lunes<\/em><\/strong><\/span><\/p>\n<p style=\"text-align: justify;\">12\/07\/2019\/Hungr\u00eda.- \u00a0Barcel\u00f3 Hotel Group abrir\u00e1 este lunes 15 de julio su primer hotel en Hungr\u00eda. Se trata del Barcel\u00f3 Budapest, ubicado en pleno centro hist\u00f3rico de la capital h\u00fangara, en el distrito VI de Ter\u00e9zv\u00e1ros, muy cerca de famosa Sinagoga de Budapest y el Parlamento, y pr\u00f3ximo al r\u00edo Danubio.<\/p>\n<p style=\"text-align: justify;\">Este hotel <em><strong><span style=\"color: #000080;\">\u201cnace con la vocaci\u00f3n de convertirse en un referente para todos aquellos que desean gozar plenamente del que en 2019 ha sido elegido como \u2018Mejor destino europeo\u2019 en los European Best Destinations (EBD)\u201d,<\/span> <\/strong><\/em>se\u00f1ala la cadena mallorquina en un comunicado (Seis hoteles de Barcel\u00f3, elegidos entre los mejores del mundo).<\/p>\n<p style=\"text-align: justify;\">El establecimiento cuenta con 179 habitaciones <em><strong><span style=\"color: #000080;\">\u201camplias y vanguardistas<\/span><\/strong><\/em>\u201d, algunas de las cuales disponen de terraza con vistas de la ciudad; as\u00ed como un restaurante buf\u00e9 y un lounge bar; tres salas de reuniones capaces de albergar eventos hasta para 210 personas, y un fitness profesional abierto las 24 horas del d\u00eda.<\/p>\n<p>&nbsp;<\/p>\n","protected":false},"excerpt":{"rendered":"<p>Abrir\u00e1 sus puertas el pr\u00f3ximo lunes 12\/07\/2019\/Hungr\u00eda.- \u00a0Barcel\u00f3 Hotel Group abrir\u00e1 este lunes 15 de julio su primer hotel en Hungr\u00eda. Se trata del Barcel\u00f3 Budapest, ubicado en pleno centro hist\u00f3rico de la capital h\u00fangara, en el distrito VI de Ter\u00e9zv\u00e1ros, muy cerca de famosa Sinagoga de Budapest y el Parlamento, y pr\u00f3ximo al r\u00edo Danubio. Este hotel \u201cnace con la vocaci\u00f3n de convertirse en un referente para todos aquellos que desean gozar plenamente del que en 2019 ha sido elegido como \u2018Mejor destino europeo\u2019 en los European Best Destinations (EBD)\u201d, se\u00f1ala la cadena mallorquina en un comunicado (Seis hoteles&#8230;<\/p>\n","protected":false},"author":1,"featured_media":41029,"comment_status":"open","ping_status":"open","sticky":false,"template":"","format":"standard","meta":{"footnotes":""},"categories":[4,84],"tags":[9092,9016,4023,6132,749],"class_list":["post-41028","post","type-post","status-publish","format-standard","has-post-thumbnail","hentry","category-breaking-news","category-internacionales","tag-barcelo-hotel-group","tag-elena-honores-coordinadora-de-ciestca-peru","tag-hungria","tag-portal-de-noticias-turistamagazine","tag-turistamagazine"],"_links":{"self":[{"href":"https:\/\/www.turistamagazine.com\/v2\/index.php?rest_route=\/wp\/v2\/posts\/41028","targetHints":{"allow":["GET"]}}],"collection":[{"href":"https:\/\/www.turistamagazine.com\/v2\/index.php?rest_route=\/wp\/v2\/posts"}],"about":[{"href":"https:\/\/www.turistamagazine.com\/v2\/index.php?rest_route=\/wp\/v2\/types\/post"}],"author":[{"embeddable":true,"href":"https:\/\/www.turistamagazine.com\/v2\/index.php?rest_route=\/wp\/v2\/users\/1"}],"replies":[{"embeddable":true,"href":"https:\/\/www.turistamagazine.com\/v2\/index.php?rest_route=%2Fwp%2Fv2%2Fcomments&post=41028"}],"version-history":[{"count":1,"href":"https:\/\/www.turistamagazine.com\/v2\/index.php?rest_route=\/wp\/v2\/posts\/41028\/revisions"}],"predecessor-version":[{"id":41030,"href":"https:\/\/www.turistamagazine.com\/v2\/index.php?rest_route=\/wp\/v2\/posts\/41028\/revisions\/41030"}],"wp:featuredmedia":[{"embeddable":true,"href":"https:\/\/www.turistamagazine.com\/v2\/index.php?rest_route=\/wp\/v2\/media\/41029"}],"wp:attachment":[{"href":"https:\/\/www.turistamagazine.com\/v2\/index.php?rest_route=%2Fwp%2Fv2%2Fmedia&parent=41028"}],"wp:term":[{"taxonomy":"category","embeddable":true,"href":"https:\/\/www.turistamagazine.com\/v2\/index.php?rest_route=%2Fwp%2Fv2%2Fcategories&post=41028"},{"taxonomy":"post_tag","embeddable":true,"href":"https:\/\/www.turistamagazine.com\/v2\/index.php?rest_route=%2Fwp%2Fv2%2Ftags&post=41028"}],"curies":[{"name":"wp","href":"https:\/\/api.w.org\/{rel}","templated":true}]}}