{"id":41025,"date":"2019-07-12T10:22:23","date_gmt":"2019-07-12T15:22:23","guid":{"rendered":"http:\/\/www.turistamagazine.com\/v2\/?p=41025"},"modified":"2019-07-12T10:22:23","modified_gmt":"2019-07-12T15:22:23","slug":"plus-ultra-lineas-aereas-inaugura-su-ruta-a-ecuador","status":"publish","type":"post","link":"https:\/\/www.turistamagazine.com\/v2\/?p=41025","title":{"rendered":"PLUS ULTRA L\u00cdNEAS A\u00c9REAS INAUGURA SU RUTA A ECUADOR"},"content":{"rendered":"<p style=\"text-align: justify;\">12\/07\/2019\/ Quito.- <strong><em><span style=\"color: #000080;\">La aerol\u00ednea espa\u00f1ola Plus Ultra L\u00edneas A\u00e9reas ha inaugurado a la 1.05 horas de la madrugada de este viernes su nueva conexi\u00f3n a Ecuador, con la ruta Madrid-Quito-Guayaquil-Madrid, tras despegar desde la terminal 4 del aeropuerto Adolfo Su\u00e1rez Madrid-Barajas.<\/span><\/em><\/strong><\/p>\n<p style=\"text-align: justify;\">Este primer vuelo ha contado con la presencia del embajador de Ecuador en Espa\u00f1a, Crist\u00f3bal Rold\u00e1n, entre sus pasajeros, quienes han recibido como obsequio unas rosas ecuatorianas de Sunrite Farms Ecuador, consideradas las mejores del mundo por su alta calidad, gran tama\u00f1o e intensidad de color; as\u00ed como unos exquisitos chocolates de Ecuador, cortes\u00eda de Pacari.<\/p>\n<p style=\"text-align: justify;\"><em><strong><span style=\"color: #000080;\">Tras aterrizar en Quito, la aeronave Airbus A340 de Plus Ultra L\u00edneas A\u00e9reas ser\u00e1 recibida en el aeropuerto Jos\u00e9 Joaqu\u00edn de Olmedo de la ciudad de Guayaquil con un arco de agua, la bienvenida tradicional en la apertura de nuevas rutas.<\/span><\/strong><\/em><\/p>\n<p style=\"text-align: justify;\">Seg\u00fan <em><strong><span style=\"color: #000080;\">Gibson Preziuso,<\/span> <\/strong><\/em>director comercial de la compa\u00f1\u00eda, <strong><em><span style=\"color: #000080;\">\u201cestamos entusiasmados con la puesta en marcha de la operativa Madrid-Quito-Guayaquil-Madrid, ya que podemos seguir haciendo eso que m\u00e1s nos gusta y forma parte de nuestro ADN: crear conexiones para unir personas\u201d<\/span><\/em><\/strong>.<\/p>\n<p style=\"text-align: justify;\">Con el inicio de operaciones a Ecuador, el pa\u00eds andino se sit\u00faa como un destino tur\u00edstico con numerosos atractivos para el viajero espa\u00f1ol, tanto por su exuberante naturaleza repartida en su diversidad de ecosistemas \u2013Amazon\u00eda, sierra, costa e Islas Gal\u00e1pagos\u2013, como por su gran patrimonio y riqueza cultural, entre otros.<\/p>\n","protected":false},"excerpt":{"rendered":"<p>12\/07\/2019\/ Quito.- La aerol\u00ednea espa\u00f1ola Plus Ultra L\u00edneas A\u00e9reas ha inaugurado a la 1.05 horas de la madrugada de este viernes su nueva conexi\u00f3n a Ecuador, con la ruta Madrid-Quito-Guayaquil-Madrid, tras despegar desde la terminal 4 del aeropuerto Adolfo Su\u00e1rez Madrid-Barajas. Este primer vuelo ha contado con la presencia del embajador de Ecuador en Espa\u00f1a, Crist\u00f3bal Rold\u00e1n, entre sus pasajeros, quienes han recibido como obsequio unas rosas ecuatorianas de Sunrite Farms Ecuador, consideradas las mejores del mundo por su alta calidad, gran tama\u00f1o e intensidad de color; as\u00ed como unos exquisitos chocolates de Ecuador, cortes\u00eda de Pacari. Tras aterrizar en&#8230;<\/p>\n","protected":false},"author":1,"featured_media":41026,"comment_status":"open","ping_status":"open","sticky":false,"template":"","format":"standard","meta":{"footnotes":""},"categories":[4,84],"tags":[9090,9091,6197,6132,749],"class_list":["post-41025","post","type-post","status-publish","format-standard","has-post-thumbnail","hentry","category-breaking-news","category-internacionales","tag-gibson-preziuso","tag-madrid-quito-guayaquil-madrid","tag-plus-ultra-lineas-aereas","tag-portal-de-noticias-turistamagazine","tag-turistamagazine"],"_links":{"self":[{"href":"https:\/\/www.turistamagazine.com\/v2\/index.php?rest_route=\/wp\/v2\/posts\/41025","targetHints":{"allow":["GET"]}}],"collection":[{"href":"https:\/\/www.turistamagazine.com\/v2\/index.php?rest_route=\/wp\/v2\/posts"}],"about":[{"href":"https:\/\/www.turistamagazine.com\/v2\/index.php?rest_route=\/wp\/v2\/types\/post"}],"author":[{"embeddable":true,"href":"https:\/\/www.turistamagazine.com\/v2\/index.php?rest_route=\/wp\/v2\/users\/1"}],"replies":[{"embeddable":true,"href":"https:\/\/www.turistamagazine.com\/v2\/index.php?rest_route=%2Fwp%2Fv2%2Fcomments&post=41025"}],"version-history":[{"count":1,"href":"https:\/\/www.turistamagazine.com\/v2\/index.php?rest_route=\/wp\/v2\/posts\/41025\/revisions"}],"predecessor-version":[{"id":41027,"href":"https:\/\/www.turistamagazine.com\/v2\/index.php?rest_route=\/wp\/v2\/posts\/41025\/revisions\/41027"}],"wp:featuredmedia":[{"embeddable":true,"href":"https:\/\/www.turistamagazine.com\/v2\/index.php?rest_route=\/wp\/v2\/media\/41026"}],"wp:attachment":[{"href":"https:\/\/www.turistamagazine.com\/v2\/index.php?rest_route=%2Fwp%2Fv2%2Fmedia&parent=41025"}],"wp:term":[{"taxonomy":"category","embeddable":true,"href":"https:\/\/www.turistamagazine.com\/v2\/index.php?rest_route=%2Fwp%2Fv2%2Fcategories&post=41025"},{"taxonomy":"post_tag","embeddable":true,"href":"https:\/\/www.turistamagazine.com\/v2\/index.php?rest_route=%2Fwp%2Fv2%2Ftags&post=41025"}],"curies":[{"name":"wp","href":"https:\/\/api.w.org\/{rel}","templated":true}]}}