{"id":40988,"date":"2019-07-10T10:08:14","date_gmt":"2019-07-10T15:08:14","guid":{"rendered":"http:\/\/www.turistamagazine.com\/v2\/?p=40988"},"modified":"2019-07-10T10:08:14","modified_gmt":"2019-07-10T15:08:14","slug":"evaluan-la-gestion-ambiental-del-santuario-historico-de-machu-picchu","status":"publish","type":"post","link":"https:\/\/www.turistamagazine.com\/v2\/?p=40988","title":{"rendered":"EVAL\u00daAN LA GESTI\u00d3N AMBIENTAL DEL SANTUARIO HIST\u00d3RICO DE MACHU PICCHU"},"content":{"rendered":"<p style=\"text-align: center;\"><strong><span style=\"color: #000080;\">Plan Maestro permite una visi\u00f3n integral de la gesti\u00f3n del territorio, afirma ministra del Ambiente, Luc\u00eda Ru\u00edz<\/span><\/strong><\/p>\n<p style=\"text-align: justify;\">10\/07\/20197 Cusco.-Los ministerios del Ambiente (Minam) y de Comercio Exterior y Turismo (Mincetur), el Gobierno Regional de Cusco y las municipalidades de la provincia de Urubamba y del distrito de Machu Picchu Pueblo evaluaron la gesti\u00f3n ambiental que se efect\u00faa en el Santuario Hist\u00f3rico de Machu Picchu.<\/p>\n<p style=\"text-align: justify;\">\u00a0Al respecto, la ministra del Ambiente, Luc\u00eda Ru\u00edz, enfatiz\u00f3 en la importancia de la conservaci\u00f3n ambiental en la zona del Santuario Hist\u00f3rico de Machu Picchu, para lo cual -seg\u00fan sostuvo- debe tenerse un enfoque de gesti\u00f3n y desarrollo integral del territorio.<\/p>\n<p style=\"text-align: justify;\">La titular del sector Ambiente visit\u00f3 ayer Cusco, junto con el ministro de Comercio Exterior y Turismo, Edgar V\u00e1squez, para participar en la I Primera Sesi\u00f3n Ordinaria del Comit\u00e9 Directivo de la Unidad de Gesti\u00f3n del Santuario Hist\u00f3rico de Machu Picchu, que es presidido por el gobernador regional, Jean Paul Benavente; y donde se abordaron temas vinculados a las acciones medioambientales que se est\u00e1n realizando en esa jurisdicci\u00f3n.<\/p>\n<p><em><strong><span style=\"color: #000080;\">Plan maestro<\/span><\/strong><\/em><\/p>\n<p style=\"text-align: justify;\">En ese marco, la titular del Ministerio del Ambiente (Minam) consider\u00f3 que el Plan Maestro de Machu Picchu es el camino adecuado para tener una visi\u00f3n integral de la gesti\u00f3n de ese territorio, el cual deber\u00e1 implementarse de manera id\u00f3nea, con medidas de seguimiento y monitoreo de resultados. <span style=\"color: #000080;\"><strong><em>\u201cEste tema tenemos que verlo de manera integral\u201d,<\/em><\/strong><\/span> acot\u00f3.<\/p>\n<p style=\"text-align: justify;\">Sostuvo que para ello debe trazarse una hoja de ruta, a fin de tener resultados a corto y mediano plazo, evitando la corrupci\u00f3n y la informalidad para avanzar juntos sin dejar a nadie en el atraso. <span style=\"color: #000080;\"><strong><em>\u201cNo debemos permitir que haya desarrollo y dejar a una poblaci\u00f3n detr\u00e1s, hay que dar una mano al compa\u00f1ero que se est\u00e1 quedando atr\u00e1s en el cumplimiento de sus compromisos\u201d<\/em><\/strong><\/span>, afirm\u00f3.<\/p>\n<p style=\"text-align: justify;\">Ru\u00edz indic\u00f3, asimismo, que se debe priorizar la gesti\u00f3n de riesgos en la localidad y evitar las construcciones informales y\/o artesanales; y tambi\u00e9n indic\u00f3 que debe potenciarse la experiencia tur\u00edstica de la regi\u00f3n.<\/p>\n<p style=\"text-align: justify;\">De otro lado, mencion\u00f3 que las acciones como el <em><strong><span style=\"color: #000080;\">\u201cD\u00eda del reciclaje\u201d (mi\u00e9rcoles de cada semana)<\/span><\/strong><\/em> y la segregaci\u00f3n de residuos, no est\u00e1n llegando aun de manera eficaz a la poblaci\u00f3n y remarc\u00f3 la importancia de tomar medidas urgentes para cambiar esta situaci\u00f3n. En tal sentido, expres\u00f3 el compromiso del Minam para ser parte de la soluci\u00f3n y contribuir a cambiar esta realidad en beneficio de la regi\u00f3n. (\u2026)<\/p>\n<p style=\"text-align: justify;\">F\/ Andina<\/p>\n","protected":false},"excerpt":{"rendered":"<p>Plan Maestro permite una visi\u00f3n integral de la gesti\u00f3n del territorio, afirma ministra del Ambiente, Luc\u00eda Ru\u00edz 10\/07\/20197 Cusco.-Los ministerios del Ambiente (Minam) y de Comercio Exterior y Turismo (Mincetur), el Gobierno Regional de Cusco y las municipalidades de la provincia de Urubamba y del distrito de Machu Picchu Pueblo evaluaron la gesti\u00f3n ambiental que se efect\u00faa en el Santuario Hist\u00f3rico de Machu Picchu. \u00a0Al respecto, la ministra del Ambiente, Luc\u00eda Ru\u00edz, enfatiz\u00f3 en la importancia de la conservaci\u00f3n ambiental en la zona del Santuario Hist\u00f3rico de Machu Picchu, para lo cual -seg\u00fan sostuvo- debe tenerse un enfoque de gesti\u00f3n&#8230;<\/p>\n","protected":false},"author":1,"featured_media":0,"comment_status":"open","ping_status":"open","sticky":false,"template":"","format":"standard","meta":{"footnotes":""},"categories":[4,82],"tags":[134,9084,168,330,749],"class_list":["post-40988","post","type-post","status-publish","format-standard","hentry","category-breaking-news","category-nacionales","tag-cusco","tag-evaluan-la-gestion-ambiental-de-macchu-picchu","tag-machu-picchu","tag-turismo-en-el-peru","tag-turistamagazine"],"_links":{"self":[{"href":"https:\/\/www.turistamagazine.com\/v2\/index.php?rest_route=\/wp\/v2\/posts\/40988","targetHints":{"allow":["GET"]}}],"collection":[{"href":"https:\/\/www.turistamagazine.com\/v2\/index.php?rest_route=\/wp\/v2\/posts"}],"about":[{"href":"https:\/\/www.turistamagazine.com\/v2\/index.php?rest_route=\/wp\/v2\/types\/post"}],"author":[{"embeddable":true,"href":"https:\/\/www.turistamagazine.com\/v2\/index.php?rest_route=\/wp\/v2\/users\/1"}],"replies":[{"embeddable":true,"href":"https:\/\/www.turistamagazine.com\/v2\/index.php?rest_route=%2Fwp%2Fv2%2Fcomments&post=40988"}],"version-history":[{"count":1,"href":"https:\/\/www.turistamagazine.com\/v2\/index.php?rest_route=\/wp\/v2\/posts\/40988\/revisions"}],"predecessor-version":[{"id":40989,"href":"https:\/\/www.turistamagazine.com\/v2\/index.php?rest_route=\/wp\/v2\/posts\/40988\/revisions\/40989"}],"wp:attachment":[{"href":"https:\/\/www.turistamagazine.com\/v2\/index.php?rest_route=%2Fwp%2Fv2%2Fmedia&parent=40988"}],"wp:term":[{"taxonomy":"category","embeddable":true,"href":"https:\/\/www.turistamagazine.com\/v2\/index.php?rest_route=%2Fwp%2Fv2%2Fcategories&post=40988"},{"taxonomy":"post_tag","embeddable":true,"href":"https:\/\/www.turistamagazine.com\/v2\/index.php?rest_route=%2Fwp%2Fv2%2Ftags&post=40988"}],"curies":[{"name":"wp","href":"https:\/\/api.w.org\/{rel}","templated":true}]}}