{"id":407,"date":"2014-01-14T05:45:48","date_gmt":"2014-01-14T05:45:48","guid":{"rendered":"http:\/\/www.turistamagazine.com\/v2\/?p=407"},"modified":"2021-03-14T18:24:02","modified_gmt":"2021-03-14T23:24:02","slug":"lima-punto-de-encuentro-porque-no","status":"publish","type":"post","link":"https:\/\/www.turistamagazine.com\/v2\/?p=407","title":{"rendered":"LIMA PUNTO DE ENCUENTRO. \u00bfPORQU\u00c9 NO?"},"content":{"rendered":"<p>Por. Antonio-Pedro Tejera Reyes*<\/p>\n<p><span style=\"color: #000080;\"><strong><em>\u201cd\u00e9jame que te cuente lime\u00f1a,<br \/>\n<\/em><\/strong><strong><em>d\u00e9jame que te diga la gloria\u2026\u201d<\/em><\/strong>\u00a0<\/span><\/p>\n<p style=\"text-align: justify;\">Inspirado en dos serios acontecimientos ocurridos a finales de este pasado a\u00f1o, nos ha saltado el recuerdo una brillante velada que tuvimos la suerte de poder disfrutar en el suntuoso Gran Hotel Bol\u00edvar, all\u00e1 por los a\u00f1os setenta del pasado siglo, cuando fuimos sorprendidos por una amable e improvisada invitaci\u00f3n a la celebraci\u00f3n de una boda que se desarrollaba en las instalaciones del citado c\u00e9lebre hotel de la capital peruana, cuando apenas hac\u00eda unas horas que ten\u00edamos la suerte de alojarnos en tan regia unidad hotelera, en nuestro tr\u00e1nsito hac\u00eda Asunci\u00f3n, donde \u00edbamos a celebrar el I Seminario de Cultura Tur\u00edstica de Paraguay, bajo los auspicios de la Secretar\u00eda de Turismo de aquella querida naci\u00f3n, y con la organizaci\u00f3n de nuestro instituto que aportaba los programas y el profesorado\u2026 Hasta las riberas de famoso lago azul de Ypacara\u00ed fueron testigos de nuestra presencia, rubricada con una expectativa sin l\u00edmites en ese Paraguay, regido entonces por la dictadura del presidente Alfredo Stroessner. El turismo se mov\u00eda ya de forma incipiente en toda la faz de la Am\u00e9rica Hispana.<\/p>\n<p style=\"text-align: justify;\"><span style=\"color: #333399;\"><em><strong>La presencia en el recuerdo de los elegantes y tradicionales salones del se\u00f1alado Gran Hotel Bol\u00edvar, nos ha tra\u00eddo a la mente, en primer lugar la celebraci\u00f3n de famoso KAISERBALL en la ciudad de Viena, que precisamente este mismo fin de a\u00f1o ha vuelto, como es costumbre, a batir el record con personajes asistentes al mismo de m\u00e1s de 91 pa\u00edses. Un clamoroso ejemplo de una sabia gesti\u00f3n que comenz\u00f3 hace m\u00e1s de cincuenta a\u00f1os, y de la que fuimos unos de sus principales promotores y colaboradores, publicando sus excelencias en varios peri\u00f3dicos y revistas impresas del mundo, y ofertando miles de claveles para decorar el Palacio Imperial de Hofburg la noche de fin de a\u00f1o en que puntualmente se celebra esta acontecimiento mundial que cada a\u00f1o, como vemos, va superando sus cuotas de aceptaci\u00f3n.<\/strong><\/em><\/span><\/p>\n<div id=\"attachment_44055\" style=\"width: 840px\" class=\"wp-caption aligncenter\"><a href=\"https:\/\/www.turistamagazine.com\/v2\/wp-content\/uploads\/2020\/02\/Palacio-Imperial.jpg\"><img decoding=\"async\" aria-describedby=\"caption-attachment-44055\" class=\"wp-image-44055\" src=\"https:\/\/www.turistamagazine.com\/v2\/wp-content\/uploads\/2020\/02\/Palacio-Imperial.jpg\" alt=\"\" width=\"830\" height=\"623\" srcset=\"https:\/\/www.turistamagazine.com\/v2\/wp-content\/uploads\/2020\/02\/Palacio-Imperial.jpg 800w, https:\/\/www.turistamagazine.com\/v2\/wp-content\/uploads\/2020\/02\/Palacio-Imperial-300x225.jpg 300w, https:\/\/www.turistamagazine.com\/v2\/wp-content\/uploads\/2020\/02\/Palacio-Imperial-768x576.jpg 768w, https:\/\/www.turistamagazine.com\/v2\/wp-content\/uploads\/2020\/02\/Palacio-Imperial-560x420.jpg 560w\" sizes=\"(max-width: 830px) 100vw, 830px\" \/><\/a><p id=\"caption-attachment-44055\" class=\"wp-caption-text\"><strong><em><span style=\"color: #333399;\">La imponente entrada al Palacio Imperial de Hofburg, la noche del Silvesterball 2010, con una orquesta de violines interpretando las piezas mas cl\u00e1sicas de los valses de Strauss, todo un preludio, de la maravillosa fiesta con la que se despide y recibe al a\u00f1o, en la rom\u00e1ntica Viena. F\/ Tejera Reyes.<\/span><\/em><\/strong><\/p><\/div>\n<p style=\"text-align: justify;\">En segundo lugar, la presencia de todo un amplio reportaje de la sin par Maria Dolores Pradera, que la televisi\u00f3n espa\u00f1ola nos ofreciera por estas fechas, sign\u00f3 &#8211; \u00a1c\u00f3mo no! &#8211; ese sentir genial y melanc\u00f3lico que sus canciones respiran para traer a nuestra mente todo un simbolismo ancestral que destilan los valses peruanos con esa elegancia y sentimiento que esta singular cantante pone en todas sus interpretaciones, y que no son otra cosa que el reflejo del sentir de un pueblo que hoy une a todo el encanto de sus bellezas naturales geogr\u00e1ficas e hist\u00f3ricas, una poderosa gastronom\u00eda modelo ya en todo el mundo.<\/p>\n<p style=\"text-align: justify;\"><span style=\"color: #000080;\"><em>Los compases de la m\u00fasica de los Strauss en el KAISERBALL, suenan como un reflejo que bien pudieran ser la inspiraci\u00f3n de una velada de fin de a\u00f1o en Lima, bajo el amparo de sus imponentes estructuras coloniales que desfilan junto a esos regios motivos ancestrales que los peruanos conservan celosamente, y que pueden ser el incentivo necesario para convertirse en un nuevo punto de encuentro del turismo mundial la Noche de Fin de A\u00f1o.<\/em><em>\u00a0<\/em><\/span><\/p>\n<p style=\"text-align: justify;\">El escenario espectacular de la capital peruana, as\u00ed como sus singulares atractivos, bien pudieran ser el incentivo necesario para atraer a ese turismo que busca nuevas experiencias y lugares donde disfrutar de un ambiente distinguido, como el que rodea y se disfruta en la capital peruana.<\/p>\n<p style=\"text-align: justify;\">Per\u00fa tiene eficientes promotores y personajes capacitados para liderar esta acci\u00f3n que con un buen montaje y un atractivo eficaz, puede situarse dentro de los acontecimientos mundiales de Fin de A\u00f1o, unas vacaciones que ya est\u00e1n arraigadas en toda la comunidad de los distintos pa\u00edses de Am\u00e9rica, sin contar con la posibilidad sin l\u00edmites de los europeos y norteamericanos.<\/p>\n<p style=\"text-align: justify;\"><em><strong><span style=\"color: #333399;\">El escenario est\u00e1 ah\u00ed.<\/span><\/strong><\/em><\/p>\n<p style=\"text-align: justify;\">* (Del Grupo de Expertos de la Organizaci\u00f3n Mundial del Turismo. UNWTO)<\/p>\n","protected":false},"excerpt":{"rendered":"<p>Por. Antonio-Pedro Tejera Reyes* \u201cd\u00e9jame que te cuente lime\u00f1a, d\u00e9jame que te diga la gloria\u2026\u201d\u00a0 Inspirado en dos serios acontecimientos ocurridos a finales de este pasado a\u00f1o, nos ha saltado el recuerdo una brillante velada que tuvimos la suerte de poder disfrutar en el suntuoso Gran Hotel Bol\u00edvar, all\u00e1 por los a\u00f1os setenta del pasado siglo, cuando fuimos sorprendidos por una amable e improvisada invitaci\u00f3n a la celebraci\u00f3n de una boda que se desarrollaba en las instalaciones del citado c\u00e9lebre hotel de la capital peruana, cuando apenas hac\u00eda unas horas que ten\u00edamos la suerte de alojarnos en tan regia unidad&#8230;<\/p>\n","protected":false},"author":1,"featured_media":0,"comment_status":"open","ping_status":"open","sticky":false,"template":"","format":"standard","meta":{"footnotes":""},"categories":[85],"tags":[10217,10635,10556],"class_list":["post-407","post","type-post","status-publish","format-standard","hentry","category-colum-invitados","tag-antoniopedrotejerareyes","tag-elenahonoresdirectora","tag-turismagazine"],"_links":{"self":[{"href":"https:\/\/www.turistamagazine.com\/v2\/index.php?rest_route=\/wp\/v2\/posts\/407","targetHints":{"allow":["GET"]}}],"collection":[{"href":"https:\/\/www.turistamagazine.com\/v2\/index.php?rest_route=\/wp\/v2\/posts"}],"about":[{"href":"https:\/\/www.turistamagazine.com\/v2\/index.php?rest_route=\/wp\/v2\/types\/post"}],"author":[{"embeddable":true,"href":"https:\/\/www.turistamagazine.com\/v2\/index.php?rest_route=\/wp\/v2\/users\/1"}],"replies":[{"embeddable":true,"href":"https:\/\/www.turistamagazine.com\/v2\/index.php?rest_route=%2Fwp%2Fv2%2Fcomments&post=407"}],"version-history":[{"count":12,"href":"https:\/\/www.turistamagazine.com\/v2\/index.php?rest_route=\/wp\/v2\/posts\/407\/revisions"}],"predecessor-version":[{"id":49886,"href":"https:\/\/www.turistamagazine.com\/v2\/index.php?rest_route=\/wp\/v2\/posts\/407\/revisions\/49886"}],"wp:attachment":[{"href":"https:\/\/www.turistamagazine.com\/v2\/index.php?rest_route=%2Fwp%2Fv2%2Fmedia&parent=407"}],"wp:term":[{"taxonomy":"category","embeddable":true,"href":"https:\/\/www.turistamagazine.com\/v2\/index.php?rest_route=%2Fwp%2Fv2%2Fcategories&post=407"},{"taxonomy":"post_tag","embeddable":true,"href":"https:\/\/www.turistamagazine.com\/v2\/index.php?rest_route=%2Fwp%2Fv2%2Ftags&post=407"}],"curies":[{"name":"wp","href":"https:\/\/api.w.org\/{rel}","templated":true}]}}