{"id":40429,"date":"2019-05-28T17:07:52","date_gmt":"2019-05-28T22:07:52","guid":{"rendered":"http:\/\/www.turistamagazine.com\/v2\/?p=40429"},"modified":"2019-05-28T17:08:20","modified_gmt":"2019-05-28T22:08:20","slug":"celebran-septimo-aniversario-en-colombia-de-viva-air","status":"publish","type":"post","link":"https:\/\/www.turistamagazine.com\/v2\/?p=40429","title":{"rendered":"CELEBRAN S\u00c9PTIMO ANIVERSARIO EN COLOMBIA DE VIVA AIR"},"content":{"rendered":"<p style=\"text-align: justify;\">28\/05\/2019\/Colombia.- F\u00e9lix Antelo, CEO de Viva Air declar\u00f3 con motivo de la celebraci\u00f3n del s\u00e9ptimo aniversario en Colombia y el segundo en Per\u00fa, indic\u00f3 que <strong><em><span style=\"color: #000080;\">en Colombia crecer\u00e1 cerca del 30% y triplicar\u00e1 su operaci\u00f3n en Per\u00fa durante este a\u00f1o.<\/span><\/em><\/strong> Al igual asegur\u00f3 que tienen un plan agresivo de expansi\u00f3n en la regi\u00f3n.<\/p>\n<p style=\"text-align: justify;\"><span style=\"color: #000080;\"><strong><em>Asimismo agreg\u00f3 \u201cTenemos un plan de expansi\u00f3n muy agresivo en la regi\u00f3n y ese plan est\u00e1 respaldado por la compra de nuestros 50 aviones nuevos Airbus A320. Por otro lado, en 2019, esperamos triplicar la operaci\u00f3n en Per\u00fa, y crecer en Colombia cerca del 30%. En el pa\u00eds Inca, en menos de dos a\u00f1os, nos hemos posicionado como la segunda aerol\u00ednea del mercado. Seguiremos abriendo m\u00e1s rutas dom\u00e9sticas e internacionales en la regi\u00f3n para generar conexi\u00f3n y desarrollo, y permitir a m\u00e1s personas viajar en avi\u00f3n\u201d<\/em><\/strong>.<\/span><\/p>\n<p style=\"text-align: justify;\">Por otra parte, el vocero de la aerol\u00ednea manifest\u00f3 que a final de este a\u00f1o planea agregar entre cuatro o cinco rutas adicionales. Tambi\u00e9n espera que la aerol\u00ednea llegue a 24 aeronaves en total, 16 en Colombia y ocho en Per\u00fa.<\/p>\n<p style=\"text-align: justify;\">Finalmente reafirman \u00a0como prop\u00f3sito el mantenerse a la vanguardia y dinamizar el transporte a\u00e9reo a nivel mundial permitiendo aumentar el tr\u00e1fico de pasajeros gracias a las m\u00faltiples alternativas para transportarse. As\u00ed, Viva Air espera contar con el total de los 50 aviones nuevos para el a\u00f1o 2023 y de esa forma poder seguir ofreci\u00e9ndole a sus viajeros las mejores tarifas llegando a m\u00e1s destinos a nivel nacional e internacional, as\u00ed lo inform\u00f3 la aerol\u00ednea.<\/p>\n<p style=\"text-align: justify;\">La aerol\u00ednea de bajo costo podr\u00e1 poner en marcha su llegada a un tercer pa\u00eds en Latinoam\u00e9rica el cual se sumar\u00e1 a Colombia y Per\u00fa, as\u00ed lo asegur\u00f3 el presidente de la aerol\u00ednea, F\u00e9lix Antelo. <span style=\"color: #000080;\"><strong><em>\u201cEstamos analizando opciones en Sudam\u00e9rica y Centroam\u00e9rica para ese tercer pa\u00eds. Tenemos dos candidatos\u201d<\/em><\/strong><\/span>. El fondo Cartesian Capital Group ya ha invertido en las aerol\u00edneas como Gold de Brasil, as\u00ed lo registr\u00f3 Portafolio en su momento.<\/p>\n","protected":false},"excerpt":{"rendered":"<p>28\/05\/2019\/Colombia.- F\u00e9lix Antelo, CEO de Viva Air declar\u00f3 con motivo de la celebraci\u00f3n del s\u00e9ptimo aniversario en Colombia y el segundo en Per\u00fa, indic\u00f3 que en Colombia crecer\u00e1 cerca del 30% y triplicar\u00e1 su operaci\u00f3n en Per\u00fa durante este a\u00f1o. Al igual asegur\u00f3 que tienen un plan agresivo de expansi\u00f3n en la regi\u00f3n. Asimismo agreg\u00f3 \u201cTenemos un plan de expansi\u00f3n muy agresivo en la regi\u00f3n y ese plan est\u00e1 respaldado por la compra de nuestros 50 aviones nuevos Airbus A320. Por otro lado, en 2019, esperamos triplicar la operaci\u00f3n en Per\u00fa, y crecer en Colombia cerca del 30%. En el&#8230;<\/p>\n","protected":false},"author":1,"featured_media":0,"comment_status":"open","ping_status":"open","sticky":false,"template":"","format":"standard","meta":{"footnotes":""},"categories":[4,84],"tags":[3472,206,624,8952,749,5078],"class_list":["post-40429","post","type-post","status-publish","format-standard","hentry","category-breaking-news","category-internacionales","tag-airbus-a320","tag-colombia","tag-felix-antelo","tag-grupo-viva-air-cumple-2-anos","tag-turistamagazine","tag-ver-todos"],"_links":{"self":[{"href":"https:\/\/www.turistamagazine.com\/v2\/index.php?rest_route=\/wp\/v2\/posts\/40429","targetHints":{"allow":["GET"]}}],"collection":[{"href":"https:\/\/www.turistamagazine.com\/v2\/index.php?rest_route=\/wp\/v2\/posts"}],"about":[{"href":"https:\/\/www.turistamagazine.com\/v2\/index.php?rest_route=\/wp\/v2\/types\/post"}],"author":[{"embeddable":true,"href":"https:\/\/www.turistamagazine.com\/v2\/index.php?rest_route=\/wp\/v2\/users\/1"}],"replies":[{"embeddable":true,"href":"https:\/\/www.turistamagazine.com\/v2\/index.php?rest_route=%2Fwp%2Fv2%2Fcomments&post=40429"}],"version-history":[{"count":1,"href":"https:\/\/www.turistamagazine.com\/v2\/index.php?rest_route=\/wp\/v2\/posts\/40429\/revisions"}],"predecessor-version":[{"id":40430,"href":"https:\/\/www.turistamagazine.com\/v2\/index.php?rest_route=\/wp\/v2\/posts\/40429\/revisions\/40430"}],"wp:attachment":[{"href":"https:\/\/www.turistamagazine.com\/v2\/index.php?rest_route=%2Fwp%2Fv2%2Fmedia&parent=40429"}],"wp:term":[{"taxonomy":"category","embeddable":true,"href":"https:\/\/www.turistamagazine.com\/v2\/index.php?rest_route=%2Fwp%2Fv2%2Fcategories&post=40429"},{"taxonomy":"post_tag","embeddable":true,"href":"https:\/\/www.turistamagazine.com\/v2\/index.php?rest_route=%2Fwp%2Fv2%2Ftags&post=40429"}],"curies":[{"name":"wp","href":"https:\/\/api.w.org\/{rel}","templated":true}]}}