{"id":40398,"date":"2019-05-22T11:56:32","date_gmt":"2019-05-22T16:56:32","guid":{"rendered":"http:\/\/www.turistamagazine.com\/v2\/?p=40398"},"modified":"2019-05-22T12:03:03","modified_gmt":"2019-05-22T17:03:03","slug":"la-salud-y-los-viajes","status":"publish","type":"post","link":"https:\/\/www.turistamagazine.com\/v2\/?p=40398","title":{"rendered":"LA SALUD Y LOS VIAJES"},"content":{"rendered":"<p style=\"text-align: justify;\">\u00a0<a href=\"https:\/\/www.turistamagazine.com\/v2\/wp-content\/uploads\/2018\/05\/Elena-para-Feinpretudi-5.jpg\"><img decoding=\"async\" class=\"size-full wp-image-34735 alignleft\" src=\"https:\/\/www.turistamagazine.com\/v2\/wp-content\/uploads\/2018\/05\/Elena-para-Feinpretudi-5.jpg\" alt=\"\" width=\"112\" height=\"160\" \/><\/a>El\u00a0 reciente 21 de mayo falleci\u00f3 una se\u00f1ora de nacionalidad brit\u00e1nica en un avi\u00f3n de \u00a0Ryanair antes de emprender vuelo de 58 a\u00f1os supuestamente de un infarto, esto nos recuerda un art\u00edculo que publicamos hace algunos a\u00f1os y nos parece muy oportuno recordarlo.<\/p>\n<p style=\"text-align: justify;\">\u201cLos especialistas en medicina del viajero se reunieron por tercera vez en una conferencia europea celebrada en Florencia (Italia), un mes de mayo hace varios a\u00f1os, para estudiar problemas de salud y casos espec\u00edficos frecuentes en los viajes y el turismo internacional, bajo el importante tema de las epidemias.<\/p>\n<p style=\"text-align: justify;\">El Sr. Henryk F. Handszuh,\u00a0 en ese entonces Jefe de la Secci\u00f3n Calidad del Desarrollo Tur\u00edstico de la OMT, defini\u00f3 las epidemias en el contexto tur\u00edstico como <span style=\"color: #000080;\"><strong><em>\u201cla presencia en escala masiva de una enfermedad o un problema de salud que puede ser causado por agentes contagiosos o que puede manifestarse en muchas personas al mismo tiempo, debido a su estado de salud espec\u00edfico en un ambiente de salud adverso\u201d<\/em><\/strong>,<\/span> y estableci\u00f3\u00a0 una relaci\u00f3n directa entre el tipo y la frecuencia de los accidentes que afectaban a la poblaci\u00f3n local y a sus visitantes. <span style=\"color: #000080;\"><strong><em>Los accidentes de tr\u00e1fico en carretera, los ahogamientos durante las vacaciones de verano y los deportes de aventura o de invierno se consideraron las principales causas de los accidentes mortales y las lesiones graves de los viajeros y visitantes de los destinos de inter\u00e9s tur\u00edstico. Y ahora le agregamos los SELFIES<\/em><\/strong><\/span><\/p>\n<p style=\"text-align: justify;\">Adem\u00e1s de las epidemias, se abordaron temas muy diversos que mostraban el grado de exposici\u00f3n del viajero a frecuentes problemas de salud: <strong><em><span style=\"color: #000080;\">trombosis, hepatitis, SIDA y enfermedades de transmisi\u00f3n sexual, fiebre amarilla, enfermedades transmitidas por vector (paludismo, par\u00e1sitos, garrapatas) y seguridad de los productos alimentarios y del agua. Se observa un riesgo considerable en las nuevas infecciones emergentes, actualmente m\u00e1s de treinta, que el nuevo Reglamento Sanitario Internacional de la OMS tratar\u00e1 de desafia<\/span>r.<\/em><\/strong><\/p>\n<p style=\"text-align: justify;\">Seg\u00fan el Sr. Robert Steffen, fundador de la Sociedad Internacional de Medicina del Viajero (ISTM), las nuevas infecciones (tales como la fiebre de \u00c9bola o neum\u00f3nica y otras muchas pero s\u00f3lo mencionamos las m\u00e1s graves que se sabe se transmiten por contacto sexual, \u2013hepatitis B, virus del herpes simple (HSV o herpes), VIH y virus del papiloma humano (VPH)\u2013 son infecciones virales incurables, \u00a0que siguen afectando a los viajeros muy ocasionalmente (pero es mejor estar preparado para ello), si bien <span style=\"color: #000080;\"><strong><em>\u201clos riegos frecuentes siguen siendo riesgos frecuentes\u00bb\u201d en cuyo caso los pa\u00edses mediterr\u00e1neos consolidaron una mejora y los pa\u00edses en desarrollo lograron \u201cun lento progreso, en el mejor de los casos\u201d.<\/em><\/strong><\/span><\/p>\n<p style=\"text-align: justify;\">Se reconoci\u00f3 el peligro de <span style=\"color: #000080;\"><strong><em>\u201clos efectos del terrorismo en la salud, incluido el bioterrorismo, pero se consider\u00f3 \u201cestad\u00edsticamente poco frecuente\u201d.<\/em><\/strong><\/span><\/p>\n<p style=\"text-align: justify;\">La industria farmac\u00e9utica se centra plenamente en las necesidades de los viajeros, elaborando nuevos <span style=\"color: #000080;\"><strong><em>\u201cinstrumentos de salud para los viajes<\/em><\/strong><\/span>\u201d e introduciendo en el mercado medicamentos tales como nuevos antimicrobianos no absorbibles o mezclas de vacunas orales para tratar la diarrea del viajero. Si bien se conf\u00eda en obtener vacunas contra el dengue e incluso posiblemente contra el SIDA, se respira un nuevo pesimismo con respecto a la prevenci\u00f3n del paludismo de este modo, pero se garantiza a los viajeros la eficacia de la quimioprofilaxis al respecto.<\/p>\n<p style=\"text-align: justify;\">\u00a0Debido a Internet, actualmente existe abundante informaci\u00f3n correcta e incorrecta sobre la salud de los turistas, cuya utilizaci\u00f3n oportuna cada vez es m\u00e1s cr\u00edtica. Los organizadores de la conferencia de Florencia aprovecharon la presencia de la OMT para solicitar un di\u00e1logo renovado entre los profesionales de la salud y del turismo, y abordar los problemas p\u00fablicos de salud en el futuro, en beneficio tanto de los visitantes de los destinos tur\u00edsticos como de la poblaci\u00f3n local.<\/p>\n<p style=\"text-align: justify;\">Este art\u00edculo se escribi\u00f3 hace 20 a\u00f1os, pero mi dilecto lector, \u00bfno le suena conocido este diagn\u00f3stico? Siguen los mismos y potenciado riesgos, <span style=\"color: #000080;\"><b style=\"color: #000080;\">&#8230;Y por favor antes de viajar un chequeo m\u00e9dico no estar\u00eda dem\u00e1s, sobre todo si se tiene dolencias que necesita una medicaci\u00f3n constante, ya que la salud del viajero es <\/b><span style=\"color: #000080;\"><b>responsabilizad<\/b><\/span><b style=\"color: #000080;\">\u00a0de cada uno&#8230;\u2026 Aunque sobre la vida y la muerte no han nada dicho\u2026<\/b><\/span><\/p>\n<p style=\"text-align: right;\"><strong>Elena Villar<\/strong><\/p>\n<p style=\"text-align: right;\"><strong>Directora<\/strong><\/p>\n<p style=\"text-align: right;\"><strong>Presidente de FEINPRETUDI<\/strong><\/p>\n<p style=\"text-align: right;\"><strong>Escritora e investigadora peruana<\/strong><\/p>\n<p style=\"text-align: right;\"><strong>Mag\u00edster en Turismo y Hoteler\u00eda\u00a0 <\/strong><\/p>\n<p>&nbsp;<\/p>\n<p>&nbsp;<\/p>\n","protected":false},"excerpt":{"rendered":"<p>\u00a0El\u00a0 reciente 21 de mayo falleci\u00f3 una se\u00f1ora de nacionalidad brit\u00e1nica en un avi\u00f3n de \u00a0Ryanair antes de emprender vuelo de 58 a\u00f1os supuestamente de un infarto, esto nos recuerda un art\u00edculo que publicamos hace algunos a\u00f1os y nos parece muy oportuno recordarlo. \u201cLos especialistas en medicina del viajero se reunieron por tercera vez en una conferencia europea celebrada en Florencia (Italia), un mes de mayo hace varios a\u00f1os, para estudiar problemas de salud y casos espec\u00edficos frecuentes en los viajes y el turismo internacional, bajo el importante tema de las epidemias. El Sr. Henryk F. Handszuh,\u00a0 en ese entonces&#8230;<\/p>\n","protected":false},"author":1,"featured_media":0,"comment_status":"open","ping_status":"open","sticky":false,"template":"","format":"standard","meta":{"footnotes":""},"categories":[345],"tags":[7471,8989,126,6132,749,5078],"class_list":["post-40398","post","type-post","status-publish","format-standard","hentry","category-editorial","tag-elenita-villar-asesora-de-tesis-en-turismo","tag-la-salud-y-los-viajes","tag-omt","tag-portal-de-noticias-turistamagazine","tag-turistamagazine","tag-ver-todos"],"_links":{"self":[{"href":"https:\/\/www.turistamagazine.com\/v2\/index.php?rest_route=\/wp\/v2\/posts\/40398","targetHints":{"allow":["GET"]}}],"collection":[{"href":"https:\/\/www.turistamagazine.com\/v2\/index.php?rest_route=\/wp\/v2\/posts"}],"about":[{"href":"https:\/\/www.turistamagazine.com\/v2\/index.php?rest_route=\/wp\/v2\/types\/post"}],"author":[{"embeddable":true,"href":"https:\/\/www.turistamagazine.com\/v2\/index.php?rest_route=\/wp\/v2\/users\/1"}],"replies":[{"embeddable":true,"href":"https:\/\/www.turistamagazine.com\/v2\/index.php?rest_route=%2Fwp%2Fv2%2Fcomments&post=40398"}],"version-history":[{"count":2,"href":"https:\/\/www.turistamagazine.com\/v2\/index.php?rest_route=\/wp\/v2\/posts\/40398\/revisions"}],"predecessor-version":[{"id":40400,"href":"https:\/\/www.turistamagazine.com\/v2\/index.php?rest_route=\/wp\/v2\/posts\/40398\/revisions\/40400"}],"wp:attachment":[{"href":"https:\/\/www.turistamagazine.com\/v2\/index.php?rest_route=%2Fwp%2Fv2%2Fmedia&parent=40398"}],"wp:term":[{"taxonomy":"category","embeddable":true,"href":"https:\/\/www.turistamagazine.com\/v2\/index.php?rest_route=%2Fwp%2Fv2%2Fcategories&post=40398"},{"taxonomy":"post_tag","embeddable":true,"href":"https:\/\/www.turistamagazine.com\/v2\/index.php?rest_route=%2Fwp%2Fv2%2Ftags&post=40398"}],"curies":[{"name":"wp","href":"https:\/\/api.w.org\/{rel}","templated":true}]}}