{"id":40361,"date":"2019-05-21T16:44:13","date_gmt":"2019-05-21T21:44:13","guid":{"rendered":"http:\/\/www.turistamagazine.com\/v2\/?p=40361"},"modified":"2019-05-21T16:44:32","modified_gmt":"2019-05-21T21:44:32","slug":"promperu-participa-en-feria-internacional-de-turismo-imex-frankfurt","status":"publish","type":"post","link":"https:\/\/www.turistamagazine.com\/v2\/?p=40361","title":{"rendered":"PROMPER\u00da PARTICIPA EN FERIA INTERNACIONAL DE TURISMO IMEX FRANKFURT"},"content":{"rendered":"<p style=\"text-align: center;\"><span style=\"color: #000080;\"><strong><em>Evento dedicado a la industria de reuniones se realizar\u00e1 hasta el 23 de mayo<\/em><\/strong><\/span><\/p>\n<p style=\"text-align: center;\"><span style=\"color: #000080;\"><strong><em>Cinco empresas peruanas representar\u00e1n al sector turismo de nuestro pa\u00eds<\/em><\/strong><\/span><\/p>\n<p style=\"text-align: justify;\">21\/05\/ 2019\/ Lima.- La Comisi\u00f3n de Promoci\u00f3n del Per\u00fa para la Exportaci\u00f3n y el Turismo (PROMPER\u00da) ser\u00e1 parte de IMEX Frankfurt, feria internacional l\u00edder del turismo de reuniones en Europa, que se llevar\u00e1 a cabo del 21 al 23 de mayo en Alemania.<\/p>\n<p style=\"text-align: justify;\">El evento est\u00e1 dirigido al mercado de viajes de incentivos, as\u00ed como al de reuniones y congresos. <span style=\"color: #000080;\"><strong><em>Ambos segmentos son de gran importancia para el Per\u00fa como destino especializado, debido al gasto realizado por turista, que es hasta tres veces mayor al viajero promedio. <\/em><\/strong><\/span><\/p>\n<p style=\"text-align: justify;\">En esta edici\u00f3n, PROMPER\u00da participa junto con cinco empresas representantes de este segmento. Adem\u00e1s, cuenta con el apoyo de la Oficina de Comercio Exterior y Turismo en Alemania, en un esfuerzo colectivo por fortalecer el posicionamiento de nuestro pa\u00eds como destino ideal para el desarrollo de eventos, congresos e incentivos.<\/p>\n<p style=\"text-align: justify;\"><em><strong><span style=\"color: #000080;\">IMEX 2018 reuni\u00f3 a 3500 expositores provenientes de 150 pa\u00edses, lo que gener\u00f3 alrededor de 68 500 reuniones entre citas individuales, grupales y presentaciones en stands. En aquella edici\u00f3n, la participaci\u00f3n de Per\u00fa logr\u00f3 un potencial de negocios estimado en US$ 8,2 millones, y este a\u00f1o se estima un crecimiento de 10 %.<\/span><\/strong><\/em><\/p>\n","protected":false},"excerpt":{"rendered":"<p>Evento dedicado a la industria de reuniones se realizar\u00e1 hasta el 23 de mayo Cinco empresas peruanas representar\u00e1n al sector turismo de nuestro pa\u00eds 21\/05\/ 2019\/ Lima.- La Comisi\u00f3n de Promoci\u00f3n del Per\u00fa para la Exportaci\u00f3n y el Turismo (PROMPER\u00da) ser\u00e1 parte de IMEX Frankfurt, feria internacional l\u00edder del turismo de reuniones en Europa, que se llevar\u00e1 a cabo del 21 al 23 de mayo en Alemania. El evento est\u00e1 dirigido al mercado de viajes de incentivos, as\u00ed como al de reuniones y congresos. Ambos segmentos son de gran importancia para el Per\u00fa como destino especializado, debido al gasto realizado&#8230;<\/p>\n","protected":false},"author":1,"featured_media":0,"comment_status":"open","ping_status":"open","sticky":false,"template":"","format":"standard","meta":{"footnotes":""},"categories":[4,82],"tags":[7509,1708,349,330,749],"class_list":["post-40361","post","type-post","status-publish","format-standard","hentry","category-breaking-news","category-nacionales","tag-elenita-honores","tag-imex-frankfurt","tag-promperu","tag-turismo-en-el-peru","tag-turistamagazine"],"_links":{"self":[{"href":"https:\/\/www.turistamagazine.com\/v2\/index.php?rest_route=\/wp\/v2\/posts\/40361","targetHints":{"allow":["GET"]}}],"collection":[{"href":"https:\/\/www.turistamagazine.com\/v2\/index.php?rest_route=\/wp\/v2\/posts"}],"about":[{"href":"https:\/\/www.turistamagazine.com\/v2\/index.php?rest_route=\/wp\/v2\/types\/post"}],"author":[{"embeddable":true,"href":"https:\/\/www.turistamagazine.com\/v2\/index.php?rest_route=\/wp\/v2\/users\/1"}],"replies":[{"embeddable":true,"href":"https:\/\/www.turistamagazine.com\/v2\/index.php?rest_route=%2Fwp%2Fv2%2Fcomments&post=40361"}],"version-history":[{"count":2,"href":"https:\/\/www.turistamagazine.com\/v2\/index.php?rest_route=\/wp\/v2\/posts\/40361\/revisions"}],"predecessor-version":[{"id":40363,"href":"https:\/\/www.turistamagazine.com\/v2\/index.php?rest_route=\/wp\/v2\/posts\/40361\/revisions\/40363"}],"wp:attachment":[{"href":"https:\/\/www.turistamagazine.com\/v2\/index.php?rest_route=%2Fwp%2Fv2%2Fmedia&parent=40361"}],"wp:term":[{"taxonomy":"category","embeddable":true,"href":"https:\/\/www.turistamagazine.com\/v2\/index.php?rest_route=%2Fwp%2Fv2%2Fcategories&post=40361"},{"taxonomy":"post_tag","embeddable":true,"href":"https:\/\/www.turistamagazine.com\/v2\/index.php?rest_route=%2Fwp%2Fv2%2Ftags&post=40361"}],"curies":[{"name":"wp","href":"https:\/\/api.w.org\/{rel}","templated":true}]}}