{"id":40286,"date":"2019-05-14T15:30:13","date_gmt":"2019-05-14T20:30:13","guid":{"rendered":"http:\/\/www.turistamagazine.com\/v2\/?p=40286"},"modified":"2019-05-14T15:34:04","modified_gmt":"2019-05-14T20:34:04","slug":"peru-y-su-estatus-turistico-una-aventura-mas-de-un-sueno-a-una-realidad","status":"publish","type":"post","link":"https:\/\/www.turistamagazine.com\/v2\/?p=40286","title":{"rendered":"PERU Y SU ESTATUS TURISTICO, UNA AVENTURA MAS  DE UN SUE\u00d1O A UNA REALIDAD"},"content":{"rendered":"<p style=\"text-align: center;\"><strong><span style=\"color: #000080;\">LOS HECHOS Y LAS COSAS<\/span><\/strong><\/p>\n<p>Por.\u00a0Antonio-Pedro Tejera Reyes<\/p>\n<p style=\"text-align: justify;\">Los est\u00edmulos que significan para nosotros el apoyo institucional a nuestras ideas, son las bases que nos hacen persistir muchas de las veces en las mismas sin pensar en aquella lamentables situaciones en las que la envidia, la ignorancia y la maldad, solo ven argumentos punibles en muchas de las acciones que refrendamos con nuestro trabajo, la mayor\u00eda de las veces \u2013 por no decir todas \u2013 <em><strong><span style=\"color: #000080;\">con el prop\u00f3sito permanente del ideal de servicio a una sociedad que se lo merece todo, pese a las mentes malvadas\u00a0 que en ella abundan, para hacer la diferencia de quienes nos colocamos en la senda de la virtud, la paz, la raz\u00f3n y la justicia. Es lo que hay sin m\u00e1s aditamentos.<\/span><\/strong><\/em><\/p>\n<p style=\"text-align: justify;\">Hasta aqu\u00ed hemos llegado con nuestra idea progresista que exponemos en s\u00edntesis en nuestro art\u00edculo que titulamos <span style=\"color: #000080;\"><strong>\u201cPer\u00fa lo tiene todo<\/strong>\u201d<\/span>, dando vida a un programa que ya ha despertado el inter\u00e9s y la ilusi\u00f3n en varios pa\u00edses del mundo, donde la idea ha calado con mucha fuerza y ha propiciado sinceros elogios as\u00ed como amplios deseos de colaboraci\u00f3n en tan sensacional programa.<\/p>\n<div id=\"attachment_28497\" style=\"width: 610px\" class=\"wp-caption aligncenter\"><a href=\"https:\/\/www.turistamagazine.com\/v2\/wp-content\/uploads\/2017\/04\/324132_221663.jpg\"><img decoding=\"async\" aria-describedby=\"caption-attachment-28497\" class=\"wp-image-28497\" src=\"https:\/\/www.turistamagazine.com\/v2\/wp-content\/uploads\/2017\/04\/324132_221663.jpg\" alt=\"Ausangate, c\u00f3mo llegar a la majestuosa monta\u00f1a de 7 colores en Cusco\/ radio Coraz\u00f3n\" width=\"600\" height=\"337\" \/><\/a><p id=\"caption-attachment-28497\" class=\"wp-caption-text\"><em><span style=\"color: #000080;\">Ausangate,\u00a0 la majestuosa monta\u00f1a de 7 colores en Cusco\/ radio Coraz\u00f3n<\/span><\/em><\/p><\/div>\n<p style=\"text-align: justify;\">Frente a esto, no pod\u00eda faltar el escepticismo de aquellos que \u201c<em><strong><span style=\"color: #000080;\">est\u00e1n de vuelta\u201d<\/span><\/strong><\/em> de todo el entramado pol\u00edtico que existe en el mundo y que saben que para que un proyecto de esta magnitud progrese tiene que existir un inter\u00e9s inmediato muy claro, ya sea econ\u00f3mico o pol\u00edtico, en los poderes constituidos. No, no podemos enga\u00f1arnos y pensar con amplitud y de manera distinta, sobre este, o cualquier otro tema, la realidad es la que exponemos sin otros posibles escenarios.<\/p>\n<p style=\"text-align: justify;\"><em><strong><span style=\"color: #000080;\">Es por ello, y en atenci\u00f3n a la expectativa mundial que ha despertado nuestra idea, que nos vamos a permitir ampliar algo su contenido, si bien la operatividad de la misma est\u00e1 razonablemente ligada a la capacidad y el conocimiento de quienes puedan poner en marcha tan significativa y magnifica obra. \u00a0<\/span><\/strong><\/em><\/p>\n<p style=\"text-align: justify;\"><em><strong><span style=\"color: #000080;\">LAS BASES DE UN PROGRAMA<\/span><\/strong><\/em><\/p>\n<div id=\"attachment_38604\" style=\"width: 610px\" class=\"wp-caption aligncenter\"><a href=\"https:\/\/www.turistamagazine.com\/v2\/wp-content\/uploads\/2018\/12\/Salones-Imperiales.jpg\"><img decoding=\"async\" aria-describedby=\"caption-attachment-38604\" class=\"wp-image-38604\" src=\"https:\/\/www.turistamagazine.com\/v2\/wp-content\/uploads\/2018\/12\/Salones-Imperiales.jpg\" alt=\"\" width=\"600\" height=\"400\" \/><\/a><p id=\"caption-attachment-38604\" class=\"wp-caption-text\"><span style=\"color: #000080;\"><em>Los Apartamentos Imperiales de Viena, est\u00e1n hoy convertidos en un extraordinario museo, donde podemos ver hasta estas estampas del gimnasio que utilizaba la princesa Sissi, en uno de sus m\u00faltiples departamentos convertidos en una atracci\u00f3n tur\u00edstica del mayor nivel internacional<\/em><\/span><\/p><\/div>\n<p style=\"text-align: justify;\"><span style=\"color: #000080;\"><em>Para el desarrollo de un proyecto, las bases<\/em><\/span> sobre el cual se ha de trabajar tienen su mayor importancia, mas todav\u00eda cuando el estudio del mismo se est\u00e1 basado en hechos hist\u00f3ricos que nada tienen que ver con la riqueza de la naturaleza, el paisaje, o las obras p\u00fablicas.<\/p>\n<p style=\"text-align: justify;\">Cuando tratamos de actos sociales que representan la vida de otras \u00e9pocas, el retrato de los museos que hemos tenido la suerte de poder admirar fechas pasadas en la ciudad de Viena, son joyas mas que suficientes para ilustrar nuestra mente con lo que se debe hacer en otros lugares para <strong><em><span style=\"color: #000080;\">conservar y<\/span><\/em> <em><span style=\"color: #000080;\">revalorizar sus \u201cse\u00f1as de identidad\u201d<\/span><\/em><\/strong> dentro de las mejores circunstancias, hoy un patrimonio de un valor incalculable dentro del movimiento de este <strong><em><span style=\"color: #000080;\">\u201cfen\u00f3meno<\/span><\/em><\/strong>\u201d de nuestro tiempo que es el turismo cultural, revoluci\u00f3n social y econ\u00f3mica del mundo.<\/p>\n<div id=\"attachment_38765\" style=\"width: 610px\" class=\"wp-caption aligncenter\"><a href=\"https:\/\/www.turistamagazine.com\/v2\/wp-content\/uploads\/2019\/01\/museo-1.jpg\"><img decoding=\"async\" aria-describedby=\"caption-attachment-38765\" class=\"wp-image-38765\" src=\"https:\/\/www.turistamagazine.com\/v2\/wp-content\/uploads\/2019\/01\/museo-1.jpg\" alt=\"\" width=\"600\" height=\"279\" srcset=\"https:\/\/www.turistamagazine.com\/v2\/wp-content\/uploads\/2019\/01\/museo-1.jpg 640w, https:\/\/www.turistamagazine.com\/v2\/wp-content\/uploads\/2019\/01\/museo-1-300x140.jpg 300w, https:\/\/www.turistamagazine.com\/v2\/wp-content\/uploads\/2019\/01\/museo-1-610x284.jpg 610w\" sizes=\"(max-width: 600px) 100vw, 600px\" \/><\/a><p id=\"caption-attachment-38765\" class=\"wp-caption-text\"><em><span style=\"color: #000080;\">El Museo de Sisi, otra aut\u00e9ntica creaci\u00f3n dentro del Palacio Imperial de Hofburg, una de las obligadas visitas del turismo que vista Viena.<\/span><\/em><\/p><\/div>\n<p style=\"text-align: justify;\">En ese escenario, el conocimiento y la experiencia tiene una excepcional importancia para asesorar a quienes deban capitalizar esas bases y ponerlas en situaci\u00f3n de ocupar un lugar positivo como una atracci\u00f3n tur\u00edstica de m\u00e1xima calidad, teniendo en cuenta el mercado que recorre el mundo cada vez mas instruido y mas selectivo a la hora de escoger sus preferencias.<\/p>\n<p style=\"text-align: justify;\"><em><strong><span style=\"color: #000080;\">Este es precisamente el caso que estamos tratando sobre Per\u00fa, donde sus bases hist\u00f3ricas pueden despertar una corriente de opini\u00f3n que puede ser positiva o negativa \u2013 caso de Austria 1970, y su<\/span><\/strong><\/em><\/p>\n<div id=\"attachment_18581\" style=\"width: 610px\" class=\"wp-caption aligncenter\"><a href=\"https:\/\/www.turistamagazine.com\/v2\/wp-content\/uploads\/2015\/12\/kaiserball.jpg\"><img decoding=\"async\" aria-describedby=\"caption-attachment-18581\" class=\"wp-image-18581\" src=\"https:\/\/www.turistamagazine.com\/v2\/wp-content\/uploads\/2015\/12\/kaiserball-1024x681.jpg\" alt=\"\" width=\"600\" height=\"399\" \/><\/a><p id=\"caption-attachment-18581\" class=\"wp-caption-text\"><em><span style=\"color: #000080;\">La impresionante majestuosidad de los salones del Palacio Imperial de Viena, alberga el KAISERBALL, la noche de Fin de A\u00f1o.<\/span><\/em><\/p><\/div>\n<p style=\"text-align: justify;\"><em><strong><span style=\"color: #000080;\">\u2013 pero que nadie puede negarle su \u00e9xito econ\u00f3mico y social despu\u00e9s de cerca de cincuenta a\u00f1os de asentamiento, como en el caso del mod\u00e9lico caso austriaco.<\/span><\/strong><\/em><\/p>\n<p style=\"text-align: justify;\">Decimos econ\u00f3mico y social, porque si bien en el terreno econ\u00f3mico los beneficios son bien visibles, en el social hay que calibrar el potencial aumento del empleo, el consumo y la actividad comercial e industrial que todo este programa ocupa, no solo en las fechas en que se realice el evento, sino en toda la larga trayectoria de su puesta en escena que acoge un serio aparataje de personal con su consiguiente consumo.<\/p>\n<div id=\"attachment_38466\" style=\"width: 610px\" class=\"wp-caption aligncenter\"><a href=\"https:\/\/www.turistamagazine.com\/v2\/wp-content\/uploads\/2018\/12\/2.jpg\"><img decoding=\"async\" aria-describedby=\"caption-attachment-38466\" class=\"wp-image-38466\" src=\"https:\/\/www.turistamagazine.com\/v2\/wp-content\/uploads\/2018\/12\/2.jpg\" alt=\"\" width=\"600\" height=\"231\" \/><\/a><p id=\"caption-attachment-38466\" class=\"wp-caption-text\">Uno de los lujosos salones del Palacio Imperial de Hofburg, Viena, durante la celebraci\u00f3n del KAISERBALL, Baile del Emperador, el d\u00eda de Fin de A\u00f1o.<\/p><\/div>\n<p style=\"text-align: justify;\"><em><strong><span style=\"color: #000080;\">PER\u00da LO TIENE TODO<\/span><\/strong><\/em><\/p>\n<p style=\"text-align: justify;\">Estudiado con detenimiento el programa propuesto, llegamos a\u00a0 la conclusi\u00f3n de que el lugar, su historia y todas sus condiciones, son las apropiadas para desarrollar con \u00e9xito este proyecto, siempre que su programaci\u00f3n este sustentada en una clara y seria gesti\u00f3n empresarial. Esto es fundamental, como un cualquier proyecto que se quiera acometer con fines de obtener un beneficio. <span style=\"color: #000080;\"><em><strong>En este caso: la colocaci\u00f3n de Per\u00fa como un hito hist\u00f3rico en el desarrollo de los mejores acontecimientos tur\u00edsticos del mundo.<\/strong><strong>\u00a0<\/strong><\/em><\/span><\/p>\n<p style=\"text-align: justify;\">Indudablemente Per\u00fa lo tiene todo. Desde esa nost\u00e1lgica embelesadora m\u00fasica de sus valses \u2013 incre\u00edble similitud con Viena \u2013 hasta los imponentes aspectos arquitect\u00f3nicos coloniales de sus palacios, y sus m\u00edticos rincones \u2013 del puente a la alameda \u2013 siguiendo con <strong><em><span style=\"color: #000080;\">\u201cel puente de los suspiros\u201d<\/span><\/em><\/strong> o las regias estructuras de sus templos\u2026<\/p>\n<div id=\"attachment_25085\" style=\"width: 610px\" class=\"wp-caption aligncenter\"><a href=\"https:\/\/www.turistamagazine.com\/v2\/wp-content\/uploads\/2016\/09\/puente-lll.jpg\"><img decoding=\"async\" aria-describedby=\"caption-attachment-25085\" class=\"wp-image-25085\" src=\"https:\/\/www.turistamagazine.com\/v2\/wp-content\/uploads\/2016\/09\/puente-lll-1024x768.jpg\" alt=\"\" width=\"600\" height=\"450\" \/><\/a><p id=\"caption-attachment-25085\" class=\"wp-caption-text\"><em><span style=\"color: #000080;\">El tradicional Puente de los Suspiros en Barranco\/ Municipalidad de Barranco<\/span><\/em><\/p><\/div>\n<p style=\"text-align: justify;\"><em><strong><span style=\"color: #000080;\">A nosotros mismos, el conocer el antiguo y el nuevo Per\u00fa, nos deja imbuidos de ese sentir tan \u00edntimo que nos deleita al pisar tierras peruanas, ahora como much\u00edsima m\u00e1s raz\u00f3n, cautivados por los nuevos descubrimientos que hemos tenido la suerte de encontrar, despu\u00e9s de otras largas y cortas visitas, donde siempre &#8211;\u00a0\u00a0lo ponemos por delante \u2013 hemos encontrado el mayor afecto y cordialidad en todos sus habitantes<\/span><\/strong><\/em>, tal como lo hemos puesto de manifiesto p\u00fablicamente en nuestra aulas de ense\u00f1anzas tur\u00edsticas, en varias partes de esa Am\u00e9rica nuestra, ante decenas de interesados personajes de todos los pa\u00edses hisp\u00e1nicos, y sus prolongaciones europeas\u2026<\/p>\n<div id=\"attachment_26880\" style=\"width: 610px\" class=\"wp-caption aligncenter\"><a href=\"https:\/\/www.turistamagazine.com\/v2\/wp-content\/uploads\/2016\/12\/Parque-del-Amor.jpg\"><img decoding=\"async\" aria-describedby=\"caption-attachment-26880\" class=\"wp-image-26880\" src=\"https:\/\/www.turistamagazine.com\/v2\/wp-content\/uploads\/2016\/12\/Parque-del-Amor-1024x576.jpg\" alt=\"\" width=\"600\" height=\"337\" srcset=\"https:\/\/www.turistamagazine.com\/v2\/wp-content\/uploads\/2016\/12\/Parque-del-Amor-1024x576.jpg 1024w, https:\/\/www.turistamagazine.com\/v2\/wp-content\/uploads\/2016\/12\/Parque-del-Amor-300x169.jpg 300w, https:\/\/www.turistamagazine.com\/v2\/wp-content\/uploads\/2016\/12\/Parque-del-Amor-768x432.jpg 768w, https:\/\/www.turistamagazine.com\/v2\/wp-content\/uploads\/2016\/12\/Parque-del-Amor-480x270.jpg 480w, https:\/\/www.turistamagazine.com\/v2\/wp-content\/uploads\/2016\/12\/Parque-del-Amor-747x420.jpg 747w, https:\/\/www.turistamagazine.com\/v2\/wp-content\/uploads\/2016\/12\/Parque-del-Amor-610x343.jpg 610w, https:\/\/www.turistamagazine.com\/v2\/wp-content\/uploads\/2016\/12\/Parque-del-Amor.jpg 1700w\" sizes=\"(max-width: 600px) 100vw, 600px\" \/><\/a><p id=\"caption-attachment-26880\" class=\"wp-caption-text\"><em><span style=\"color: #000080;\">Parque del amor F\/Turistamagazine<\/span><\/em><\/p><\/div>\n<p style=\"text-align: justify;\"><em><strong><span style=\"color: #000080;\">Ser\u00e1n imborrables para las viajeros del mundo las im\u00e1genes tomadas fotogr\u00e1ficamente, de la Lima colonial y la moderna, el Paseo de Aguas, Parque del Amor, Museo de Oro y Armas del Mundo,\u2026 la Alameda de los Descalzos\u2026Puente de los Suspiros\u2026<\/span><\/strong><\/em>Toda una po\u00e9tica estampa que naturalmente vivida en las fechas de la bienvenida a un nuevo a\u00f1o, ser\u00e1n los mas relevantes recuerdos para el visitante, tal como hemos comprobado a trav\u00e9s de todos estos a\u00f1os con el espectacular y bien pertrechado ejemplo del SILVESTERBALL, en esa Viena de los valses que tantos recuerdos pueden despertar en nuestra Lima de hoy.<\/p>\n<div id=\"attachment_27651\" style=\"width: 610px\" class=\"wp-caption aligncenter\"><a href=\"https:\/\/www.turistamagazine.com\/v2\/wp-content\/uploads\/2017\/02\/paseo-de-aguas-650.jpg\"><img decoding=\"async\" aria-describedby=\"caption-attachment-27651\" class=\"wp-image-27651\" src=\"https:\/\/www.turistamagazine.com\/v2\/wp-content\/uploads\/2017\/02\/paseo-de-aguas-650.jpg\" alt=\"\" width=\"600\" height=\"398\" \/><\/a><p id=\"caption-attachment-27651\" class=\"wp-caption-text\"><em><span style=\"color: #000080;\">El paseo-de-aguas en el tradicional Distrito del Rimac<\/span><\/em><\/p><\/div>\n<p style=\"text-align: justify;\"><em><strong><span style=\"color: #000080;\">UN RETO INCOMPARABLE ANTE EL MUNDO<\/span><\/strong><\/em><\/p>\n<p style=\"text-align: justify;\"><em><span style=\"color: #000080;\"><span style=\"color: #000080;\"><b>La realidad de este selecto proyecto escapa de la vulgaridad de las mil y una iniciativas que el mundo del desarrollo del turismo suscita, y que a cada instante est\u00e1n naciendo en todo el planeta. Creatividad\u00a0es lo que se necesita para hacer la diferencia&#8230;<\/b><\/span><\/span><\/em><\/p>\n<p style=\"text-align: justify;\">Todas las realidades que la imaginaci\u00f3n humana proyecta cada d\u00eda en los m\u00e1s ins\u00f3litos lugares, se hacen peque\u00f1as ante el evento que proponemos y que tiene todas las virtudes para cambiar el f\u00edsico del atractivo tur\u00edstico de un pa\u00eds lleno de cultura ancestral, bellezas de la naturaleza y bonhom\u00eda en sus gentes. Esta clara situaci\u00f3n para nosotros, como expertos calificados en desarrollo del turismo mundial, no puede pasar por alto la calidad y la oportunidad que se le brinda a este pujante pa\u00eds, donde una gesti\u00f3n adecuada le colocar\u00eda ante el mundo como un destino del mas alto calado, en unos momentos trepidantes en que el turismo alcanzas unas de su mas altas cotas como\u00a0 es la despedida del a\u00f1o y la bienvenida del nuevo.<\/p>\n<div id=\"attachment_35054\" style=\"width: 610px\" class=\"wp-caption aligncenter\"><a href=\"https:\/\/www.turistamagazine.com\/v2\/wp-content\/uploads\/2018\/05\/images-1.jpg\"><img decoding=\"async\" aria-describedby=\"caption-attachment-35054\" class=\"wp-image-35054\" src=\"https:\/\/www.turistamagazine.com\/v2\/wp-content\/uploads\/2018\/05\/images-1-1024x651.jpg\" alt=\"\" width=\"600\" height=\"381\" \/><\/a><p id=\"caption-attachment-35054\" class=\"wp-caption-text\">Turistamagazine.com<\/p><\/div>\n<p style=\"text-align: justify;\">Un mundo de esperanzas su nos abre ante nosotros, donde vemos ya a los tours operador, elabo-rando sus programas internacionales para colocarse en primera fila en la oferta del <em><strong><span style=\"color: #000080;\">\u201cFin de a\u00f1o en Lima\u201d<\/span><\/strong><\/em>, y los viajes de pre y post evento a todo el pa\u00eds\u2026 <em><strong><span style=\"color: #000080;\">Cusco, Arequipa, Paracas\u2026la hoteler\u00eda y restauraci\u00f3n confeccionando sus mejores men\u00fas en ese marco famoso de la gastronom\u00eda peruana, y artistas, orquestas, espect\u00e1culos musicales \u2013 sin olvidarnos de la m\u00edmica del Concierto de A\u00f1o Nuevo de la Filarm\u00f3nica de Viena<\/span> <\/strong><\/em>\u2013 todo ello rodeado del movimiento comercial que este programa llevar\u00eda apareado, algo \u00fanico que supondr\u00e1 un enorme beneficio econ\u00f3mico para todas las clases sociales del pa\u00eds, y no solo para las empresariales como aparentemente pueda parecer.<\/p>\n<p><a href=\"https:\/\/www.turistamagazine.com\/v2\/wp-content\/uploads\/2019\/02\/MAPA-DEL-PERU.jpg\"><img decoding=\"async\" class=\"size-full wp-image-39257 aligncenter\" src=\"https:\/\/www.turistamagazine.com\/v2\/wp-content\/uploads\/2019\/02\/MAPA-DEL-PERU.jpg\" alt=\"\" width=\"480\" height=\"516\" srcset=\"https:\/\/www.turistamagazine.com\/v2\/wp-content\/uploads\/2019\/02\/MAPA-DEL-PERU.jpg 480w, https:\/\/www.turistamagazine.com\/v2\/wp-content\/uploads\/2019\/02\/MAPA-DEL-PERU-279x300.jpg 279w, https:\/\/www.turistamagazine.com\/v2\/wp-content\/uploads\/2019\/02\/MAPA-DEL-PERU-391x420.jpg 391w\" sizes=\"(max-width: 480px) 100vw, 480px\" \/><\/a><\/p>\n<p style=\"text-align: justify;\"><em><span style=\"color: #000080;\"><strong>Per\u00fa, colocado en el lugar que por su historia le pertenece, es sin dudarlo el lugar apropiado para celebrar un A\u00f1o Nuevo lleno de esperanzas con el marchamo de la paz como estandarte progresista, haci\u00e9ndonos eco de una historia que le da todo el relieve necesario para ello.<\/strong><\/span><\/em><\/p>\n<p style=\"text-align: justify;\"><em><span style=\"color: #000080;\"><strong>Un reto incomparable ante mundo<\/strong><\/span><\/em>.\u00a0 Esperemos. La esperanza nos mantiene.<\/p>\n<p style=\"text-align: justify;\"><strong>* Del Grupo de Expertos de la Organizaci\u00f3n Mundial del Turismo. OMT. De las Naciones Unidas. ONU.<\/strong><\/p>\n<p><em><span style=\"color: #000080;\">Foto de portada\/Imponente la belleza nocturna de la Catedral de Lima ubicada en su hist\u00f3rica Plaza de Armas, un lugar llamado a ser un punto obligado para la fotograf\u00eda hist\u00f3rica del turismo cultural que est\u00e1 recorriendo el mundo en este Siglo XXI. Catedral de Lima\/ www.lemondedeberlande.com<\/span><\/em><\/p>\n","protected":false},"excerpt":{"rendered":"<p>LOS HECHOS Y LAS COSAS Por.\u00a0Antonio-Pedro Tejera Reyes Los est\u00edmulos que significan para nosotros el apoyo institucional a nuestras ideas, son las bases que nos hacen persistir muchas de las veces en las mismas sin pensar en aquella lamentables situaciones en las que la envidia, la ignorancia y la maldad, solo ven argumentos punibles en muchas de las acciones que refrendamos con nuestro trabajo, la mayor\u00eda de las veces \u2013 por no decir todas \u2013 con el prop\u00f3sito permanente del ideal de servicio a una sociedad que se lo merece todo, pese a las mentes malvadas\u00a0 que en ella abundan,&#8230;<\/p>\n","protected":false},"author":1,"featured_media":0,"comment_status":"open","ping_status":"open","sticky":false,"template":"","format":"standard","meta":{"footnotes":""},"categories":[85],"tags":[284,7509,8877,6132,330,749],"class_list":["post-40286","post","type-post","status-publish","format-standard","hentry","category-colum-invitados","tag-antonio-pedro-tejera-reyes","tag-elenita-honores","tag-peru-lo-tiene-todo","tag-portal-de-noticias-turistamagazine","tag-turismo-en-el-peru","tag-turistamagazine"],"_links":{"self":[{"href":"https:\/\/www.turistamagazine.com\/v2\/index.php?rest_route=\/wp\/v2\/posts\/40286","targetHints":{"allow":["GET"]}}],"collection":[{"href":"https:\/\/www.turistamagazine.com\/v2\/index.php?rest_route=\/wp\/v2\/posts"}],"about":[{"href":"https:\/\/www.turistamagazine.com\/v2\/index.php?rest_route=\/wp\/v2\/types\/post"}],"author":[{"embeddable":true,"href":"https:\/\/www.turistamagazine.com\/v2\/index.php?rest_route=\/wp\/v2\/users\/1"}],"replies":[{"embeddable":true,"href":"https:\/\/www.turistamagazine.com\/v2\/index.php?rest_route=%2Fwp%2Fv2%2Fcomments&post=40286"}],"version-history":[{"count":2,"href":"https:\/\/www.turistamagazine.com\/v2\/index.php?rest_route=\/wp\/v2\/posts\/40286\/revisions"}],"predecessor-version":[{"id":40288,"href":"https:\/\/www.turistamagazine.com\/v2\/index.php?rest_route=\/wp\/v2\/posts\/40286\/revisions\/40288"}],"wp:attachment":[{"href":"https:\/\/www.turistamagazine.com\/v2\/index.php?rest_route=%2Fwp%2Fv2%2Fmedia&parent=40286"}],"wp:term":[{"taxonomy":"category","embeddable":true,"href":"https:\/\/www.turistamagazine.com\/v2\/index.php?rest_route=%2Fwp%2Fv2%2Fcategories&post=40286"},{"taxonomy":"post_tag","embeddable":true,"href":"https:\/\/www.turistamagazine.com\/v2\/index.php?rest_route=%2Fwp%2Fv2%2Ftags&post=40286"}],"curies":[{"name":"wp","href":"https:\/\/api.w.org\/{rel}","templated":true}]}}