{"id":40055,"date":"2019-04-26T08:54:41","date_gmt":"2019-04-26T13:54:41","guid":{"rendered":"http:\/\/www.turistamagazine.com\/v2\/?p=40055"},"modified":"2019-04-26T08:54:41","modified_gmt":"2019-04-26T13:54:41","slug":"hernan-rincon-ceo-avianca-anuncia-retiro-despues-de-tras-tres-anos-en-crisis","status":"publish","type":"post","link":"https:\/\/www.turistamagazine.com\/v2\/?p=40055","title":{"rendered":"HERN\u00c1N RINC\u00d3N CEO AVIANCA ANUNCIA RETIRO DESPU\u00c9S DE TRAS TRES A\u00d1OS EN CRISIS"},"content":{"rendered":"<p style=\"text-align: justify;\">26\/04\/2019\/ Bogot\u00e1.-Despu\u00e9s de 3 a\u00f1os al frente de <em><strong><span style=\"color: #000080;\">Avianca Holdings, Hern\u00e1n Rinc\u00f3n Lema<\/span><\/strong><\/em> ha decidido retirarse de la compa\u00f1\u00eda a partir del 30 de abril de 2019, luego de un trienio marcado por una crisis que llev\u00f3 a la aerol\u00ednea a tener que reducir sus planes de renovar flota, las quiebras en Brasil y Argentina, y el empeoramiento de la rentabilidad y las ocupaciones.<\/p>\n<p style=\"text-align: justify;\">Al presentar su renuncia Rinc\u00f3n expreso: <strong><em><span style=\"color: #000080;\">\u201cEstoy orgulloso y satisfecho de haber contribuido a la evoluci\u00f3n estrat\u00e9gica de Avianca Holdings en estos tres a\u00f1os. La alianza estrat\u00e9gica y comercial con United Airlines y la modernizaci\u00f3n y digitalizaci\u00f3n han puesto a Avianca como una empresa l\u00edder de clase mundial, adem\u00e1s hemos sentado las bases para el \u00e9xito futuro de la compa\u00f1\u00eda\u201d<\/span>,<\/em><\/strong><\/p>\n<p style=\"text-align: justify;\">La aerol\u00ednea inform\u00f3 que Hern\u00e1n Rinc\u00f3n hizo oficial su decisi\u00f3n ante la Junta Directiva, los accionistas y los inversionistas al cumplirse su tercer a\u00f1o como CEO de Avianca. El ejecutivo, quien fue contratado para liderar el proceso de trasformaci\u00f3n de la empresa multilatina, anunci\u00f3 que su tarea fundamental qued\u00f3 cumplida y las bases para el siguiente centenario de Avianca establecidas, considerando as\u00ed que es el momento apropiado para retirarse.<\/p>\n<p style=\"text-align: justify;\"><em><strong><span style=\"color: #000080;\">La Junta Directiva de la compa\u00f1\u00eda ha resuelto que, si para el momento del retiro de Rinc\u00f3n no se ha nombrado a su sucesor definitivo, Renato Covelo, actual vicepresidente legal, ser\u00e1 CEO encargado, mientras se concluye el proceso de selecci\u00f3n del nuevo CEO.<\/span><\/strong><\/em><\/p>\n","protected":false},"excerpt":{"rendered":"<p>26\/04\/2019\/ Bogot\u00e1.-Despu\u00e9s de 3 a\u00f1os al frente de Avianca Holdings, Hern\u00e1n Rinc\u00f3n Lema ha decidido retirarse de la compa\u00f1\u00eda a partir del 30 de abril de 2019, luego de un trienio marcado por una crisis que llev\u00f3 a la aerol\u00ednea a tener que reducir sus planes de renovar flota, las quiebras en Brasil y Argentina, y el empeoramiento de la rentabilidad y las ocupaciones. Al presentar su renuncia Rinc\u00f3n expreso: \u201cEstoy orgulloso y satisfecho de haber contribuido a la evoluci\u00f3n estrat\u00e9gica de Avianca Holdings en estos tres a\u00f1os. La alianza estrat\u00e9gica y comercial con United Airlines y la modernizaci\u00f3n y&#8230;<\/p>\n","protected":false},"author":1,"featured_media":0,"comment_status":"open","ping_status":"open","sticky":false,"template":"","format":"standard","meta":{"footnotes":""},"categories":[4,84],"tags":[802,7471,6279,6132,749],"class_list":["post-40055","post","type-post","status-publish","format-standard","hentry","category-breaking-news","category-internacionales","tag-avianca-holdings-s-a","tag-elenita-villar-asesora-de-tesis-en-turismo","tag-hernan-rincon","tag-portal-de-noticias-turistamagazine","tag-turistamagazine"],"_links":{"self":[{"href":"https:\/\/www.turistamagazine.com\/v2\/index.php?rest_route=\/wp\/v2\/posts\/40055","targetHints":{"allow":["GET"]}}],"collection":[{"href":"https:\/\/www.turistamagazine.com\/v2\/index.php?rest_route=\/wp\/v2\/posts"}],"about":[{"href":"https:\/\/www.turistamagazine.com\/v2\/index.php?rest_route=\/wp\/v2\/types\/post"}],"author":[{"embeddable":true,"href":"https:\/\/www.turistamagazine.com\/v2\/index.php?rest_route=\/wp\/v2\/users\/1"}],"replies":[{"embeddable":true,"href":"https:\/\/www.turistamagazine.com\/v2\/index.php?rest_route=%2Fwp%2Fv2%2Fcomments&post=40055"}],"version-history":[{"count":1,"href":"https:\/\/www.turistamagazine.com\/v2\/index.php?rest_route=\/wp\/v2\/posts\/40055\/revisions"}],"predecessor-version":[{"id":40056,"href":"https:\/\/www.turistamagazine.com\/v2\/index.php?rest_route=\/wp\/v2\/posts\/40055\/revisions\/40056"}],"wp:attachment":[{"href":"https:\/\/www.turistamagazine.com\/v2\/index.php?rest_route=%2Fwp%2Fv2%2Fmedia&parent=40055"}],"wp:term":[{"taxonomy":"category","embeddable":true,"href":"https:\/\/www.turistamagazine.com\/v2\/index.php?rest_route=%2Fwp%2Fv2%2Fcategories&post=40055"},{"taxonomy":"post_tag","embeddable":true,"href":"https:\/\/www.turistamagazine.com\/v2\/index.php?rest_route=%2Fwp%2Fv2%2Ftags&post=40055"}],"curies":[{"name":"wp","href":"https:\/\/api.w.org\/{rel}","templated":true}]}}