{"id":39834,"date":"2019-10-30T09:36:50","date_gmt":"2019-10-30T14:36:50","guid":{"rendered":"http:\/\/www.turistamagazine.com\/v2\/?p=39834"},"modified":"2019-10-30T17:10:54","modified_gmt":"2019-10-30T22:10:54","slug":"peru-lo-tiene-todo","status":"publish","type":"post","link":"https:\/\/www.turistamagazine.com\/v2\/?p=39834","title":{"rendered":"PER\u00da, ANTE EL MUNDO  UN PA\u00cdS DE INNUMERABLES RECURSOS TUR\u00cdSTICOS"},"content":{"rendered":"<p><strong><span style=\"color: #000080;\"><em>\u00abCuando Quiero Llorar No Lloro,y a<\/em><\/span><\/strong><strong><span style=\"color: #000080;\"><em>\u00a0 Veces Lloro Sin Querer\u00bb<\/em><\/span><\/strong><\/p>\n<p><span style=\"color: #000080;\"><em>Rub\u00e9n Dar\u00edo<\/em><\/span><\/p>\n<p>Por Antonio-Pedro Tejera Reyes*<\/p>\n<p style=\"text-align: center;\"><em><span style=\"color: #000080;\"><strong>INSTAR, INSISTIR, PRESIONAR .\u00a0 UN PROLOGO NECESARIO<\/strong><\/span><\/em><\/p>\n<p style=\"text-align: justify;\">Se nos ha marchado el mes de Octubre. Se acerca ya la navidad y los festejos de fin de a\u00f1o. Tiempos de memorables recuerdos que ofrecimos implantar el Per\u00fa, siguiendo las tradiciones de la vieja Europa, que tanto esplendoroso \u00e9xito ha cosechado en la naci\u00f3n austriaca con su singular <em><strong><span style=\"color: #000080;\">SILVESTERBALL y ese extraordinario Concierto de A\u00f1o Nuevo, con la centenaria Orquesta Filarm\u00f3nica de Viena.<\/span><\/strong><\/em><\/p>\n<p style=\"text-align: justify;\">\u00a0Verdadera l\u00e1stima nos causa la ignorancia, lacra de la sociedad actual que constri\u00f1e\u00a0 el desarrollo de los pueblos, detiene su progreso y desperdicia las mejores oportunidades de ese desarrollo sostenible del que tanto se escribe ahora,\u00a0 y que no deja prosperar debidamente la calidad de vida de sus habitantes.<\/p>\n<p style=\"text-align: justify;\"><span style=\"color: #000080;\"><strong><em>Tenemos que seguir instando, insistiendo, presionando\u2026 Es nuestra obligaci\u00f3n cuando sabemos que luchamos por la consecuci\u00f3n de un mundo mejor. La erradicaci\u00f3n de la pobreza\u2026\u00a0 la riqueza para la persona, para la familia, para la comunidad, para el mundo entero, que dice la Organizaci\u00f3n Mundial del Turismo.\u00a0 Ese es nuestro trabajo: servir es mi ocupaci\u00f3n.<\/em><\/strong><\/span><\/p>\n<div id=\"attachment_22323\" style=\"width: 610px\" class=\"wp-caption aligncenter\"><a href=\"https:\/\/www.turistamagazine.com\/v2\/wp-content\/uploads\/2016\/05\/lima.jpg\"><img decoding=\"async\" aria-describedby=\"caption-attachment-22323\" class=\"wp-image-22323\" src=\"https:\/\/www.turistamagazine.com\/v2\/wp-content\/uploads\/2016\/05\/lima.jpg\" alt=\"\" width=\"600\" height=\"403\" \/><\/a><p id=\"caption-attachment-22323\" class=\"wp-caption-text\"><span style=\"color: #000080;\"><em>Imponente la belleza nocturna de la Catedral de Lima ubicada en su hist\u00f3rica Plaza de Armas,\u00a0 Catedral de Lima\/ www.lemondedeberlande.com<\/em><\/span><\/p><\/div>\n<p style=\"text-align: justify;\"><span style=\"color: #000080;\"><strong><em>Hoy, ante esta singular oferta que comentamos, nos asalta el pensamiento el planteamiento que hici\u00e9ramos hace solo unos\u00a0 meses al Ministerio de Comercio y Turismo (MINCETUR) y a la C\u00e1mara Nacional de Turismo (CANATUR), de Per\u00fa, sobre el singular proyecto de emular el famoso SILVESTERBALL austriaco, en la ciudad de Lima<\/em><\/strong><\/span>, sobre la base de nuestro conocimiento en la referida organizaci\u00f3n del citado acontecimiento de impacto tur\u00edstico mundial, en el cual fuimos part\u00edcipes destacados durante sus inicios all\u00e1 por 1971, lo cual pon\u00edamos a disposici\u00f3n de este hermoso pa\u00eds americano, con suficiente bases hist\u00f3ricas para convertirle en un referente mundial de extraordinario impacto para su promoci\u00f3n y desarrollo tur\u00edstico.<\/p>\n<p style=\"text-align: justify;\">Nuestra intervenci\u00f3n en Austria, nos vali\u00f3 La Medalla Johann Straus de la ciudad de Viena, y la Placa de Plata, a t\u00edtulo individual del gobierno austriaco.<\/p>\n<p style=\"text-align: justify;\"><span style=\"color: #000080;\"><strong><em>\u201cEl turismo es riqueza para la persona, para la familia, para la comunidad, para el mundo entero\u201d<\/em><\/strong><\/span> Organizaci\u00f3n Mundial del Turismo.<\/p>\n<p style=\"text-align: justify;\"><span style=\"color: #000080;\"><strong><em>RECORDAR ES VIVIR<\/em><\/strong><\/span><\/p>\n<p style=\"text-align: justify;\">La situaci\u00f3n anterior nos impulsa a reproducir \u00edntegramente nuestro reportaje publicado en varios medios digitales de extraordinaria difusi\u00f3n mundial que llegan a m\u00e1s de 130 pa\u00edses, y que fueran divulgados en los meses de Abril-Mayo de este mismo a\u00f1o.<\/p>\n<p style=\"text-align: justify;\">Una obligaci\u00f3n que nos imponemos desde nuestro ideal de servicio \u2013 servir es mi ocupaci\u00f3n \u2013 ya que estamos tratando de un acontecimiento cuyo impacto en toda la naci\u00f3n peruana alcanzar\u00eda l\u00edmites extraordinarios, llegando a todos los sectores sociales y econ\u00f3micos de la naci\u00f3n, debidamente organizada su gesti\u00f3n con ese conocimiento e inteligencia que han sabido demostrar los austriacos,\u00a0 apoyados en legendarios hechos y situaciones, sin distingos pol\u00edticos ni nada que distorsionase su idea de apoyar su promoci\u00f3n tur\u00edstica en su historia, ya fuese republicana, mon\u00e1rquica o como quisiera llamarse.<\/p>\n<p style=\"text-align: justify;\">Una gesti\u00f3n mod\u00e9lica que tenemos presente y que, cuarenta a\u00f1os m\u00e1s tarde \u2013 2010-2011 \u2013 fu\u00e9semos invitados a comprobar sus magn\u00edficos resultados con nuestra intima y profunda satisfacci\u00f3n.<\/p>\n<div id=\"attachment_38604\" style=\"width: 610px\" class=\"wp-caption aligncenter\"><a href=\"https:\/\/www.turistamagazine.com\/v2\/wp-content\/uploads\/2018\/12\/Salones-Imperiales.jpg\"><img decoding=\"async\" aria-describedby=\"caption-attachment-38604\" class=\"wp-image-38604\" src=\"https:\/\/www.turistamagazine.com\/v2\/wp-content\/uploads\/2018\/12\/Salones-Imperiales.jpg\" alt=\"\" width=\"600\" height=\"400\" \/><\/a><p id=\"caption-attachment-38604\" class=\"wp-caption-text\"><em><span style=\"color: #000080;\">Los Apartamentos Imperiales de Viena, est\u00e1n hoy convertidos en un extraordinario museo, donde podemos ver hasta estas estampas del gimnasio que utilizaba la princesa Sissi, en uno de sus m\u00faltiples departamentos convertidos en una atracci\u00f3n tur\u00edstica del mayor nivel internacional<\/span><\/em><\/p><\/div>\n<p style=\"text-align: center;\"><strong><span style=\"color: #000080;\">UN PROLOGO NECESARIO PARA UN GRAN PROYECTO<\/span><\/strong><\/p>\n<p style=\"text-align: justify;\"><em><strong><span style=\"color: #000080;\">La carretera que va desde Paracas a Pisco, es m\u00e1s que un modelo de la realidad de los recursos tur\u00edsticos que ilustran la naci\u00f3n peruana.<\/span> <\/strong><\/em>Nuestro recuerdo no pod\u00eda ir a otro lugar que a las extensas playas de litoral mediterr\u00e1neo desde las costas espa\u00f1olas a las francesas de la Costa Azul, o las de la Riviera italiana. La enorme sucesi\u00f3n de playas con muy bajo calado en toda su extensi\u00f3n, es una constante que nos dej\u00f3 profundamente impactados. Para m\u00e1s motivaci\u00f3n con un precioso barco arrastrado por las olas, varado en espera de la subida de la marea para poder salir a flote por sus propios medios, era todo un espect\u00e1culo de alto contenido tur\u00edstico, que los habitantes de la zona no han sabido captar.<\/p>\n<p style=\"text-align: justify;\">De ah\u00ed, a nuestros contactos con varios de los regentes tur\u00edsticos del pa\u00eds, hay un largo camino que al parecer tardara a\u00f1os en recorrerse, tal es nuestra impresi\u00f3n despu\u00e9s de tener la oportunidad de celebrar varios encuentros catalogados por ellos como de\u00a0<span style=\"color: #000080;\"><strong><em>\u201cinter\u00e9s tur\u00edstico\u201d<\/em><\/strong><\/span>\u00a0y de vivir en sus bien orientados hoteles, como el\u00a0<span style=\"color: #000080;\"><strong><em>Holliday Inn del Aeropuerto, el AKU de San Isidro<\/em><\/strong><strong><em>\u00a0<\/em><\/strong>\u2013 uno de los distritos residenciales de Lima \u2013\u00a0<strong><em>el Hotel Emancipador, en Paracas, o Los Girasoles, en el distrito de Miraflores, otro de los sectores residenciales de la capital lime\u00f1a.<\/em><\/strong><\/span><\/p>\n<div id=\"attachment_39835\" style=\"width: 610px\" class=\"wp-caption aligncenter\"><a href=\"https:\/\/www.turistamagazine.com\/v2\/wp-content\/uploads\/2019\/04\/SAM_4245.jpg\"><img decoding=\"async\" aria-describedby=\"caption-attachment-39835\" class=\"wp-image-39835\" src=\"https:\/\/www.turistamagazine.com\/v2\/wp-content\/uploads\/2019\/04\/SAM_4245.jpg\" alt=\"\" width=\"600\" height=\"385\" srcset=\"https:\/\/www.turistamagazine.com\/v2\/wp-content\/uploads\/2019\/04\/SAM_4245.jpg 640w, https:\/\/www.turistamagazine.com\/v2\/wp-content\/uploads\/2019\/04\/SAM_4245-300x193.jpg 300w, https:\/\/www.turistamagazine.com\/v2\/wp-content\/uploads\/2019\/04\/SAM_4245-610x392.jpg 610w, https:\/\/www.turistamagazine.com\/v2\/wp-content\/uploads\/2019\/04\/SAM_4245-158x100.jpg 158w\" sizes=\"(max-width: 600px) 100vw, 600px\" \/><\/a><p id=\"caption-attachment-39835\" class=\"wp-caption-text\"><span style=\"color: #000080;\"><em>Un buen recibimiento con el personal del Hotel Holliday Inn del Aeropuerto, en Lima.<\/em><\/span><\/p><\/div>\n<p style=\"text-align: justify;\">En ese escenario, en el cual motivado por nuestra presencia en el II Taller Internacional de Especializaci\u00f3n en la Comunicaci\u00f3n Digital en el Turismo, tuvimos la oportunidad de exponer en breve s\u00edntesis a nuestro particular amigo Carlos Canales Anchorena, a la saz\u00f3n presidente te de la C\u00e1mara Nacional de Turismo, al Ministerio de Comercio Exterior y Turismo en la persona de su vice-ministra, Liz Chirinos, y a la colectividad privada u oficial de la Provincia de Pisco, quienes en una amplia reuni\u00f3n de su colectividad, nos dieran ocasi\u00f3n de exponer nuestro subjetivo proyecto que bien estudiado y llevado a la pr\u00e1ctica, cambiar\u00eda sin lugar a dudas el futuro tur\u00edstico de Per\u00fa.<\/p>\n<div id=\"attachment_39836\" style=\"width: 610px\" class=\"wp-caption aligncenter\"><a href=\"https:\/\/www.turistamagazine.com\/v2\/wp-content\/uploads\/2019\/04\/SAM_4237.jpg\"><img decoding=\"async\" aria-describedby=\"caption-attachment-39836\" class=\"wp-image-39836\" src=\"https:\/\/www.turistamagazine.com\/v2\/wp-content\/uploads\/2019\/04\/SAM_4237.jpg\" alt=\"\" width=\"600\" height=\"450\" srcset=\"https:\/\/www.turistamagazine.com\/v2\/wp-content\/uploads\/2019\/04\/SAM_4237.jpg 800w, https:\/\/www.turistamagazine.com\/v2\/wp-content\/uploads\/2019\/04\/SAM_4237-300x225.jpg 300w, https:\/\/www.turistamagazine.com\/v2\/wp-content\/uploads\/2019\/04\/SAM_4237-768x576.jpg 768w, https:\/\/www.turistamagazine.com\/v2\/wp-content\/uploads\/2019\/04\/SAM_4237-560x420.jpg 560w\" sizes=\"(max-width: 600px) 100vw, 600px\" \/><\/a><p id=\"caption-attachment-39836\" class=\"wp-caption-text\"><span style=\"color: #000080;\"><em>El autor de esta cr\u00f3nica exponiendo su proyecto ante la vice-ministra de Comercio Exterior y Turismo, Liz Chirinos (abajo) y el presidente de la C\u00e1mara Nacional de Turismo Carlos Canales Anchorena (arriba)<\/em><\/span><\/p><\/div>\n<p><a href=\"https:\/\/www.turistamagazine.com\/v2\/wp-content\/uploads\/2019\/04\/SAM_4298.jpg\"><img decoding=\"async\" class=\"wp-image-39837 aligncenter\" src=\"https:\/\/www.turistamagazine.com\/v2\/wp-content\/uploads\/2019\/04\/SAM_4298.jpg\" alt=\"\" width=\"600\" height=\"367\" srcset=\"https:\/\/www.turistamagazine.com\/v2\/wp-content\/uploads\/2019\/04\/SAM_4298.jpg 640w, https:\/\/www.turistamagazine.com\/v2\/wp-content\/uploads\/2019\/04\/SAM_4298-300x183.jpg 300w, https:\/\/www.turistamagazine.com\/v2\/wp-content\/uploads\/2019\/04\/SAM_4298-610x373.jpg 610w\" sizes=\"(max-width: 600px) 100vw, 600px\" \/><\/a><\/p>\n<p style=\"text-align: center;\"><strong><span style=\"color: #000080;\">FIN DE A\u00d1O EN LA HISTORIA<\/span><\/strong><\/p>\n<p style=\"text-align: justify;\">Sin el nombre ideal, a\u00fan por definir, la idea madurada y analizada en el \u00faltimo a\u00f1o por nosotros con eminentes personajes expertos en el desarrollo del turismo, se trata de reproducir en Lima, el brillante y excepcional acontecimiento del <em><strong><span style=\"color: #000080;\">SILVESTERBALL de Viena, nacido en 1970,<\/span><\/strong><\/em> en el cual tuvimos una activa presencia obsequiando al Palacio de Hofburg, en el cual se celebra el acontecimiento social, con 20.000 claveles rojos y blancos \u2013 los colores de la bandera de Austria \u2013 con los cuales se decoraban los salones del citado palacio para celebrar la fiesta de fin de a\u00f1o-a\u00f1o nuevo, con una suntuosa cena y un inigualable baile, dentro del ambiente m\u00e1s lujoso conocido.<\/p>\n<div id=\"attachment_36800\" style=\"width: 610px\" class=\"wp-caption aligncenter\"><a href=\"https:\/\/www.turistamagazine.com\/v2\/wp-content\/uploads\/2018\/09\/kaiserval-1.jpg\"><img decoding=\"async\" aria-describedby=\"caption-attachment-36800\" class=\"wp-image-36800\" src=\"https:\/\/www.turistamagazine.com\/v2\/wp-content\/uploads\/2018\/09\/kaiserval-1.jpg\" alt=\"\" width=\"600\" height=\"450\" \/><\/a><p id=\"caption-attachment-36800\" class=\"wp-caption-text\"><span style=\"color: #000080;\"><em>Uno de los suntuosos salones del Palacio Imperial de Hofburg, Viena, durante la celebraci\u00f3n del KAISERBALL, Baile del Emperador, el d\u00eda de Fin de A\u00f1o, en cuya organizaci\u00f3n se conjugan la elegancia, la calidad y todos y cada uno de los principios de \u201cla Calidad Total\u201d<\/em><\/span><\/p><\/div>\n<p style=\"text-align: justify;\">Concretamente durante dos a\u00f1os participamos en la organizaci\u00f3n del citado evento, como asesores, lo cual nos vali\u00f3 la concesi\u00f3n de la Medalla Johan Strauss de la ciudad de Viena y la Placa de Plata, a t\u00edtulo individual, del Gobierno Austriaco, aparte de otras distinciones, motivadas por nuestro constante trabajo en la promoci\u00f3n y puesta en escena del mencionado inigualable evento<\/p>\n<div id=\"attachment_38653\" style=\"width: 610px\" class=\"wp-caption aligncenter\"><a href=\"https:\/\/www.turistamagazine.com\/v2\/wp-content\/uploads\/2018\/12\/Kaiserball.jpg\"><img decoding=\"async\" aria-describedby=\"caption-attachment-38653\" class=\"wp-image-38653\" src=\"https:\/\/www.turistamagazine.com\/v2\/wp-content\/uploads\/2018\/12\/Kaiserball.jpg\" alt=\"\" width=\"600\" height=\"450\" \/><\/a><p id=\"caption-attachment-38653\" class=\"wp-caption-text\"><em><span style=\"color: #000080;\">Fotograf\u00eda de la entrada al KAISERBALL, que aparece en el blog digital oficial promocional del<\/span><\/em><br \/><em><span style=\"color: #000080;\">evento, como fiel testigo de nuestra presencia all\u00ed, acompa\u00f1ando a las im\u00e1genes vivientes de los reyes Sisi y Francisco Jos\u00e9, convertidos hoy en poderosos s\u00edmbolos de atracci\u00f3n tur\u00edstica de Austria.<\/span><\/em><\/p><\/div>\n<p style=\"text-align: justify;\">En el a\u00f1o 2010 fuimos invitados a la conmemoraci\u00f3n de los 40 a\u00f1os del nacimiento del citado acontecimiento el cual tomo el nombre de <em><strong><span style=\"color: #000080;\">KAISERBALL,<\/span><\/strong><\/em> m\u00e1s tarde sustituido por el actual de <em><strong><span style=\"color: #000080;\">SILVESTERBALL.<\/span><\/strong><\/em><\/p>\n<p style=\"text-align: justify; padding-left: 30px;\">En el transcurso de estos a\u00f1os, el avance y el asentamiento del turismo en Austria ha sido todo un modelo de\u00a0<strong><em><span style=\"color: #000080;\">\u201cdesarrollo tur\u00edstico sostenib<\/span>le\u201d<\/em><\/strong>\u00a0encontr\u00e1ndonos hoy con inusitados logros como son las adecuaciones en la ciudad para la recepci\u00f3n hist\u00f3rico-cultural del turismo, en la cual queremos destacar la presencia de sus nuevos museos que responden a las caracter\u00edsticas hist\u00f3ricas de Austria aplicando en ello la nueva tecnolog\u00eda, sin olvidar la conservaci\u00f3n de todas sus huellas ancestrales, como son la <em><strong><span style=\"color: #000080;\">Escuela Espa\u00f1ola de Equitaci\u00f3n,<\/span><\/strong><\/em> y la m\u00e1s que famosa trayectoria de la <em><strong><span style=\"color: #000080;\">Orquesta Filarm\u00f3nica de Viena,<\/span> <\/strong><\/em>&#8211; con m\u00e1s de cien a\u00f1os de existencia &#8211; con su <em><strong><span style=\"color: #000080;\">Concierto de A\u00f1o Nuevo<\/span><\/strong><\/em>, el m\u00e1s importante y caracter\u00edstico del mundo \u00a0y que se proyecta mediante la televisi\u00f3n todos los a\u00f1os el d\u00eda uno de Enero, desde el sal\u00f3n dorado del Palacio de la Opera de Viena.<\/p>\n<div id=\"attachment_38609\" style=\"width: 610px\" class=\"wp-caption aligncenter\"><a href=\"https:\/\/www.turistamagazine.com\/v2\/wp-content\/uploads\/2018\/12\/escuela-de-Equitaci\u00f3n.jpg\"><img decoding=\"async\" aria-describedby=\"caption-attachment-38609\" class=\"wp-image-38609\" src=\"https:\/\/www.turistamagazine.com\/v2\/wp-content\/uploads\/2018\/12\/escuela-de-Equitaci\u00f3n.jpg\" alt=\"\" width=\"600\" height=\"415\" \/><\/a><p id=\"caption-attachment-38609\" class=\"wp-caption-text\"><span style=\"color: #000080;\"><em>La excepcional Escuela Espa\u00f1ola de Equitaci\u00f3n de Viena, es un s\u00edmbolo centenario convertido en en atracci\u00f3n tur\u00edstica \u00fanica en el mundo, donde, una vez m\u00e1s, se demuestra la calidad y el conocimiento geo-pol\u00edtico de los austriacos, al gerenciar el desarrollo de su pa\u00eds.<\/em><\/span><\/p><\/div>\n<p style=\"text-align: justify;\"><em><strong><span style=\"color: #000080;\">El SILVESTERBALL<\/span><\/strong><\/em> es una aut\u00e9ntica exhibici\u00f3n de los lujosos acontecimiento que se ofrecieran en la vida palaciega de la antig\u00fcedad, y que hoy reproduce el Palacio de Hofburg, bajo los auspicios del Gobierno de Austria, en todos sus \u00edntimos detalles, como son sus servicios de alta calidad en la cuberter\u00eda, vajillas, cristaler\u00edas, manteler\u00edas, etc., y la prestancia de los uniformados a la usanza de los a\u00f1os de referencia, de todo el componente que sirve al excepcional evento.<\/p>\n<div id=\"attachment_18581\" style=\"width: 610px\" class=\"wp-caption aligncenter\"><a href=\"https:\/\/www.turistamagazine.com\/v2\/wp-content\/uploads\/2015\/12\/kaiserball.jpg\"><img decoding=\"async\" aria-describedby=\"caption-attachment-18581\" class=\"wp-image-18581\" src=\"https:\/\/www.turistamagazine.com\/v2\/wp-content\/uploads\/2015\/12\/kaiserball.jpg\" alt=\"\" width=\"600\" height=\"399\" \/><\/a><p id=\"caption-attachment-18581\" class=\"wp-caption-text\"><em><span style=\"color: #000080;\">La impresionante majestuosidad de los salones del Palacio Imperial de Viena, alberga el KAISERBALL, la noche de Fin de A\u00f1o.<\/span><\/em><\/p><\/div>\n<p style=\"text-align: justify;\">El espectacular recibimiento de los personajes que acuden al magno evento, est\u00e1 constituido por las imitaciones \u2013 con seres vivos \u2013 de los famosos reyes Francisco Jos\u00e9 y la emperatriz Sisi, acompa\u00f1ados de sus principales edecanes, tambi\u00e9n representados por sendos personajes ataviados con ropaje y joyas relacionadas con la \u00e9poca.<\/p>\n<p><a href=\"https:\/\/www.turistamagazine.com\/v2\/wp-content\/uploads\/2019\/04\/Viena.jpg\"><img decoding=\"async\" class=\"size-full wp-image-39839 aligncenter\" src=\"https:\/\/www.turistamagazine.com\/v2\/wp-content\/uploads\/2019\/04\/Viena.jpg\" alt=\"\" width=\"624\" height=\"130\" srcset=\"https:\/\/www.turistamagazine.com\/v2\/wp-content\/uploads\/2019\/04\/Viena.jpg 624w, https:\/\/www.turistamagazine.com\/v2\/wp-content\/uploads\/2019\/04\/Viena-300x63.jpg 300w, https:\/\/www.turistamagazine.com\/v2\/wp-content\/uploads\/2019\/04\/Viena-610x127.jpg 610w\" sizes=\"(max-width: 624px) 100vw, 624px\" \/><\/a><\/p>\n<p style=\"text-align: justify;\">Estamos relatando un hecho integrado en el mundo del turismo sin el cual no hubiese podido persistir con toda seguridad, y que como decimos impuls\u00f3 desde esos a\u00f1os setenta del pasado siglo a toda la naci\u00f3n austriaca, en un mercado de competencia que le ha dado el prestigio y al nombre a la naci\u00f3n como un destino consolidado de alta calidad.<\/p>\n<p style=\"text-align: center;\"><strong><span style=\"color: #000080;\">PER\u00da ANTE ESTE ESCENARIO<\/span><\/strong><\/p>\n<div id=\"attachment_39849\" style=\"width: 610px\" class=\"wp-caption aligncenter\"><a href=\"https:\/\/www.turistamagazine.com\/v2\/wp-content\/uploads\/2019\/04\/5a0c670f82a0d.jpeg\"><img decoding=\"async\" aria-describedby=\"caption-attachment-39849\" class=\"wp-image-39849\" src=\"https:\/\/www.turistamagazine.com\/v2\/wp-content\/uploads\/2019\/04\/5a0c670f82a0d.jpeg\" alt=\"Palacio de Gobierno de Per\u00fa\" width=\"600\" height=\"345\" srcset=\"https:\/\/www.turistamagazine.com\/v2\/wp-content\/uploads\/2019\/04\/5a0c670f82a0d.jpeg 620w, https:\/\/www.turistamagazine.com\/v2\/wp-content\/uploads\/2019\/04\/5a0c670f82a0d-300x172.jpeg 300w, https:\/\/www.turistamagazine.com\/v2\/wp-content\/uploads\/2019\/04\/5a0c670f82a0d-610x350.jpeg 610w\" sizes=\"(max-width: 600px) 100vw, 600px\" \/><\/a><p id=\"caption-attachment-39849\" class=\"wp-caption-text\"><em><span style=\"color: #000080;\">Palacio de Gobierno de Per\u00fa<\/span><\/em><\/p><\/div>\n<p>Sin ning\u00fan g\u00e9nero de dudas, este pa\u00eds ofrece todas las caracter\u00edsticas ideales para reproducir este acontecimiento en Am\u00e9rica.<\/p>\n<p style=\"text-align: justify;\">Los rasgos hist\u00f3ricos que acompa\u00f1an a Per\u00fa, son indestructibles y su valor para su presencia en tal evento, es m\u00e1s que significativo. La calidad y abundancia de los mismos, as\u00ed como las bellezas naturales que se encuentran en el pa\u00eds, junto a la bonhom\u00eda de sus gentes y su apreciable inter\u00e9s y vocaci\u00f3n por el desarrollo tur\u00edstico, son motivos m\u00e1s que suficientes para que el Gobierno Peruano tome en consideraci\u00f3n esta propuesta, que nada tiene que ver con cuantiosas inversiones y si en un articulado negocio que se expandir\u00e1 a varios de sus sectores productivos como son la restauraci\u00f3n, el comercio y la industria, sin que nos asalte la m\u00e1s m\u00ednima duda, partiendo del panorama que comentamos como un hecho real existente en Europa, el cual es mod\u00e9lico a nivel mundial y en el cual Per\u00fa tiene toda las caracter\u00edsticas y valores m\u00e1s importantes para desarrollar su imitaci\u00f3n en esta Am\u00e9rica que est\u00e1 llamada a ser el destino tur\u00edstico por excelencia en los pr\u00f3ximos a\u00f1os.<\/p>\n<div id=\"attachment_39843\" style=\"width: 610px\" class=\"wp-caption aligncenter\"><a href=\"https:\/\/www.turistamagazine.com\/v2\/wp-content\/uploads\/2019\/04\/SAM_4311.jpg\"><img decoding=\"async\" aria-describedby=\"caption-attachment-39843\" class=\"wp-image-39843\" src=\"https:\/\/www.turistamagazine.com\/v2\/wp-content\/uploads\/2019\/04\/SAM_4311.jpg\" alt=\"\" width=\"600\" height=\"450\" srcset=\"https:\/\/www.turistamagazine.com\/v2\/wp-content\/uploads\/2019\/04\/SAM_4311.jpg 640w, https:\/\/www.turistamagazine.com\/v2\/wp-content\/uploads\/2019\/04\/SAM_4311-300x225.jpg 300w, https:\/\/www.turistamagazine.com\/v2\/wp-content\/uploads\/2019\/04\/SAM_4311-560x420.jpg 560w\" sizes=\"(max-width: 600px) 100vw, 600px\" \/><\/a><p id=\"caption-attachment-39843\" class=\"wp-caption-text\"><span style=\"color: #000080;\"><em>Exponiendo la s\u00edntesis del original proyecto \u00a0ante las autoridades pol\u00edticas y empresariales, de la regi\u00f3n Ica y la C\u00e1mara de Turismo de Paracas, como una autentica novedosa primicia\u00a0 <\/em><\/span><\/p><\/div>\n<p style=\"text-align: justify;\">Per\u00fa tiene un reto importante ante este proyecto para concretar al cual s\u00f3lo le hace falta organizaci\u00f3n, profesionalidad y conocimiento, unido a una gran vocaci\u00f3n de servicio y una conservaci\u00f3n indiscutible de la cultura de paz, y su correspondiente responsabilidad social.<\/p>\n<p style=\"text-align: justify;\">Un estudiado examen de las caracter\u00edsticas del movimiento tur\u00edstico mundial, as\u00ed como de las posibilidades del \u00e9xito de este proyecto, nos dan casi un 100% de acierto en su resultado final, pues la base fundamental la tenemos en los recursos que Per\u00fa tiene que equivalen suficientemente para avalar estos serios resultados, algo que cambiar\u00e1 la imagen del pa\u00eds a una incre\u00edble velocidad, y sus resultados son de una inmediatez precisa y veraz.<\/p>\n<p style=\"text-align: justify;\">Tratamos de un inigualable proyecto, frente al cual, insistimos, no existe ninguna importante aportaci\u00f3n econ\u00f3mica, y si una buena dosis de profesionalidad y conocimiento.<\/p>\n<p style=\"text-align: justify;\"><em><strong><span style=\"color: #000080;\">Per\u00fa, es un pa\u00eds que lo tiene todo para su integraci\u00f3n permanente en el m\u00e1s acusado \u00edndice del avance del turismo mundial, hasta el punto de sorprendernos con la celebraci\u00f3n de una Fiesta de la Vendimia al borde de una playa de limpias y pacificas olas\u2026 Paracas sabe algo de todo esto\u2026<\/span><\/strong><\/em><\/p>\n<p style=\"text-align: center;\"><em><span style=\"color: #000080;\"><strong>EPILOGO<\/strong><\/span><\/em><\/p>\n<p style=\"text-align: justify;\"><span style=\"color: #000080;\"><strong><em>Un mundo lleno de esperanzas, donde queda para su triste historia esta oferta &#8211; sin ninguna vinculaci\u00f3n econ\u00f3mica &#8211; donde se encuentran reunidas la innovaci\u00f3n, el conocimiento, y el ideal se servicio, detr\u00e1s de una amplia y larga labor en el mundo del desarrollo del turismo con el mas generoso aporte posible en el sector de la ense\u00f1anza, que ha obtenido los mas amplios reconocimientos a nivel internacional como lo justifica la maestr\u00eda sobre la calidad tur\u00edstica ambiental sostenible y promoci\u00f3n de la paz, dirigida y puesta en escena conjuntamente con la Universidad para La Paz, de las Naciones Unidas, un memorable logro que marca el cenit de unos estudios sobre el desarrollo del turismo que hoy se extiende por el mundo entero\u2026<\/em><\/strong><\/span><\/p>\n<p style=\"text-align: justify;\"><em><strong><span style=\"color: #000080;\">-Servir es mi ocupaci\u00f3n-<\/span><\/strong><\/em><\/p>\n<p style=\"text-align: justify;\"><strong><em><span style=\"color: #000080;\">Del Grupo de Expertos de la Organizaci\u00f3n Mundial del Turismo, de las Naciones Unidas. ONU<\/span><\/em><\/strong><\/p>\n","protected":false},"excerpt":{"rendered":"<p>\u00abCuando Quiero Llorar No Lloro,y a\u00a0 Veces Lloro Sin Querer\u00bb Rub\u00e9n Dar\u00edo Por Antonio-Pedro Tejera Reyes* INSTAR, INSISTIR, PRESIONAR .\u00a0 UN PROLOGO NECESARIO Se nos ha marchado el mes de Octubre. Se acerca ya la navidad y los festejos de fin de a\u00f1o. Tiempos de memorables recuerdos que ofrecimos implantar el Per\u00fa, siguiendo las tradiciones de la vieja Europa, que tanto esplendoroso \u00e9xito ha cosechado en la naci\u00f3n austriaca con su singular SILVESTERBALL y ese extraordinario Concierto de A\u00f1o Nuevo, con la centenaria Orquesta Filarm\u00f3nica de Viena. \u00a0Verdadera l\u00e1stima nos causa la ignorancia, lacra de la sociedad actual que constri\u00f1e\u00a0&#8230;<\/p>\n","protected":false},"author":1,"featured_media":39847,"comment_status":"open","ping_status":"open","sticky":false,"template":"","format":"standard","meta":{"footnotes":""},"categories":[85],"tags":[284,99,8716,8877,6132,330,749],"class_list":["post-39834","post","type-post","status-publish","format-standard","has-post-thumbnail","hentry","category-colum-invitados","tag-antonio-pedro-tejera-reyes","tag-elenita-villar","tag-hofburg-silvesterball","tag-peru-lo-tiene-todo","tag-portal-de-noticias-turistamagazine","tag-turismo-en-el-peru","tag-turistamagazine"],"_links":{"self":[{"href":"https:\/\/www.turistamagazine.com\/v2\/index.php?rest_route=\/wp\/v2\/posts\/39834","targetHints":{"allow":["GET"]}}],"collection":[{"href":"https:\/\/www.turistamagazine.com\/v2\/index.php?rest_route=\/wp\/v2\/posts"}],"about":[{"href":"https:\/\/www.turistamagazine.com\/v2\/index.php?rest_route=\/wp\/v2\/types\/post"}],"author":[{"embeddable":true,"href":"https:\/\/www.turistamagazine.com\/v2\/index.php?rest_route=\/wp\/v2\/users\/1"}],"replies":[{"embeddable":true,"href":"https:\/\/www.turistamagazine.com\/v2\/index.php?rest_route=%2Fwp%2Fv2%2Fcomments&post=39834"}],"version-history":[{"count":12,"href":"https:\/\/www.turistamagazine.com\/v2\/index.php?rest_route=\/wp\/v2\/posts\/39834\/revisions"}],"predecessor-version":[{"id":42360,"href":"https:\/\/www.turistamagazine.com\/v2\/index.php?rest_route=\/wp\/v2\/posts\/39834\/revisions\/42360"}],"wp:featuredmedia":[{"embeddable":true,"href":"https:\/\/www.turistamagazine.com\/v2\/index.php?rest_route=\/wp\/v2\/media\/39847"}],"wp:attachment":[{"href":"https:\/\/www.turistamagazine.com\/v2\/index.php?rest_route=%2Fwp%2Fv2%2Fmedia&parent=39834"}],"wp:term":[{"taxonomy":"category","embeddable":true,"href":"https:\/\/www.turistamagazine.com\/v2\/index.php?rest_route=%2Fwp%2Fv2%2Fcategories&post=39834"},{"taxonomy":"post_tag","embeddable":true,"href":"https:\/\/www.turistamagazine.com\/v2\/index.php?rest_route=%2Fwp%2Fv2%2Ftags&post=39834"}],"curies":[{"name":"wp","href":"https:\/\/api.w.org\/{rel}","templated":true}]}}