{"id":39810,"date":"2019-04-04T19:47:14","date_gmt":"2019-04-05T00:47:14","guid":{"rendered":"http:\/\/www.turistamagazine.com\/v2\/?p=39810"},"modified":"2019-04-04T19:47:14","modified_gmt":"2019-04-05T00:47:14","slug":"arequipa-reconocera-a-sus-casonas-calles-y-plazas-como-escenarios-historicos","status":"publish","type":"post","link":"https:\/\/www.turistamagazine.com\/v2\/?p=39810","title":{"rendered":"AREQUIPA RECONOCER\u00c1 A SUS CASONAS, CALLES Y PLAZAS COMO ESCENARIOS HIST\u00d3RICOS"},"content":{"rendered":"<p style=\"text-align: justify;\">04\/04\/2019\/Arequipa.- La municipalidad de Arequipa dar\u00e1 inicio al programa de <em><strong><span style=\"color: #000080;\">\u201cLecturas p\u00fablicas y memoria hist\u00f3rica de Arequipa\u201d<\/span><\/strong><\/em>, que permitir\u00e1 por primera vez colocar el c\u00f3digo QR (c\u00f3digo de barras bidimensional) con informaci\u00f3n sobre la plaza de Armas y otros 17 puntos ubicados en el centro hist\u00f3rico de la ciudad.<\/p>\n<p style=\"text-align: justify;\">El objetivo del programa es que la poblaci\u00f3n arequipe\u00f1a, as\u00ed como los turistas nacionales y extranjeros aprecien los espacios p\u00fablicos no solo como un lugar de monumentos hist\u00f3ricos que exhibe una extraordinaria arquitectura colonial y republicana, sino tambi\u00e9n como un escenario de hechos memorables en la historia de Arequipa.<\/p>\n<p style=\"text-align: justify;\">El gerente del Centro Hist\u00f3rico, arquitecto William Palomino, afirm\u00f3 que el programa de <em><strong><span style=\"color: #000080;\">\u201cLecturas p\u00fablicas y memoria hist\u00f3rica de Arequipa\u201d<\/span><\/strong><\/em>, busca no solo que la poblaci\u00f3n se interese por la lectura, sino tambi\u00e9n que conozcan m\u00e1s sobre el lugar donde se desarrolla a actividad como por ejemplo conocer el origen de la calle, la plaza o puente, y los hechos m\u00e1s relevantes acontecidos en ese lugar.<\/p>\n<div id=\"attachment_36787\" style=\"width: 610px\" class=\"wp-caption aligncenter\"><a href=\"https:\/\/www.turistamagazine.com\/v2\/wp-content\/uploads\/2018\/09\/Arequipa-600x600.jpg\"><img decoding=\"async\" aria-describedby=\"caption-attachment-36787\" class=\"size-full wp-image-36787\" src=\"https:\/\/www.turistamagazine.com\/v2\/wp-content\/uploads\/2018\/09\/Arequipa-600x600.jpg\" alt=\"\" width=\"600\" height=\"600\" \/><\/a><p id=\"caption-attachment-36787\" class=\"wp-caption-text\">Arequipa<\/p><\/div>\n<p style=\"text-align: justify;\">A esto se suma que en cada punto donde se desarrolle la actividad se colocar\u00e1 el c\u00f3digo QR (c\u00f3digo de respuesta r\u00e1pida), el cual permitir\u00e1 que la poblaci\u00f3n local o los turistas con cualquier dispositivo m\u00f3vil puedan acceder a informaci\u00f3n \u00fatil sobre el lugar.<\/p>\n<p style=\"text-align: justify;\">Palomino inform\u00f3 que el primer c\u00f3digo QR que se instalar\u00e1 en Arequipa ser\u00e1 en el Portal de la Municipalidad, ubicado en la plaza de Armas de la ciudad, donde\u00a0 se realizar\u00e1 la primera lectura p\u00fablica y al finalizar la actividad se colocar\u00e1 el c\u00f3digo QR.<\/p>\n<p style=\"text-align: justify;\"><em><strong><span style=\"color: #000080;\">Similar actividad se realizar\u00e1 en los otros 17 puntos ubicados en el centro hist\u00f3rico de Arequipa.<\/span><\/strong><\/em><\/p>\n<p style=\"text-align: justify;\">El programa de <em><strong><span style=\"color: #000080;\">\u201cLecturas p\u00fablicas y memoria hist\u00f3rica de Arequipa\u201d<\/span><\/strong><\/em>, tiene una doble finalidad como es promover el h\u00e1bito de la lectura y conservar la memoria hist\u00f3rica de Arequipa, reconocida como Patrimonio Cultural de la Humanidad.<\/p>\n<p><a href=\"https:\/\/www.turistamagazine.com\/v2\/wp-content\/uploads\/2019\/04\/000438731M.jpg\"><img decoding=\"async\" class=\"wp-image-39816 aligncenter\" src=\"https:\/\/www.turistamagazine.com\/v2\/wp-content\/uploads\/2019\/04\/000438731M.jpg\" alt=\"\" width=\"600\" height=\"439\" srcset=\"https:\/\/www.turistamagazine.com\/v2\/wp-content\/uploads\/2019\/04\/000438731M.jpg 500w, https:\/\/www.turistamagazine.com\/v2\/wp-content\/uploads\/2019\/04\/000438731M-300x220.jpg 300w, https:\/\/www.turistamagazine.com\/v2\/wp-content\/uploads\/2019\/04\/000438731M-220x160.jpg 220w\" sizes=\"(max-width: 600px) 100vw, 600px\" \/><\/a><\/p>\n<p>&nbsp;<\/p>\n<p style=\"text-align: justify;\">En la primera jornada de lectura p\u00fablica se leer\u00e1n poemas del poeta arequipe\u00f1o C\u00e9sar <em><strong><span style=\"color: #000080;\">\u201cAtahualpa\u201d Rodr\u00edguez (1889-1972), quien adem\u00e1s fue director de la Biblioteca Municipal de Arequipa durante m\u00e1s de cuatro d\u00e9cadas.<\/span><\/strong><\/em><\/p>\n<p style=\"text-align: justify;\">El programa es impulsado por la gerencia del Centro Hist\u00f3rico, la Biblioteca Municipal y la Subgerencia de Educaci\u00f3n y Cultura de la municipalidad provincial de Arequipa.<\/p>\n","protected":false},"excerpt":{"rendered":"<p>04\/04\/2019\/Arequipa.- La municipalidad de Arequipa dar\u00e1 inicio al programa de \u201cLecturas p\u00fablicas y memoria hist\u00f3rica de Arequipa\u201d, que permitir\u00e1 por primera vez colocar el c\u00f3digo QR (c\u00f3digo de barras bidimensional) con informaci\u00f3n sobre la plaza de Armas y otros 17 puntos ubicados en el centro hist\u00f3rico de la ciudad. El objetivo del programa es que la poblaci\u00f3n arequipe\u00f1a, as\u00ed como los turistas nacionales y extranjeros aprecien los espacios p\u00fablicos no solo como un lugar de monumentos hist\u00f3ricos que exhibe una extraordinaria arquitectura colonial y republicana, sino tambi\u00e9n como un escenario de hechos memorables en la historia de Arequipa. El gerente&#8230;<\/p>\n","protected":false},"author":1,"featured_media":0,"comment_status":"open","ping_status":"open","sticky":false,"template":"","format":"standard","meta":{"footnotes":""},"categories":[4,82],"tags":[268,330,749,5078],"class_list":["post-39810","post","type-post","status-publish","format-standard","hentry","category-breaking-news","category-nacionales","tag-arequipa","tag-turismo-en-el-peru","tag-turistamagazine","tag-ver-todos"],"_links":{"self":[{"href":"https:\/\/www.turistamagazine.com\/v2\/index.php?rest_route=\/wp\/v2\/posts\/39810","targetHints":{"allow":["GET"]}}],"collection":[{"href":"https:\/\/www.turistamagazine.com\/v2\/index.php?rest_route=\/wp\/v2\/posts"}],"about":[{"href":"https:\/\/www.turistamagazine.com\/v2\/index.php?rest_route=\/wp\/v2\/types\/post"}],"author":[{"embeddable":true,"href":"https:\/\/www.turistamagazine.com\/v2\/index.php?rest_route=\/wp\/v2\/users\/1"}],"replies":[{"embeddable":true,"href":"https:\/\/www.turistamagazine.com\/v2\/index.php?rest_route=%2Fwp%2Fv2%2Fcomments&post=39810"}],"version-history":[{"count":2,"href":"https:\/\/www.turistamagazine.com\/v2\/index.php?rest_route=\/wp\/v2\/posts\/39810\/revisions"}],"predecessor-version":[{"id":39818,"href":"https:\/\/www.turistamagazine.com\/v2\/index.php?rest_route=\/wp\/v2\/posts\/39810\/revisions\/39818"}],"wp:attachment":[{"href":"https:\/\/www.turistamagazine.com\/v2\/index.php?rest_route=%2Fwp%2Fv2%2Fmedia&parent=39810"}],"wp:term":[{"taxonomy":"category","embeddable":true,"href":"https:\/\/www.turistamagazine.com\/v2\/index.php?rest_route=%2Fwp%2Fv2%2Fcategories&post=39810"},{"taxonomy":"post_tag","embeddable":true,"href":"https:\/\/www.turistamagazine.com\/v2\/index.php?rest_route=%2Fwp%2Fv2%2Ftags&post=39810"}],"curies":[{"name":"wp","href":"https:\/\/api.w.org\/{rel}","templated":true}]}}