{"id":39729,"date":"2019-03-21T23:31:54","date_gmt":"2019-03-22T04:31:54","guid":{"rendered":"http:\/\/www.turistamagazine.com\/v2\/?p=39729"},"modified":"2019-03-21T23:33:37","modified_gmt":"2019-03-22T04:33:37","slug":"feria-artesanal-por-el-dia-mundial-del-artesano-en-urubamba","status":"publish","type":"post","link":"https:\/\/www.turistamagazine.com\/v2\/?p=39729","title":{"rendered":"FERIA ARTESANAL POR EL D\u00cdA MUNDIAL DEL ARTESANO EN URUBAMBA"},"content":{"rendered":"<p style=\"text-align: justify;\">21\/ 03\/2019\/ Cusco.- Desde \u00a0Urubamba \u2013 Cusco nuestra amiga Maritza Linares Pardo nos pide que recuerden que no dejen de visitar la <em><strong><span style=\"color: #000080;\">Feria Artesanal a realizarse este fin de semana en la Plaza de Armas de Urubamba, por el D\u00eda Mundial del Artesano.<\/span><\/strong><\/em><\/p>\n<p style=\"text-align: justify;\">Recordemos que adem\u00e1s el 19 de Marzo se conmemora el d\u00eda tambi\u00e9n llamado para la religi\u00f3n cat\u00f3lica como d\u00eda de San Jos\u00e9.<\/p>\n<p style=\"text-align: justify;\">Jos\u00e9 era el esposo de la Virgen Mar\u00eda y el padre de Jes\u00fas. Su oficio era el de carpintero y por ello se celebra este d\u00eda como el D\u00eda del Artesano.<\/p>\n<p style=\"text-align: justify;\"><em><strong><span style=\"color: #000080;\">Recordamos asimismo que nuestro distinguido amigo Javier El\u00edas \u00a0cierto d\u00eda nos coment\u00f3 que nada que se elabore con las manos pod\u00eda ser malo por eso la denominaci\u00f3n de artesano o mejor dicho arte- sano<\/span><\/strong><\/em><\/p>\n","protected":false},"excerpt":{"rendered":"<p>21\/ 03\/2019\/ Cusco.- Desde \u00a0Urubamba \u2013 Cusco nuestra amiga Maritza Linares Pardo nos pide que recuerden que no dejen de visitar la Feria Artesanal a realizarse este fin de semana en la Plaza de Armas de Urubamba, por el D\u00eda Mundial del Artesano. Recordemos que adem\u00e1s el 19 de Marzo se conmemora el d\u00eda tambi\u00e9n llamado para la religi\u00f3n cat\u00f3lica como d\u00eda de San Jos\u00e9. Jos\u00e9 era el esposo de la Virgen Mar\u00eda y el padre de Jes\u00fas. Su oficio era el de carpintero y por ello se celebra este d\u00eda como el D\u00eda del Artesano. Recordamos asimismo que nuestro&#8230;<\/p>\n","protected":false},"author":1,"featured_media":39730,"comment_status":"open","ping_status":"open","sticky":false,"template":"","format":"standard","meta":{"footnotes":""},"categories":[4,82],"tags":[134,8864,6132,749],"class_list":["post-39729","post","type-post","status-publish","format-standard","has-post-thumbnail","hentry","category-breaking-news","category-nacionales","tag-cusco","tag-feria-artesanal","tag-portal-de-noticias-turistamagazine","tag-turistamagazine"],"_links":{"self":[{"href":"https:\/\/www.turistamagazine.com\/v2\/index.php?rest_route=\/wp\/v2\/posts\/39729","targetHints":{"allow":["GET"]}}],"collection":[{"href":"https:\/\/www.turistamagazine.com\/v2\/index.php?rest_route=\/wp\/v2\/posts"}],"about":[{"href":"https:\/\/www.turistamagazine.com\/v2\/index.php?rest_route=\/wp\/v2\/types\/post"}],"author":[{"embeddable":true,"href":"https:\/\/www.turistamagazine.com\/v2\/index.php?rest_route=\/wp\/v2\/users\/1"}],"replies":[{"embeddable":true,"href":"https:\/\/www.turistamagazine.com\/v2\/index.php?rest_route=%2Fwp%2Fv2%2Fcomments&post=39729"}],"version-history":[{"count":3,"href":"https:\/\/www.turistamagazine.com\/v2\/index.php?rest_route=\/wp\/v2\/posts\/39729\/revisions"}],"predecessor-version":[{"id":39733,"href":"https:\/\/www.turistamagazine.com\/v2\/index.php?rest_route=\/wp\/v2\/posts\/39729\/revisions\/39733"}],"wp:featuredmedia":[{"embeddable":true,"href":"https:\/\/www.turistamagazine.com\/v2\/index.php?rest_route=\/wp\/v2\/media\/39730"}],"wp:attachment":[{"href":"https:\/\/www.turistamagazine.com\/v2\/index.php?rest_route=%2Fwp%2Fv2%2Fmedia&parent=39729"}],"wp:term":[{"taxonomy":"category","embeddable":true,"href":"https:\/\/www.turistamagazine.com\/v2\/index.php?rest_route=%2Fwp%2Fv2%2Fcategories&post=39729"},{"taxonomy":"post_tag","embeddable":true,"href":"https:\/\/www.turistamagazine.com\/v2\/index.php?rest_route=%2Fwp%2Fv2%2Ftags&post=39729"}],"curies":[{"name":"wp","href":"https:\/\/api.w.org\/{rel}","templated":true}]}}