{"id":39724,"date":"2019-03-21T23:14:36","date_gmt":"2019-03-22T04:14:36","guid":{"rendered":"http:\/\/www.turistamagazine.com\/v2\/?p=39724"},"modified":"2019-03-21T23:14:36","modified_gmt":"2019-03-22T04:14:36","slug":"todo-listo-ii-taller-internacional-especializado-en-periodismo-turistico-digital","status":"publish","type":"post","link":"https:\/\/www.turistamagazine.com\/v2\/?p=39724","title":{"rendered":"TODO LISTO: II TALLER INTERNACIONAL ESPECIALIZADO EN PERIODISMO TURISTICO DIGITAL"},"content":{"rendered":"<p style=\"text-align: center;\"><strong><em><span style=\"color: #000080;\">Evento organizado por Feinpretudi dirigido a\u00a0<\/span><u><span style=\"color: #000080;\">profesionales del turismo, periodistas y comunicadore<\/span>s.<\/u><\/em><\/strong><\/p>\n<p style=\"text-align: center;\"><em><strong>\u00a0<span style=\"color: #000080;\">&#8211; Se llevar\u00e1 a cabo el MIERCOLES 27 de marzo \u00a0de 8:00 am 2:00 pm. en el auditorio de\u00a0la Unv. ANTONIO RUIZ\u00a0DE MONTOYA<\/span><\/strong><\/em><\/p>\n<p>21\/03\/2019\/Lima.- Todo listo para el <strong><em>II TALLER INTERNACIONAL ESPECIALIZADO EN PERIODISMO TURISTICO DIGITAL <\/em><\/strong>contar\u00e1 como expositores\u00a0 internacionales participar\u00e1n en este taller: el Dr. Antonio\u00a0Pedro Tejera\u00a0Reyes, Director Fundador del\u00a0Centro Internacional de Estudios\u00a0Tur\u00edsticos de Canarias (CIESTCA) y miembro del Grupo de Expertos de\u00a0la Organizaci\u00f3n Mundial\u00a0del Turismo (OMT), organismo de las Naciones Unidas (ONU) \u00a0quien impartir\u00e1 el tema:<strong><em>\u00a0<span style=\"color: #000080;\">LA COMUNICACI\u00d3N DIGITAL\u00a0Y\u00a0SU EXCEPCIONAL IMPORTANCIA PARA EL TURISMO.<\/span><\/em><\/strong><\/p>\n<p style=\"text-align: center;\"><span style=\"color: #000080;\"><strong>PROGRAMA II TALLER \u00abEL PERIODISMO TUR\u00cdSTICO DIGITAL Y SU INIGUALABLE IMPORTANCIA\u00bb<\/strong><\/span><\/p>\n<p><strong>8:00 a\u00a09:00 recepci\u00f3n \u00a0de invitados e \u00a0inscripci\u00f3n<\/strong><\/p>\n<p><strong><em>9:00a\u00a0 9 :15:<\/em><\/strong><strong> Presentaci\u00f3n y agradecimiento de las personalidades asistentes <\/strong><\/p>\n<p><strong>9:15\u00a0 a 10\u00a0 Inauguraci\u00f3n y Exposici\u00f3n\u00a0 y Pol\u00edticas de Promoci\u00f3n Tur\u00edstica Mincentur\/<\/strong><\/p>\n<p><strong>10 a\u00a010:30 Exposici\u00f3n\u00a0 <\/strong><\/p>\n<p><strong>EL PODER DE LAS REDES Y EL TURISMO<\/strong><\/p>\n<p><strong>Arturo Bullard (Feinpretudi)<\/strong><\/p>\n<p><strong>Preguntas <\/strong><\/p>\n<p><strong>10:40 a 11:00 \u00a0coffe Breack<\/strong><\/p>\n<p><strong>Bloque internacional<\/strong><\/p>\n<p><strong>11:00 a 12:00\u00a0 Conferencia<\/strong><\/p>\n<p><strong><em>LA COMUNICACI\u00d3N DIGITAL\u00a0Y\u00a0SU EXCEPCIONAL IMPORTANCIA PARA EL TURISMO<\/em><\/strong><\/p>\n<p><strong>Dr. Antonio\u00a0Pedro Tejera\u00a0Reyes<\/strong><strong>.<em> (Del Grupo del Expertos de la OMT)<\/em><\/strong><\/p>\n<p><strong><em>Director del CIESTCA <\/em><\/strong><strong>(<em>Islas Canarias)<\/em><\/strong><\/p>\n<p><strong>Preguntas<\/strong><\/p>\n<p><strong>\u00a012:00 a 12:30<\/strong><\/p>\n<p><strong>Conferencia Via Skype<\/strong><\/p>\n<p><strong>\u00a0<\/strong><strong><em>PUNTA DEL ESTE CONVENTION BUREAU de Uruguay <\/em><\/strong><\/p>\n<p><strong>Preguntas <\/strong><\/p>\n<p><strong>1:15 a\u00a01:45 <\/strong><strong>PANEL<\/strong><\/p>\n<p><strong>Moderador<\/strong><\/p>\n<p><strong>\u00a0Gaby Fiorini<\/strong><\/p>\n<p><strong>\u00a0C\u00e1mara de Comercio de LIMA<\/strong><\/p>\n<p><strong>Panelistas<\/strong><\/p>\n<p><strong>\u00a0<em>Tibisay Monsalve gerente de la SOCIEDAD DE HOTELES<\/em><\/strong><\/p>\n<p><strong><em>Roc\u00edo Lombardi Directora\u00a0Escuela de Turismo\u00a0de la\u00a0 Unv. Antonio Ruiz de Montoya<\/em><\/strong><\/p>\n<p><strong><em>Lic. \u00c1ngel S\u00e1nchez Presidente de la Federaci\u00f3n de Periodistas del Per\u00fa<\/em><\/strong><\/p>\n<p><strong><em>Fernando Puente Zambrano Presidente CIDTUR ( <\/em><\/strong><strong><em>Centro de Investigaci\u00f3n, Desarrollo e Innovaci\u00f3n en Turismo<\/em><\/strong><\/p>\n<p><strong>\u00a0\u00a01:45 a 2:00<\/strong><\/p>\n<p><strong>\u00a0<\/strong><strong>Incorporaci\u00f3n a FEINPRETUDI<\/strong><\/p>\n<p><strong>Periodista Cecilia Portella<\/strong><\/p>\n<p><strong>Directora La Cueva de Dom\u00ednguez<\/strong><\/p>\n<p><strong>David Pino\u00a0 Bazalar<\/strong><\/p>\n<p><strong>Investigador director del blog LIMA\u00a0 LA UNICA\u00a0\u00a0\u00a0\u00a0\u00a0\u00a0 <\/strong><\/p>\n<p><strong>1\u00b0Reconocimiento al Sr. Eduardo J\u00e1uregui\u00a0 presidente de\u00a0 CAPATUR por su labor en favor de la promoci\u00f3n tur\u00edstica de Paracas <\/strong><\/p>\n<p><strong>CLAUSURA <\/strong><\/p>\n<p><strong>Mag\u00edster Elena Villar <\/strong><\/p>\n<p><strong>Presidente\u00a0 DE FEINPRETUDI<\/strong><\/p>\n<p><strong>\u00a0<\/strong><\/p>\n<p><strong><a href=\"https:\/\/goo.gl\/phr87y\">https:\/\/goo.gl\/phr87y<\/a><\/strong><\/p>\n","protected":false},"excerpt":{"rendered":"<p>Evento organizado por Feinpretudi dirigido a\u00a0profesionales del turismo, periodistas y comunicadores. \u00a0&#8211; Se llevar\u00e1 a cabo el MIERCOLES 27 de marzo \u00a0de 8:00 am 2:00 pm. en el auditorio de\u00a0la Unv. ANTONIO RUIZ\u00a0DE MONTOYA 21\/03\/2019\/Lima.- Todo listo para el II TALLER INTERNACIONAL ESPECIALIZADO EN PERIODISMO TURISTICO DIGITAL contar\u00e1 como expositores\u00a0 internacionales participar\u00e1n en este taller: el Dr. Antonio\u00a0Pedro Tejera\u00a0Reyes, Director Fundador del\u00a0Centro Internacional de Estudios\u00a0Tur\u00edsticos de Canarias (CIESTCA) y miembro del Grupo de Expertos de\u00a0la Organizaci\u00f3n Mundial\u00a0del Turismo (OMT), organismo de las Naciones Unidas (ONU) \u00a0quien impartir\u00e1 el tema:\u00a0LA COMUNICACI\u00d3N DIGITAL\u00a0Y\u00a0SU EXCEPCIONAL IMPORTANCIA PARA EL TURISMO. PROGRAMA II TALLER \u00abEL&#8230;<\/p>\n","protected":false},"author":1,"featured_media":39725,"comment_status":"open","ping_status":"open","sticky":false,"template":"","format":"standard","meta":{"footnotes":""},"categories":[4,82],"tags":[99,6805,6132,749],"class_list":["post-39724","post","type-post","status-publish","format-standard","has-post-thumbnail","hentry","category-breaking-news","category-nacionales","tag-elenita-villar","tag-feinpretudi","tag-portal-de-noticias-turistamagazine","tag-turistamagazine"],"_links":{"self":[{"href":"https:\/\/www.turistamagazine.com\/v2\/index.php?rest_route=\/wp\/v2\/posts\/39724","targetHints":{"allow":["GET"]}}],"collection":[{"href":"https:\/\/www.turistamagazine.com\/v2\/index.php?rest_route=\/wp\/v2\/posts"}],"about":[{"href":"https:\/\/www.turistamagazine.com\/v2\/index.php?rest_route=\/wp\/v2\/types\/post"}],"author":[{"embeddable":true,"href":"https:\/\/www.turistamagazine.com\/v2\/index.php?rest_route=\/wp\/v2\/users\/1"}],"replies":[{"embeddable":true,"href":"https:\/\/www.turistamagazine.com\/v2\/index.php?rest_route=%2Fwp%2Fv2%2Fcomments&post=39724"}],"version-history":[{"count":1,"href":"https:\/\/www.turistamagazine.com\/v2\/index.php?rest_route=\/wp\/v2\/posts\/39724\/revisions"}],"predecessor-version":[{"id":39726,"href":"https:\/\/www.turistamagazine.com\/v2\/index.php?rest_route=\/wp\/v2\/posts\/39724\/revisions\/39726"}],"wp:featuredmedia":[{"embeddable":true,"href":"https:\/\/www.turistamagazine.com\/v2\/index.php?rest_route=\/wp\/v2\/media\/39725"}],"wp:attachment":[{"href":"https:\/\/www.turistamagazine.com\/v2\/index.php?rest_route=%2Fwp%2Fv2%2Fmedia&parent=39724"}],"wp:term":[{"taxonomy":"category","embeddable":true,"href":"https:\/\/www.turistamagazine.com\/v2\/index.php?rest_route=%2Fwp%2Fv2%2Fcategories&post=39724"},{"taxonomy":"post_tag","embeddable":true,"href":"https:\/\/www.turistamagazine.com\/v2\/index.php?rest_route=%2Fwp%2Fv2%2Ftags&post=39724"}],"curies":[{"name":"wp","href":"https:\/\/api.w.org\/{rel}","templated":true}]}}