{"id":39721,"date":"2019-03-21T22:43:20","date_gmt":"2019-03-22T03:43:20","guid":{"rendered":"http:\/\/www.turistamagazine.com\/v2\/?p=39721"},"modified":"2019-03-21T22:43:20","modified_gmt":"2019-03-22T03:43:20","slug":"mincetur-financiara-emprendimientos-turisticos-con-montos-de-hasta-s-150-mil","status":"publish","type":"post","link":"https:\/\/www.turistamagazine.com\/v2\/?p=39721","title":{"rendered":"MINCETUR FINANCIAR\u00c1 EMPRENDIMIENTOS TUR\u00cdSTICOS CON MONTOS DE HASTA S\/150 MIL"},"content":{"rendered":"<p style=\"text-align: justify;\">21\/03\/ 2019\/ Lima.- El ministro de Comercio Exterior y Turismo, Edgar V\u00e1squez, oficializ\u00f3 hoy el lanzamiento de la tercera convocatoria del programa Turismo Emprende. La iniciativa impulsar\u00e1 el desarrollo de las microempresas tur\u00edsticas m\u00e1s innovadoras, a trav\u00e9s de financiamiento y acompa\u00f1amiento en la ejecuci\u00f3n de sus planes de negocio.<\/p>\n<p style=\"text-align: justify;\"><em><strong><span style=\"color: #000080;\">\u201cEn el Mincetur tenemos el claro objetivo de trabajar en la formalizaci\u00f3n y competitividad del turismo. Al incorporar a las microempresas a la cadena de valor tur\u00edstica formal con programas como Turismo Emprende, generamos desarrollo econ\u00f3mico inclusivo, sostenible y descentralizado\u201d,<\/span> <\/strong><\/em>resalt\u00f3 el ministro en el evento de lanzamiento.<\/p>\n<p style=\"text-align: justify;\">\u00a0<em><strong><span style=\"color: #000080;\">PARA CONCURSAR<\/span><\/strong><\/em><\/p>\n<p style=\"text-align: justify;\">\u00a0Los concursantes podr\u00e1n participar bajo dos modalidades. La primera, denominada<em><strong><span style=\"color: #000080;\"> \u2018Emprendiendo mi negocio tur\u00edstico\u2019, est\u00e1 dirigida a ideas de negocio en edad temprana. En tanto la segunda modalidad, \u2018Haciendo crecer mi negocio tur\u00edstico\u2019<\/span><\/strong><\/em>, tiene como objetivo apoyar a negocios en etapa de crecimiento.<\/p>\n<p style=\"text-align: justify;\">\u201cHemos financiado y capacitado a 61 beneficiarios presentes en 15 regiones y queremos que m\u00e1s emprendedores se sumen a nuestros esfuerzos por mejorar la calidad de la oferta tur\u00edstica. Para ello pedimos el apoyo del sector privado y los gobiernos subnacionales para difundir esta iniciativa y sus beneficios\u201d, declar\u00f3 el ministro.<\/p>\n<p style=\"text-align: justify;\">Los financiamientos disponibles en esta tercera convocatoria oscilan entre S\/30 mil y S\/60 mil para la primera modalidad, y S\/60 mil y S\/150 mil para la segunda modalidad. Cabe resaltar, que adem\u00e1s del financiamiento, los beneficiarios recibir\u00e1n un acompa\u00f1amiento integral, ya sea a trav\u00e9s de una incubadora o aceleradora de negocios especializada.<\/p>\n<p style=\"text-align: justify;\"><em><strong><span style=\"color: #000080;\">\u00a0RESULTADOS<\/span><\/strong><\/em><\/p>\n<p style=\"text-align: justify;\">Durante su presentaci\u00f3n, la viceministra Liz Chirinos Cuadros resalt\u00f3 que en las dos ediciones pasadas del concurso, el Mincetur recibi\u00f3 m\u00e1s de mil propuestas de negocios.<\/p>\n<p style=\"text-align: justify;\">Turismo Emprende cuenta con un fondo de S\/10 millones a ser repartido en cuatro convocatorias. A la fecha, el Mincetur ha destinado cerca de S\/4 millones para financiar los planes de 61 beneficiarios del programa, dando como resultado en el primer a\u00f1o un incremento de 91 habitaciones, 20 bungal\u00f3s y 220 camas-plaza a la oferta tur\u00edstica nacional.<\/p>\n<p style=\"text-align: justify;\"><strong><em><span style=\"color: #000080;\">\u201cGracias a Turismo Emprende, se ha impulsado el desarrollo de ideas innovadoras como la pesca recreativa, observaci\u00f3n astron\u00f3mica, hospedaje rural enol\u00f3gico, y propuestas de gastronom\u00eda especializada\u201d,<\/span><\/em><\/strong> destac\u00f3 la viceministra.<\/p>\n<p style=\"text-align: justify;\"><span style=\"color: #000080;\">EL DATO<\/span><\/p>\n<p style=\"text-align: justify;\">Se recuerda a los emprendedores interesados en participar que la convocatoria culmina el 10 de mayo del presente a\u00f1o. Para postular, pueden acceder a turismoemprende.pe, donde adem\u00e1s podr\u00e1n encontrar las bases del concurso.<\/p>\n","protected":false},"excerpt":{"rendered":"<p>21\/03\/ 2019\/ Lima.- El ministro de Comercio Exterior y Turismo, Edgar V\u00e1squez, oficializ\u00f3 hoy el lanzamiento de la tercera convocatoria del programa Turismo Emprende. La iniciativa impulsar\u00e1 el desarrollo de las microempresas tur\u00edsticas m\u00e1s innovadoras, a trav\u00e9s de financiamiento y acompa\u00f1amiento en la ejecuci\u00f3n de sus planes de negocio. \u201cEn el Mincetur tenemos el claro objetivo de trabajar en la formalizaci\u00f3n y competitividad del turismo. Al incorporar a las microempresas a la cadena de valor tur\u00edstica formal con programas como Turismo Emprende, generamos desarrollo econ\u00f3mico inclusivo, sostenible y descentralizado\u201d, resalt\u00f3 el ministro en el evento de lanzamiento. \u00a0PARA CONCURSAR \u00a0Los&#8230;<\/p>\n","protected":false},"author":1,"featured_media":39722,"comment_status":"open","ping_status":"open","sticky":false,"template":"","format":"standard","meta":{"footnotes":""},"categories":[4,82],"tags":[6987,7993,6805,749,5078],"class_list":["post-39721","post","type-post","status-publish","format-standard","has-post-thumbnail","hentry","category-breaking-news","category-nacionales","tag-turismo-emprende","tag-edgar-vasquez","tag-feinpretudi","tag-turistamagazine","tag-ver-todos"],"_links":{"self":[{"href":"https:\/\/www.turistamagazine.com\/v2\/index.php?rest_route=\/wp\/v2\/posts\/39721","targetHints":{"allow":["GET"]}}],"collection":[{"href":"https:\/\/www.turistamagazine.com\/v2\/index.php?rest_route=\/wp\/v2\/posts"}],"about":[{"href":"https:\/\/www.turistamagazine.com\/v2\/index.php?rest_route=\/wp\/v2\/types\/post"}],"author":[{"embeddable":true,"href":"https:\/\/www.turistamagazine.com\/v2\/index.php?rest_route=\/wp\/v2\/users\/1"}],"replies":[{"embeddable":true,"href":"https:\/\/www.turistamagazine.com\/v2\/index.php?rest_route=%2Fwp%2Fv2%2Fcomments&post=39721"}],"version-history":[{"count":1,"href":"https:\/\/www.turistamagazine.com\/v2\/index.php?rest_route=\/wp\/v2\/posts\/39721\/revisions"}],"predecessor-version":[{"id":39723,"href":"https:\/\/www.turistamagazine.com\/v2\/index.php?rest_route=\/wp\/v2\/posts\/39721\/revisions\/39723"}],"wp:featuredmedia":[{"embeddable":true,"href":"https:\/\/www.turistamagazine.com\/v2\/index.php?rest_route=\/wp\/v2\/media\/39722"}],"wp:attachment":[{"href":"https:\/\/www.turistamagazine.com\/v2\/index.php?rest_route=%2Fwp%2Fv2%2Fmedia&parent=39721"}],"wp:term":[{"taxonomy":"category","embeddable":true,"href":"https:\/\/www.turistamagazine.com\/v2\/index.php?rest_route=%2Fwp%2Fv2%2Fcategories&post=39721"},{"taxonomy":"post_tag","embeddable":true,"href":"https:\/\/www.turistamagazine.com\/v2\/index.php?rest_route=%2Fwp%2Fv2%2Ftags&post=39721"}],"curies":[{"name":"wp","href":"https:\/\/api.w.org\/{rel}","templated":true}]}}