{"id":39708,"date":"2019-03-20T18:26:26","date_gmt":"2019-03-20T23:26:26","guid":{"rendered":"http:\/\/www.turistamagazine.com\/v2\/?p=39708"},"modified":"2019-03-20T18:26:26","modified_gmt":"2019-03-20T23:26:26","slug":"termalismo-y-bienestar-en-alta-en-el-brasil-festuris-gramado-abre-espacio-para-este-nicho","status":"publish","type":"post","link":"https:\/\/www.turistamagazine.com\/v2\/?p=39708","title":{"rendered":"TERMALISMO Y BIENESTAR EN ALTA EN EL BRASIL: FESTURIS GRAMADO ABRE ESPACIO PARA ESTE NICHO"},"content":{"rendered":"<p>20\/03\/2019\/ Brasil .-Siguiendo la\u00a0 tendencia de Europa, en los \u00faltimos a\u00f1os el Brasil pas\u00f3 a inaugurar decenas de equipamientos tur\u00edsticos orientados al nicho de Termalismo y Bienestar. Goi\u00e1s es referencia, pero, los tres estados del Sur del Brasil: Paran\u00e1, Santa Catarina y Rio Grande do Sul comienzan a destacarse en el segmento. Rio Grande do Sul por ejemplo, inaugur\u00f3 en Gramado un emprendimiento recientemente y tambi\u00e9n posee proyectos en Machadinho, Uruguayana y en la Regi\u00f3n de la Cuarta Colonia.<\/p>\n<p>Con este crecimiento exponencial el <em><strong><span style=\"color: #000080;\">FESTURIS Gramado \u2013 Feria Internacional de Turismo,<\/span><\/strong><\/em> la m\u00e1s efectiva feria de negocios tur\u00edsticos de Am\u00e9rica del Sur, anuncia el lanzamiento de su nuevo espacio: <em><strong><span style=\"color: #000080;\">el Termalismo y Bienesta<\/span><\/strong><strong><span style=\"color: #000080;\">r<\/span><\/strong><\/em>. El objetivo es promover durante la realizaci\u00f3n\u00a0 de la 31\u00aa edici\u00f3n del evento,\u00a0 del\u00a0 07\u00a0 al 10 de noviembre, un espacio dedicado al termalismo, terapias de bienestar, turismo termal, negocios y conocimiento pertinente al segmento&#8230;<\/p>\n<p style=\"text-align: justify;\"><em><strong><span style=\"color: #000080;\">El termalismo en el Brasil es conocido mundialmente por la calidad de sus aguas, en su gran mayor\u00eda del Acu\u00edfero Guaran\u00ed, considerada como una de las mejores aguas termo-minerales del planeta.<\/span> <\/strong><\/em>Adem\u00e1s, el pa\u00eds posee estancias que abrigan los mayores complejos de aguas sulfurosas ya conocidas, hecho que desarroll\u00f3 y cre\u00f3 infraestructura para recibir la gran demanda de turistas que se trasladan en la b\u00fasqueda del\u00a0 bienestar, del cuidado con la salud y entretenimiento. Aprovechando este potencial el <em><strong><span style=\"color: #000080;\">FESTURIS<\/span><\/strong><\/em> promover\u00e1 un encuentro multisectorial, posibilitando la promoci\u00f3n de productos, discusi\u00f3n de ideas y concreci\u00f3n de negocios conjuntamente con actividades experienciales y sensoriales que el sector tiene para ofrecer.<\/p>\n<p>&nbsp;<\/p>\n<p>&nbsp;<\/p>\n<p>&nbsp;<\/p>\n<p>&nbsp;<\/p>\n<p>&nbsp;<\/p>\n<p>&nbsp;<\/p>\n","protected":false},"excerpt":{"rendered":"<p>20\/03\/2019\/ Brasil .-Siguiendo la\u00a0 tendencia de Europa, en los \u00faltimos a\u00f1os el Brasil pas\u00f3 a inaugurar decenas de equipamientos tur\u00edsticos orientados al nicho de Termalismo y Bienestar. Goi\u00e1s es referencia, pero, los tres estados del Sur del Brasil: Paran\u00e1, Santa Catarina y Rio Grande do Sul comienzan a destacarse en el segmento. Rio Grande do Sul por ejemplo, inaugur\u00f3 en Gramado un emprendimiento recientemente y tambi\u00e9n posee proyectos en Machadinho, Uruguayana y en la Regi\u00f3n de la Cuarta Colonia. Con este crecimiento exponencial el FESTURIS Gramado \u2013 Feria Internacional de Turismo, la m\u00e1s efectiva feria de negocios tur\u00edsticos de Am\u00e9rica&#8230;<\/p>\n","protected":false},"author":1,"featured_media":39709,"comment_status":"open","ping_status":"open","sticky":false,"template":"","format":"standard","meta":{"footnotes":""},"categories":[4,84],"tags":[115,7509,6805,5049,6132,749],"class_list":["post-39708","post","type-post","status-publish","format-standard","has-post-thumbnail","hentry","category-breaking-news","category-internacionales","tag-brasil","tag-elenita-honores","tag-feinpretudi","tag-festuris-gramado","tag-portal-de-noticias-turistamagazine","tag-turistamagazine"],"_links":{"self":[{"href":"https:\/\/www.turistamagazine.com\/v2\/index.php?rest_route=\/wp\/v2\/posts\/39708","targetHints":{"allow":["GET"]}}],"collection":[{"href":"https:\/\/www.turistamagazine.com\/v2\/index.php?rest_route=\/wp\/v2\/posts"}],"about":[{"href":"https:\/\/www.turistamagazine.com\/v2\/index.php?rest_route=\/wp\/v2\/types\/post"}],"author":[{"embeddable":true,"href":"https:\/\/www.turistamagazine.com\/v2\/index.php?rest_route=\/wp\/v2\/users\/1"}],"replies":[{"embeddable":true,"href":"https:\/\/www.turistamagazine.com\/v2\/index.php?rest_route=%2Fwp%2Fv2%2Fcomments&post=39708"}],"version-history":[{"count":1,"href":"https:\/\/www.turistamagazine.com\/v2\/index.php?rest_route=\/wp\/v2\/posts\/39708\/revisions"}],"predecessor-version":[{"id":39710,"href":"https:\/\/www.turistamagazine.com\/v2\/index.php?rest_route=\/wp\/v2\/posts\/39708\/revisions\/39710"}],"wp:featuredmedia":[{"embeddable":true,"href":"https:\/\/www.turistamagazine.com\/v2\/index.php?rest_route=\/wp\/v2\/media\/39709"}],"wp:attachment":[{"href":"https:\/\/www.turistamagazine.com\/v2\/index.php?rest_route=%2Fwp%2Fv2%2Fmedia&parent=39708"}],"wp:term":[{"taxonomy":"category","embeddable":true,"href":"https:\/\/www.turistamagazine.com\/v2\/index.php?rest_route=%2Fwp%2Fv2%2Fcategories&post=39708"},{"taxonomy":"post_tag","embeddable":true,"href":"https:\/\/www.turistamagazine.com\/v2\/index.php?rest_route=%2Fwp%2Fv2%2Ftags&post=39708"}],"curies":[{"name":"wp","href":"https:\/\/api.w.org\/{rel}","templated":true}]}}