{"id":39671,"date":"2019-03-15T12:11:10","date_gmt":"2019-03-15T17:11:10","guid":{"rendered":"http:\/\/www.turistamagazine.com\/v2\/?p=39671"},"modified":"2019-03-15T12:11:10","modified_gmt":"2019-03-15T17:11:10","slug":"indolencia","status":"publish","type":"post","link":"https:\/\/www.turistamagazine.com\/v2\/?p=39671","title":{"rendered":"INDOLENCIA"},"content":{"rendered":"<p style=\"text-align: justify;\">Por Antero Flores-Araoz*<\/p>\n<p style=\"text-align: justify;\">En varias oportunidades hemos criticado a nuestras autoridades por sus carencias en la atenci\u00f3n de desastres naturales, adem\u00e1s de los ocasionados por obra humana.<\/p>\n<p style=\"text-align: justify;\">Entre los desastres naturales a los\u00a0 que me refiero se encuentran los desbordes de r\u00edos, los huaycos, las inundaciones con interrupci\u00f3n de v\u00edas de comunicaci\u00f3n y destrucci\u00f3n de obra p\u00fablica y privada, sabiendo por lo dem\u00e1s que los estragos que produce el famoso fen\u00f3meno del\u00a0 Ni\u00f1o son c\u00edclicos y recurrentes y, sin olvidar que estamos en zona s\u00edsmica y, que si bien todav\u00eda no hay como detectar con precisi\u00f3n cuando soportaremos nuevos sismos de elevado grado de peligrosidad, si sabemos que ellos se van a producir m\u00e1s temprano que tarde.<\/p>\n<p style=\"text-align: justify;\">Entre los desastres ocasionados por obra humana tenemos la <em><strong><span style=\"color: #000080;\">deforestaci\u00f3n, los estragos de la miner\u00eda ilegal, los relaves expuestos en lugares inadecuados y, sin olvidar, los atentados contra el oleoducto, cada vez m\u00e1s continuos, y ellos por la extorsi\u00f3n de algunos pueblos originarios y nativos, que perforan el oleoducto, causan derrames de enorme da\u00f1o al ecosistema, simplemente para presionar al Estado para obtener prebendas, tanto justas como de las otras.\u00a0 La reacci\u00f3n del Estado es cero, si cero, no hay ning\u00fan detenido y las colectividades de las zonas por las que discurre el oleoducto siguen con su chantaje y acci\u00f3n destructora<\/span><\/strong><\/em>.<\/p>\n<p style=\"text-align: justify;\">Las deficiencias en la reconstrucci\u00f3n del norte, luego del llamado <em><strong><span style=\"color: #000080;\">Ni\u00f1o Costero de hace dos a\u00f1os, son imperdonables, no solo por la falta de acci\u00f3n pese a contarse con los recursos financieros necesarios, sino por no sancionar la normatividad y protocolos por los que se pueda enfrentar la reconstrucci\u00f3n con normas extraordinarias que no pueden ser las de tiempos de tranquilidad.\u00a0 Igual como se requiri\u00f3 leyes para enfrentar el terrorismo sin tantos remilgos, tambi\u00e9n se requiere normatividad extraordinaria cuando hay desastres.<\/span><\/strong><\/em><\/p>\n<p style=\"text-align: justify;\">Pero m\u00e1s all\u00e1 de la improvisaci\u00f3n e ineficiencia de las autoridades en general, excepci\u00f3n hecha de Fuerzas Armadas, Polic\u00eda y Bomberos, para actuar frente a los da\u00f1os ocasionados por los fen\u00f3menos naturales, tenemos tambi\u00e9n la indolencia.\u00a0\u00a0 <em><strong><span style=\"color: #000080;\">Lamentablemente muchos siguen con su diario traj\u00edn y con olvido de la situaci\u00f3n de calamidad, simplemente no les interesa un pito o les interesa muy poco y, lo que ya causa indignaci\u00f3n es cuando se ve simplemente a funcionarios para la foto.\u00a0 Pura hipocres\u00eda.<\/span><\/strong><\/em><\/p>\n<p style=\"text-align: justify;\">Hemos o\u00eddo a autoridades locales clamando por quince d\u00edas o m\u00e1s, el env\u00edo de tractores y, las autoridades superiores encargadas de atender los requerimientos, casi todas padeciendo de <em><strong><span style=\"color: #000080;\">\u201cotitis colectiva\u201d, pero peor, ni solamente no oyen, sino que tampoco deciden ni menos ejecutan, quedaron inm\u00f3viles.<\/span><\/strong><\/em><\/p>\n<p style=\"text-align: justify;\">Incluso causa desasosiego que previ\u00e9ndose m\u00e1s lluvias y huaycos, nuestro Presidente haya preferido los oropeles del reino de Espa\u00f1a y las atenciones de Portugal, que sea dicho de paso no tenemos mayor comercio con \u00e9l, a mostrarse solidario con los damnificados. En fin, como dec\u00eda el Quijote: <em><strong><span style=\"color: #000080;\">\u201cCosas veredes Sancho\u201d<\/span><\/strong><\/em>.<\/p>\n<p style=\"text-align: justify;\">*Prestigioso\u00a0<strong>Abogado y pol\u00edtico peruano. Ex ministro del interior, Ex Senador, Ex congresista, fundador del partido pol\u00edtico ORDEN<\/strong><\/p>\n","protected":false},"excerpt":{"rendered":"<p>Por Antero Flores-Araoz* En varias oportunidades hemos criticado a nuestras autoridades por sus carencias en la atenci\u00f3n de desastres naturales, adem\u00e1s de los ocasionados por obra humana. Entre los desastres naturales a los\u00a0 que me refiero se encuentran los desbordes de r\u00edos, los huaycos, las inundaciones con interrupci\u00f3n de v\u00edas de comunicaci\u00f3n y destrucci\u00f3n de obra p\u00fablica y privada, sabiendo por lo dem\u00e1s que los estragos que produce el famoso fen\u00f3meno del\u00a0 Ni\u00f1o son c\u00edclicos y recurrentes y, sin olvidar que estamos en zona s\u00edsmica y, que si bien todav\u00eda no hay como detectar con precisi\u00f3n cuando soportaremos nuevos sismos&#8230;<\/p>\n","protected":false},"author":1,"featured_media":0,"comment_status":"open","ping_status":"open","sticky":false,"template":"","format":"standard","meta":{"footnotes":""},"categories":[87],"tags":[1956,99,6132,749],"class_list":["post-39671","post","type-post","status-publish","format-standard","hentry","category-actualidad","tag-antero-flores-araoz","tag-elenita-villar","tag-portal-de-noticias-turistamagazine","tag-turistamagazine"],"_links":{"self":[{"href":"https:\/\/www.turistamagazine.com\/v2\/index.php?rest_route=\/wp\/v2\/posts\/39671","targetHints":{"allow":["GET"]}}],"collection":[{"href":"https:\/\/www.turistamagazine.com\/v2\/index.php?rest_route=\/wp\/v2\/posts"}],"about":[{"href":"https:\/\/www.turistamagazine.com\/v2\/index.php?rest_route=\/wp\/v2\/types\/post"}],"author":[{"embeddable":true,"href":"https:\/\/www.turistamagazine.com\/v2\/index.php?rest_route=\/wp\/v2\/users\/1"}],"replies":[{"embeddable":true,"href":"https:\/\/www.turistamagazine.com\/v2\/index.php?rest_route=%2Fwp%2Fv2%2Fcomments&post=39671"}],"version-history":[{"count":1,"href":"https:\/\/www.turistamagazine.com\/v2\/index.php?rest_route=\/wp\/v2\/posts\/39671\/revisions"}],"predecessor-version":[{"id":39672,"href":"https:\/\/www.turistamagazine.com\/v2\/index.php?rest_route=\/wp\/v2\/posts\/39671\/revisions\/39672"}],"wp:attachment":[{"href":"https:\/\/www.turistamagazine.com\/v2\/index.php?rest_route=%2Fwp%2Fv2%2Fmedia&parent=39671"}],"wp:term":[{"taxonomy":"category","embeddable":true,"href":"https:\/\/www.turistamagazine.com\/v2\/index.php?rest_route=%2Fwp%2Fv2%2Fcategories&post=39671"},{"taxonomy":"post_tag","embeddable":true,"href":"https:\/\/www.turistamagazine.com\/v2\/index.php?rest_route=%2Fwp%2Fv2%2Ftags&post=39671"}],"curies":[{"name":"wp","href":"https:\/\/api.w.org\/{rel}","templated":true}]}}