{"id":39668,"date":"2019-03-15T11:57:38","date_gmt":"2019-03-15T16:57:38","guid":{"rendered":"http:\/\/www.turistamagazine.com\/v2\/?p=39668"},"modified":"2019-03-15T11:57:38","modified_gmt":"2019-03-15T16:57:38","slug":"merida-capital-de-yucatan-gana-a-ciudad-de-mexico-ser-sede-del-tianguis-turistico-2020","status":"publish","type":"post","link":"https:\/\/www.turistamagazine.com\/v2\/?p=39668","title":{"rendered":"M\u00c9RIDA, CAPITAL DE YUCAT\u00c1N GANA A CIUDAD DE M\u00c9XICO SER SEDE DEL TIANGUIS TUR\u00cdSTICO 2020"},"content":{"rendered":"<p style=\"text-align: justify;\">15\/03\/2019\/Mexico.-Con 11 votos a favor sobre 12, M\u00e9rida, capital de Yucat\u00e1n, se qued\u00f3 con la sede del Tianguis Tur\u00edstico para el pr\u00f3ximo a\u00f1o tras vencer al DF en la recta final.<\/p>\n<p style=\"text-align: justify;\">As\u00ed lo dio a conocer en una primera instancia el secretario de turismo federal, Miguel Torruco Marqu\u00e9s, gracias a la promoci\u00f3n que recibir\u00e1 M\u00e9rida por organizar la edici\u00f3n n\u00famero 45 del Tianguis, el estado se consolidar\u00e1 como un destino tur\u00edstico que podr\u00e1 crecer en todo el orbe.<\/p>\n<p style=\"text-align: justify;\">Por su parte, el gobernador del estado, Mauricio Vida Dosal, a trav\u00e9s tambi\u00e9n de las redes sociales expres\u00f3 su orgullo por poder ser los anfitriones de este importante evento nacional.<\/p>\n<p style=\"text-align: justify;\">Michelle Fridman, secretaria de turismo de Yucat\u00e1n, tambi\u00e9n hizo lo propio, y escribi\u00f3 en sus redes: <em><strong><span style=\"color: #000080;\">\u201cHonrada de anunciar que Yucat\u00e1n ser\u00e1 sede del Tianguis Tur\u00edstico 2020 en su edici\u00f3n 45. Estoy convencida de que, con el apoyo del Gobernador Mauricio Vida Dosal y del Secretario Miguel Torruco , M\u00e9rida ser\u00e1 el escaparate ideal para mostrar al mundo las bellezas tur\u00edsticas de M\u00e9xico\u201d.<\/span><\/strong><\/em><\/p>\n<p style=\"text-align: justify;\">Este a\u00f1o gracias a la itinerancia de la feria, el Tianguis Tur\u00edstico se estar\u00e1 llevando a cabo en el puerto de Acapulco del 7 al 10 de abril. La feria de turismo de M\u00e9xico naci\u00f3 en Acapulco en 1975 y a partir del a\u00f1o 2012 se volvi\u00f3 itinerante.<\/p>\n","protected":false},"excerpt":{"rendered":"<p>15\/03\/2019\/Mexico.-Con 11 votos a favor sobre 12, M\u00e9rida, capital de Yucat\u00e1n, se qued\u00f3 con la sede del Tianguis Tur\u00edstico para el pr\u00f3ximo a\u00f1o tras vencer al DF en la recta final. As\u00ed lo dio a conocer en una primera instancia el secretario de turismo federal, Miguel Torruco Marqu\u00e9s, gracias a la promoci\u00f3n que recibir\u00e1 M\u00e9rida por organizar la edici\u00f3n n\u00famero 45 del Tianguis, el estado se consolidar\u00e1 como un destino tur\u00edstico que podr\u00e1 crecer en todo el orbe. Por su parte, el gobernador del estado, Mauricio Vida Dosal, a trav\u00e9s tambi\u00e9n de las redes sociales expres\u00f3 su orgullo por poder&#8230;<\/p>\n","protected":false},"author":1,"featured_media":39669,"comment_status":"open","ping_status":"open","sticky":false,"template":"","format":"standard","meta":{"footnotes":""},"categories":[4,84],"tags":[7509,105,7066,6132,8855,749],"class_list":["post-39668","post","type-post","status-publish","format-standard","has-post-thumbnail","hentry","category-breaking-news","category-internacionales","tag-elenita-honores","tag-mexico","tag-miguel-torruco","tag-portal-de-noticias-turistamagazine","tag-tianguis-turistico-2020","tag-turistamagazine"],"_links":{"self":[{"href":"https:\/\/www.turistamagazine.com\/v2\/index.php?rest_route=\/wp\/v2\/posts\/39668","targetHints":{"allow":["GET"]}}],"collection":[{"href":"https:\/\/www.turistamagazine.com\/v2\/index.php?rest_route=\/wp\/v2\/posts"}],"about":[{"href":"https:\/\/www.turistamagazine.com\/v2\/index.php?rest_route=\/wp\/v2\/types\/post"}],"author":[{"embeddable":true,"href":"https:\/\/www.turistamagazine.com\/v2\/index.php?rest_route=\/wp\/v2\/users\/1"}],"replies":[{"embeddable":true,"href":"https:\/\/www.turistamagazine.com\/v2\/index.php?rest_route=%2Fwp%2Fv2%2Fcomments&post=39668"}],"version-history":[{"count":1,"href":"https:\/\/www.turistamagazine.com\/v2\/index.php?rest_route=\/wp\/v2\/posts\/39668\/revisions"}],"predecessor-version":[{"id":39670,"href":"https:\/\/www.turistamagazine.com\/v2\/index.php?rest_route=\/wp\/v2\/posts\/39668\/revisions\/39670"}],"wp:featuredmedia":[{"embeddable":true,"href":"https:\/\/www.turistamagazine.com\/v2\/index.php?rest_route=\/wp\/v2\/media\/39669"}],"wp:attachment":[{"href":"https:\/\/www.turistamagazine.com\/v2\/index.php?rest_route=%2Fwp%2Fv2%2Fmedia&parent=39668"}],"wp:term":[{"taxonomy":"category","embeddable":true,"href":"https:\/\/www.turistamagazine.com\/v2\/index.php?rest_route=%2Fwp%2Fv2%2Fcategories&post=39668"},{"taxonomy":"post_tag","embeddable":true,"href":"https:\/\/www.turistamagazine.com\/v2\/index.php?rest_route=%2Fwp%2Fv2%2Ftags&post=39668"}],"curies":[{"name":"wp","href":"https:\/\/api.w.org\/{rel}","templated":true}]}}