{"id":39661,"date":"2019-03-15T11:26:22","date_gmt":"2019-03-15T16:26:22","guid":{"rendered":"http:\/\/www.turistamagazine.com\/v2\/?p=39661"},"modified":"2019-03-15T11:27:20","modified_gmt":"2019-03-15T16:27:20","slug":"luna-llena-de-gusano-deslumbrara-al-mundo-y-sera-la-ultima-superluna-2019","status":"publish","type":"post","link":"https:\/\/www.turistamagazine.com\/v2\/?p=39661","title":{"rendered":"LUNA \u00abLLENA\u00bb DE GUSANO\u00a0 DESLUMBRAR\u00c1 AL MUNDO Y SER\u00c1 LA \u00daLTIMA SUPERLUNA 2019"},"content":{"rendered":"<p style=\"text-align: justify;\">15\/03\/2019\/ Mundo.-<em><strong><span style=\"color: #000080;\">La \u00faltima superluna del a\u00f1o llegar\u00e1 este jueves 21 de marzo. Coincide con el equinoccio de primavera\u2026 La luna se ver\u00e1 m\u00e1s grande y brillante de lo usual.<\/span><\/strong><\/em><\/p>\n<p style=\"text-align: justify;\">\u00a1La llegada de marzo trae <em><strong><span style=\"color: #000080;\">\u00abla luna llena de gusano\u00bb<\/span><\/strong><\/em> Ser\u00e1 la \u00faltima del 2019.<\/p>\n<p style=\"text-align: justify;\">La \u00faltima superluna del a\u00f1o llegar\u00e1 este jueves 21 de marzo. Coincide con el equinoccio de primavera en los pa\u00edses del hemisferio norte y con la llegada del oto\u00f1o en el sur. La luna se ver\u00e1 m\u00e1s grande y brillante de lo usual.<\/p>\n<p style=\"text-align: justify;\">La primavera y el oto\u00f1o ser\u00e1n c\u00e1lidamente recibidos con la superluna de gusano. As\u00ed, durante la noche del 20 de marzo la luna entrar\u00e1 en su fase de luna llena y se apreciar\u00e1 un 10% m\u00e1s grande y brillante de lo usual.<\/p>\n<p style=\"text-align: justify;\">Entrar\u00e1 en dicha fase a las 02:44 del d\u00eda 21, cuatro horas despu\u00e9s de la llegada del equinoccio.<\/p>\n<p style=\"text-align: justify;\"><em><strong><span style=\"color: #000080;\">\u00bfPor qu\u00e9 se llama superluna de gusano?<\/span><\/strong><\/em><\/p>\n<p style=\"text-align: justify;\"><em><strong><span style=\"color: #000080;\">Las diferentes superluna y lunas llenas reciben nombres asociados con el momento en el que suceden. Aunque la designaci\u00f3n oficial solamente es luna llena de marzo, en la cultura popular del hemisferio norte recibe el nombre de \u00abluna llena de gusano\u00bb, ya que es el momento en el que el suelo empieza a descongelarse y aparecen \u00ablombrices\u00bb. Los indios americanos tambi\u00e9n le llamaban \u201cluna cuervo\u201d, pues coincid\u00eda con el graznido de los cuervos, que estos animales realizan para despedir el invierno y anunciar la primavera.<\/span><\/strong><\/em><\/p>\n<p style=\"text-align: justify;\">D\u00f3nde ver Superluna de marzo o de gusano a trav\u00e9s de YouTube<\/p>\n<p style=\"text-align: justify;\"><em><strong><span style=\"color: #000080;\">\u00bfQu\u00e9 significa Superluna?<\/span><\/strong><\/em><\/p>\n<p style=\"text-align: justify;\">Cuando la Luna est\u00e1 m\u00e1s pr\u00f3xima a la Tierra y se encuentra en su estado <em><strong><span style=\"color: #000080;\">\u00ablleno<\/span><\/strong><\/em>\u00ab, se dice que se produce una Superluna 2019. Seg\u00fan los astr\u00f3nomos, este acontecimiento se da cuando la sombra de nuestro planeta se proyecta sobre la superficie lunar. <em><strong><span style=\"color: #000080;\">La comunidad cient\u00edfica llama perigeo-sicigia a este hecho.<\/span><\/strong><\/em><\/p>\n<p style=\"text-align: justify;\">Este fen\u00f3meno natural asombra a cientos de personas al rededor del mundo entero. En diversas partes del globo miles de familia utilizan acontecimientos como estos para poder disfrutar de un momento \u00edntimo entre los suyos.<\/p>\n<p style=\"text-align: justify;\">Los planetarios son utilizados tambi\u00e9n como lugares de atracci\u00f3n para la mejor apreciaci\u00f3n del fen\u00f3meno lunar que se ver\u00e1 este a\u00f1o. Sin embargo, gracias a las redes sociales muchos tendr\u00e1n la oportunidad de ver la super luna de gusano 2019 sin tener que salir de su casa.<\/p>\n<p>F\/La Rep\u00fablica<\/p>\n","protected":false},"excerpt":{"rendered":"<p>15\/03\/2019\/ Mundo.-La \u00faltima superluna del a\u00f1o llegar\u00e1 este jueves 21 de marzo. Coincide con el equinoccio de primavera\u2026 La luna se ver\u00e1 m\u00e1s grande y brillante de lo usual. \u00a1La llegada de marzo trae \u00abla luna llena de gusano\u00bb Ser\u00e1 la \u00faltima del 2019. La \u00faltima superluna del a\u00f1o llegar\u00e1 este jueves 21 de marzo. Coincide con el equinoccio de primavera en los pa\u00edses del hemisferio norte y con la llegada del oto\u00f1o en el sur. La luna se ver\u00e1 m\u00e1s grande y brillante de lo usual. La primavera y el oto\u00f1o ser\u00e1n c\u00e1lidamente recibidos con la superluna de gusano&#8230;.<\/p>\n","protected":false},"author":1,"featured_media":39663,"comment_status":"open","ping_status":"open","sticky":false,"template":"","format":"standard","meta":{"footnotes":""},"categories":[7364],"tags":[7509,8852,8853,6132,5159,749],"class_list":["post-39661","post","type-post","status-publish","format-standard","has-post-thumbnail","hentry","category-de-interes","tag-elenita-honores","tag-luna-llena-de-gusano","tag-perigeo-sicigia","tag-portal-de-noticias-turistamagazine","tag-superluna","tag-turistamagazine"],"_links":{"self":[{"href":"https:\/\/www.turistamagazine.com\/v2\/index.php?rest_route=\/wp\/v2\/posts\/39661","targetHints":{"allow":["GET"]}}],"collection":[{"href":"https:\/\/www.turistamagazine.com\/v2\/index.php?rest_route=\/wp\/v2\/posts"}],"about":[{"href":"https:\/\/www.turistamagazine.com\/v2\/index.php?rest_route=\/wp\/v2\/types\/post"}],"author":[{"embeddable":true,"href":"https:\/\/www.turistamagazine.com\/v2\/index.php?rest_route=\/wp\/v2\/users\/1"}],"replies":[{"embeddable":true,"href":"https:\/\/www.turistamagazine.com\/v2\/index.php?rest_route=%2Fwp%2Fv2%2Fcomments&post=39661"}],"version-history":[{"count":1,"href":"https:\/\/www.turistamagazine.com\/v2\/index.php?rest_route=\/wp\/v2\/posts\/39661\/revisions"}],"predecessor-version":[{"id":39662,"href":"https:\/\/www.turistamagazine.com\/v2\/index.php?rest_route=\/wp\/v2\/posts\/39661\/revisions\/39662"}],"wp:featuredmedia":[{"embeddable":true,"href":"https:\/\/www.turistamagazine.com\/v2\/index.php?rest_route=\/wp\/v2\/media\/39663"}],"wp:attachment":[{"href":"https:\/\/www.turistamagazine.com\/v2\/index.php?rest_route=%2Fwp%2Fv2%2Fmedia&parent=39661"}],"wp:term":[{"taxonomy":"category","embeddable":true,"href":"https:\/\/www.turistamagazine.com\/v2\/index.php?rest_route=%2Fwp%2Fv2%2Fcategories&post=39661"},{"taxonomy":"post_tag","embeddable":true,"href":"https:\/\/www.turistamagazine.com\/v2\/index.php?rest_route=%2Fwp%2Fv2%2Ftags&post=39661"}],"curies":[{"name":"wp","href":"https:\/\/api.w.org\/{rel}","templated":true}]}}