{"id":39508,"date":"2019-03-01T16:24:00","date_gmt":"2019-03-01T21:24:00","guid":{"rendered":"http:\/\/www.turistamagazine.com\/v2\/?p=39508"},"modified":"2019-03-01T16:24:00","modified_gmt":"2019-03-01T21:24:00","slug":"con-su-campana-yo-voy-colombia-suena-con-sumar-un-millon-de-nuevos-viajeros-domesticos-cada-ano","status":"publish","type":"post","link":"https:\/\/www.turistamagazine.com\/v2\/?p=39508","title":{"rendered":"\u00a0CON SU CAMPA\u00d1A \u201cYo Voy\u201d \u00a0COLOMBIA SUE\u00d1A CON SUMAR UN MILL\u00d3N DE NUEVOS VIAJEROS DOM\u00c9STICOS CADA A\u00d1O"},"content":{"rendered":"<p style=\"text-align: justify;\">1\u00b0\/03\/2019\/ Bogot\u00e1.-El gobierno de Iv\u00e1n Duque ha lanzado la campa\u00f1a <span style=\"color: #000080;\"><strong><em>\u201cYo Voy\u201d<\/em><\/strong><\/span> para instalar el chip del viaje en la cabeza de los colombianos; para incentivarlos se est\u00e1n pensando l\u00edneas de cr\u00e9ditos con componentes blandos. La intenci\u00f3n es lograr que se tomen vacaciones <em><strong><span style=\"color: #000080;\">\u201cpor lo menos una vez al a\u00f1o\u201d<\/span> <\/strong><\/em>y aprovechar los precios de las temporadas bajas.<\/p>\n<p style=\"text-align: justify;\">Colombia cuenta con una capacidad hotelera en crecimiento pero con una <span style=\"color: #000080;\"><strong><em>\u201cmarcad\u00edsima estacionalidad\u201d<\/em><\/strong>,<\/span> con meses donde <span style=\"color: #000080;\"><strong><em>\u201csufren ocupaciones muy bajas, que muchas veces no permiten ni mantener los niveles de contrataci\u00f3n de su personal\u201d<\/em><\/strong><\/span>, coment\u00f3 Juan Pablo Franky, Viceministro de Turismo, afirmando que con la campa\u00f1a <span style=\"color: #000080;\"><strong><em>\u201clo que queremos es que haya ocupaci\u00f3n todo el a\u00f1o\u201d.<\/em><\/strong><\/span><\/p>\n<p style=\"text-align: justify;\">El ministro de Comercio, Industria y Turismo, Jos\u00e9 Manuel Restrepo, dijo en rueda de prensa que la campa\u00f1a <span style=\"color: #000080;\"><strong><em>\u201ces para que todos los colombianos podamos ir a los distintos destinos tur\u00edsticos tradicionales del pa\u00eds, y aprovechar el arco iris de oportunidades que tiene Colombia. Entendemos que un camino para lograrlo puede ser este componente de cr\u00e9dito blando, tanto en plazo como en tasa\u201d.<\/em><\/strong><\/span><\/p>\n<p style=\"text-align: justify;\">Sucede, como ha explicado Franky que <span style=\"color: #000080;\"><strong><em>\u201clos colombianos todav\u00eda no viajamos. No logramos que el turismo sea una actividad recurrente, no la tenemos dentro de nuestra planeaci\u00f3n o ejecuci\u00f3n econ\u00f3mica anual. Entonces el viaje se vuelve algo que no est\u00e1 presente en muchas familias o se hace cada 3 o 4 a\u00f1os. Lo que queremos es combatir los dos principios fundamentales que limitanlos viajes: no tengo plata y no tengo tiempo\u201d.<\/em><\/strong><\/span><\/p>\n<p style=\"text-align: justify;\">Para eso, se ha propuesto el ministro \u00a0Restrepo, hay que lograr que <span style=\"color: #000080;\"><strong><em>\u00abviajar se convierta en una parte del gasto de la canasta familiar\u00bb del colombiano.<\/em><\/strong><\/span><\/p>\n<p>Foto cuenta oficial de Twitter: @jpfrankym<\/p>\n","protected":false},"excerpt":{"rendered":"<p>1\u00b0\/03\/2019\/ Bogot\u00e1.-El gobierno de Iv\u00e1n Duque ha lanzado la campa\u00f1a \u201cYo Voy\u201d para instalar el chip del viaje en la cabeza de los colombianos; para incentivarlos se est\u00e1n pensando l\u00edneas de cr\u00e9ditos con componentes blandos. La intenci\u00f3n es lograr que se tomen vacaciones \u201cpor lo menos una vez al a\u00f1o\u201d y aprovechar los precios de las temporadas bajas. Colombia cuenta con una capacidad hotelera en crecimiento pero con una \u201cmarcad\u00edsima estacionalidad\u201d, con meses donde \u201csufren ocupaciones muy bajas, que muchas veces no permiten ni mantener los niveles de contrataci\u00f3n de su personal\u201d, coment\u00f3 Juan Pablo Franky, Viceministro de Turismo, afirmando&#8230;<\/p>\n","protected":false},"author":1,"featured_media":39509,"comment_status":"open","ping_status":"open","sticky":false,"template":"","format":"standard","meta":{"footnotes":""},"categories":[4,84],"tags":[8834,206,7471,6805,749,5078],"class_list":["post-39508","post","type-post","status-publish","format-standard","has-post-thumbnail","hentry","category-breaking-news","category-internacionales","tag-campana-yo-voy","tag-colombia","tag-elenita-villar-asesora-de-tesis-en-turismo","tag-feinpretudi","tag-turistamagazine","tag-ver-todos"],"_links":{"self":[{"href":"https:\/\/www.turistamagazine.com\/v2\/index.php?rest_route=\/wp\/v2\/posts\/39508","targetHints":{"allow":["GET"]}}],"collection":[{"href":"https:\/\/www.turistamagazine.com\/v2\/index.php?rest_route=\/wp\/v2\/posts"}],"about":[{"href":"https:\/\/www.turistamagazine.com\/v2\/index.php?rest_route=\/wp\/v2\/types\/post"}],"author":[{"embeddable":true,"href":"https:\/\/www.turistamagazine.com\/v2\/index.php?rest_route=\/wp\/v2\/users\/1"}],"replies":[{"embeddable":true,"href":"https:\/\/www.turistamagazine.com\/v2\/index.php?rest_route=%2Fwp%2Fv2%2Fcomments&post=39508"}],"version-history":[{"count":1,"href":"https:\/\/www.turistamagazine.com\/v2\/index.php?rest_route=\/wp\/v2\/posts\/39508\/revisions"}],"predecessor-version":[{"id":39510,"href":"https:\/\/www.turistamagazine.com\/v2\/index.php?rest_route=\/wp\/v2\/posts\/39508\/revisions\/39510"}],"wp:featuredmedia":[{"embeddable":true,"href":"https:\/\/www.turistamagazine.com\/v2\/index.php?rest_route=\/wp\/v2\/media\/39509"}],"wp:attachment":[{"href":"https:\/\/www.turistamagazine.com\/v2\/index.php?rest_route=%2Fwp%2Fv2%2Fmedia&parent=39508"}],"wp:term":[{"taxonomy":"category","embeddable":true,"href":"https:\/\/www.turistamagazine.com\/v2\/index.php?rest_route=%2Fwp%2Fv2%2Fcategories&post=39508"},{"taxonomy":"post_tag","embeddable":true,"href":"https:\/\/www.turistamagazine.com\/v2\/index.php?rest_route=%2Fwp%2Fv2%2Ftags&post=39508"}],"curies":[{"name":"wp","href":"https:\/\/api.w.org\/{rel}","templated":true}]}}