{"id":39337,"date":"2019-02-12T17:49:19","date_gmt":"2019-02-12T22:49:19","guid":{"rendered":"http:\/\/www.turistamagazine.com\/v2\/?p=39337"},"modified":"2019-02-12T17:50:40","modified_gmt":"2019-02-12T22:50:40","slug":"viva-air-con-campana-de-tarifas-desde-4-99-por-tramo-solo-por-cuatro-dias","status":"publish","type":"post","link":"https:\/\/www.turistamagazine.com\/v2\/?p=39337","title":{"rendered":"VIVA AIR CON CAMPA\u00d1A DE TARIFAS DESDE $ 4.99\u00a0 POR TRAMO \u00a0SOLO POR CUATRO D\u00cdAS"},"content":{"rendered":"<p style=\"text-align: justify;\">12\/02\/2019\/ Lima.- Viva Air una campa\u00f1a con una tarifa promocional que regir\u00e1 desde el 11 hasta el 14 de febrero para adquirir pasajes desde US$ 4.99 (S\/ 18) a fin de volar a cinco destinos nacionales entre el 4 de marzo y el 30 de junio de este a\u00f1o.<\/p>\n<p style=\"text-align: justify;\">F\u00e9lix Antelo, CEO de Viva Air, coment\u00f3 que ante la competencia \u00a0de Sky\u00a0 en vuelos nacionales la estrategia estar\u00e1 basada en enfocarse en la reducci\u00f3n de sus costos.<\/p>\n<p style=\"text-align: justify;\"><em><strong><span style=\"color: #000080;\">\u00abNo puedo hablar por un competidor, lo que s\u00ed le puedo decir es que Viva Air tiene los costos m\u00e1s bajos de la regi\u00f3n, entonces que entre un competidor con precios m\u00e1s bajos que Viva lo veo dif\u00edcil porque no ser\u00eda rentable su modelo de negocio. El foco nuestro es c\u00f3mo seguir bajando los costos \u00ab<\/span><\/strong><\/em>.<\/p>\n<p style=\"text-align: justify;\">Antelo\u00a0 precis\u00f3 que es \u00abmuy dif\u00edcil\u00bb que los precios de los pasajes se reduzcan a\u00fan m\u00e1s producto de la competencia.<\/p>\n<p style=\"text-align: justify;\"><strong><span style=\"color: #000080;\"><em>\u00abEso no lo puedo comentar ahora (posible reducci\u00f3n de los precios de los pasajes) porque va a depender del mercado y la competencia. Creo que las tarifas est\u00e1n en un punto muy bajo en Per\u00fa, ahora no te puedo decir que no van a bajar m\u00e1s (los pasajes) porque eso va a depender de c\u00f3mo evoluciona el mercado. Entre 60% y 70% de una tarifa promocional son impuestos y tasas aeroportuarias, por lo que a la compa\u00f1\u00eda le queda el 30%. Entonces seguir bajando (el precio de los pasajes) sobre eso, es muy dif\u00edcil\u00bb<\/em><\/span><\/strong>, concluyo.<\/p>\n","protected":false},"excerpt":{"rendered":"<p>12\/02\/2019\/ Lima.- Viva Air una campa\u00f1a con una tarifa promocional que regir\u00e1 desde el 11 hasta el 14 de febrero para adquirir pasajes desde US$ 4.99 (S\/ 18) a fin de volar a cinco destinos nacionales entre el 4 de marzo y el 30 de junio de este a\u00f1o. F\u00e9lix Antelo, CEO de Viva Air, coment\u00f3 que ante la competencia \u00a0de Sky\u00a0 en vuelos nacionales la estrategia estar\u00e1 basada en enfocarse en la reducci\u00f3n de sus costos. \u00abNo puedo hablar por un competidor, lo que s\u00ed le puedo decir es que Viva Air tiene los costos m\u00e1s bajos de la&#8230;<\/p>\n","protected":false},"author":1,"featured_media":35076,"comment_status":"open","ping_status":"open","sticky":false,"template":"","format":"standard","meta":{"footnotes":""},"categories":[4,82],"tags":[4583,624,6132,749,6859],"class_list":["post-39337","post","type-post","status-publish","format-standard","has-post-thumbnail","hentry","category-breaking-news","category-nacionales","tag-aerolineas-low-cost","tag-felix-antelo","tag-portal-de-noticias-turistamagazine","tag-turistamagazine","tag-viva-air-peru"],"_links":{"self":[{"href":"https:\/\/www.turistamagazine.com\/v2\/index.php?rest_route=\/wp\/v2\/posts\/39337","targetHints":{"allow":["GET"]}}],"collection":[{"href":"https:\/\/www.turistamagazine.com\/v2\/index.php?rest_route=\/wp\/v2\/posts"}],"about":[{"href":"https:\/\/www.turistamagazine.com\/v2\/index.php?rest_route=\/wp\/v2\/types\/post"}],"author":[{"embeddable":true,"href":"https:\/\/www.turistamagazine.com\/v2\/index.php?rest_route=\/wp\/v2\/users\/1"}],"replies":[{"embeddable":true,"href":"https:\/\/www.turistamagazine.com\/v2\/index.php?rest_route=%2Fwp%2Fv2%2Fcomments&post=39337"}],"version-history":[{"count":4,"href":"https:\/\/www.turistamagazine.com\/v2\/index.php?rest_route=\/wp\/v2\/posts\/39337\/revisions"}],"predecessor-version":[{"id":39341,"href":"https:\/\/www.turistamagazine.com\/v2\/index.php?rest_route=\/wp\/v2\/posts\/39337\/revisions\/39341"}],"wp:featuredmedia":[{"embeddable":true,"href":"https:\/\/www.turistamagazine.com\/v2\/index.php?rest_route=\/wp\/v2\/media\/35076"}],"wp:attachment":[{"href":"https:\/\/www.turistamagazine.com\/v2\/index.php?rest_route=%2Fwp%2Fv2%2Fmedia&parent=39337"}],"wp:term":[{"taxonomy":"category","embeddable":true,"href":"https:\/\/www.turistamagazine.com\/v2\/index.php?rest_route=%2Fwp%2Fv2%2Fcategories&post=39337"},{"taxonomy":"post_tag","embeddable":true,"href":"https:\/\/www.turistamagazine.com\/v2\/index.php?rest_route=%2Fwp%2Fv2%2Ftags&post=39337"}],"curies":[{"name":"wp","href":"https:\/\/api.w.org\/{rel}","templated":true}]}}