{"id":39318,"date":"2019-02-11T13:02:30","date_gmt":"2019-02-11T18:02:30","guid":{"rendered":"http:\/\/www.turistamagazine.com\/v2\/?p=39318"},"modified":"2019-02-11T13:03:41","modified_gmt":"2019-02-11T18:03:41","slug":"puno-venera-hoy-a-la-virgen-de-la-candelaria-con-gran-devocion-y-danzas","status":"publish","type":"post","link":"https:\/\/www.turistamagazine.com\/v2\/?p=39318","title":{"rendered":"PUNO VENERA HOY A LA VIRGEN DE LA CANDELARIA CON GRAN DEVOCI\u00d3N Y DANZAS"},"content":{"rendered":"<p style=\"text-align: center;\">\u00a0<em><strong><span style=\"color: #000080;\">Gobierno regional declar\u00f3 el 11 y 12 de febrero d\u00edas no laborables recuperables<\/span><\/strong><\/em><\/p>\n<p style=\"text-align: justify;\">11\/02\/2019\/Puno.-Puno se volcar\u00e1 hoy a las calles para venerar a su patrona, la Virgen de la Candelaria, como parte de la festividad declarada Patrimonio Cultural Inmaterial de la Humanidad por la Unesco, y para ello, el gobierno regional declar\u00f3 el 11 y 12 de febrero d\u00edas no laborables recuperables.<\/p>\n<p style=\"text-align: justify;\">Desde las 8:00 horas, se llevar\u00e1 a cabo la tradicional Parada y Veneraci\u00f3n en honor a la Mamita Candelaria por las principales arterias de la ciudad de Puno, en un recorrido de m\u00e1s de 3 kil\u00f3metros.<\/p>\n<p style=\"text-align: justify;\">Durante el recorrido, las delegaciones pasan por el santuario de la Virgen de la Candelaria, cuya imagen fue colocada desde muy temprano en los exteriores para recibir los homenajes.<\/p>\n<p style=\"text-align: justify;\">La parada y veneraci\u00f3n abarcar\u00e1 las avenidas Costanera, La Torre y Lima, as\u00ed como los jirones Lampa y Pardo (ver mapa de recorrido).<\/p>\n<p style=\"text-align: justify;\"><span style=\"color: #000080;\"><em><strong>Participaci\u00f3n<\/strong><\/em><\/span><\/p>\n<p style=\"text-align: justify;\">Para que la poblaci\u00f3n pueda participar en forma masiva, el Gobierno Regional de Puno declar\u00f3 d\u00edas no laborables recuperables el lunes 11 y el martes 12 de febrero en la Ciudad del Lago.<\/p>\n<p style=\"text-align: justify;\">Encarg\u00f3 a la Oficina de Recursos Humanos de la sede central del gobierno pune\u00f1o y a los que hagan sus veces en la administraci\u00f3n p\u00fablica, el cumplimiento de la recuperaci\u00f3n de las 16 horas de los d\u00edas no laborados.<\/p>\n<p style=\"text-align: justify;\">En el sector privado, podr\u00e1n acogerse a la medida, previo acuerdo entre el empleador y sus trabajadores de c\u00f3mo se har\u00e1 efectiva la recuperaci\u00f3n de las horas dejadas de laborar.<\/p>\n<p style=\"text-align: justify;\">La Festividad de la Virgen de la Candelaria es una celebraci\u00f3n que muestra la diversidad cultural del Per\u00fa en su m\u00e1ximo esplendor; es la expresi\u00f3n religiosa y cultural m\u00e1s importante del pa\u00eds.<\/p>\n<p style=\"text-align: justify;\">Se trata de una manifestaci\u00f3n de sincretismo religioso que vincula la fe cat\u00f3lica y los elementos simb\u00f3licos de la cosmovisi\u00f3n andina. Conozca aqu\u00ed m\u00e1s sobre esta festividad \u00fanica.<\/p>\n","protected":false},"excerpt":{"rendered":"<p>\u00a0Gobierno regional declar\u00f3 el 11 y 12 de febrero d\u00edas no laborables recuperables 11\/02\/2019\/Puno.-Puno se volcar\u00e1 hoy a las calles para venerar a su patrona, la Virgen de la Candelaria, como parte de la festividad declarada Patrimonio Cultural Inmaterial de la Humanidad por la Unesco, y para ello, el gobierno regional declar\u00f3 el 11 y 12 de febrero d\u00edas no laborables recuperables. Desde las 8:00 horas, se llevar\u00e1 a cabo la tradicional Parada y Veneraci\u00f3n en honor a la Mamita Candelaria por las principales arterias de la ciudad de Puno, en un recorrido de m\u00e1s de 3 kil\u00f3metros. Durante el&#8230;<\/p>\n","protected":false},"author":1,"featured_media":0,"comment_status":"open","ping_status":"open","sticky":false,"template":"","format":"standard","meta":{"footnotes":""},"categories":[4,82],"tags":[8809,215,330,749,5078],"class_list":["post-39318","post","type-post","status-publish","format-standard","hentry","category-breaking-news","category-nacionales","tag-festividad-de-la-virgen-de-la-candelaria","tag-puno","tag-turismo-en-el-peru","tag-turistamagazine","tag-ver-todos"],"_links":{"self":[{"href":"https:\/\/www.turistamagazine.com\/v2\/index.php?rest_route=\/wp\/v2\/posts\/39318","targetHints":{"allow":["GET"]}}],"collection":[{"href":"https:\/\/www.turistamagazine.com\/v2\/index.php?rest_route=\/wp\/v2\/posts"}],"about":[{"href":"https:\/\/www.turistamagazine.com\/v2\/index.php?rest_route=\/wp\/v2\/types\/post"}],"author":[{"embeddable":true,"href":"https:\/\/www.turistamagazine.com\/v2\/index.php?rest_route=\/wp\/v2\/users\/1"}],"replies":[{"embeddable":true,"href":"https:\/\/www.turistamagazine.com\/v2\/index.php?rest_route=%2Fwp%2Fv2%2Fcomments&post=39318"}],"version-history":[{"count":1,"href":"https:\/\/www.turistamagazine.com\/v2\/index.php?rest_route=\/wp\/v2\/posts\/39318\/revisions"}],"predecessor-version":[{"id":39319,"href":"https:\/\/www.turistamagazine.com\/v2\/index.php?rest_route=\/wp\/v2\/posts\/39318\/revisions\/39319"}],"wp:attachment":[{"href":"https:\/\/www.turistamagazine.com\/v2\/index.php?rest_route=%2Fwp%2Fv2%2Fmedia&parent=39318"}],"wp:term":[{"taxonomy":"category","embeddable":true,"href":"https:\/\/www.turistamagazine.com\/v2\/index.php?rest_route=%2Fwp%2Fv2%2Fcategories&post=39318"},{"taxonomy":"post_tag","embeddable":true,"href":"https:\/\/www.turistamagazine.com\/v2\/index.php?rest_route=%2Fwp%2Fv2%2Ftags&post=39318"}],"curies":[{"name":"wp","href":"https:\/\/api.w.org\/{rel}","templated":true}]}}