{"id":39083,"date":"2019-01-25T12:08:25","date_gmt":"2019-01-25T17:08:25","guid":{"rendered":"http:\/\/www.turistamagazine.com\/v2\/?p=39083"},"modified":"2019-01-25T12:08:25","modified_gmt":"2019-01-25T17:08:25","slug":"peru-invita-a-viajeros-del-mundo-a-descubrir-su-nor-amazonia","status":"publish","type":"post","link":"https:\/\/www.turistamagazine.com\/v2\/?p=39083","title":{"rendered":"PER\u00da INVITA A VIAJEROS DEL MUNDO A DESCUBRIR SU NOR AMAZON\u00cdA"},"content":{"rendered":"<p style=\"text-align: justify;\">25\/01\/ 2019\/Lima.-.- El Per\u00fa viene alcanzado una destacada participaci\u00f3n en la principal Feria Internacional de Turismo de Iberoam\u00e9rica (Fitur), la cual se desarrolla hasta el pr\u00f3ximo 27 de enero en la ciudad de Madrid (Espa\u00f1a), inform\u00f3 el Ministerio de Comercio Exterior y Turismo (Mincetur).<\/p>\n<p style=\"text-align: justify;\"><em><strong><span style=\"color: #000080;\">La viceministra de Turismo, Liz Chirinos, se\u00f1al\u00f3 que en este evento el Per\u00fa presenta a las empresas de turismo, profesionales y p\u00fablico asistente, de m\u00e1s de 165 pa\u00edses y regiones del mundo,\u00a0 la belleza de su Nor Amazonia, as\u00ed como sus diferentes circuitos tur\u00edsticos y las rutas gastron\u00f3micas en el norte peruano.<\/span><\/strong><\/em><\/p>\n<p style=\"text-align: justify;\">\u201cEstamos promocionando nuestras zonas a\u00fan poco exploradas por los viajeros: el Per\u00fa Nor Amaz\u00f3nico, con especial \u00e9nfasis en los segmentos de aventura, naturaleza, cultura y gastronom\u00eda. Adem\u00e1s, a trav\u00e9s de\u00a0 Promper\u00fa, presentamos los diferentes circuitos tur\u00edsticos y rutas gastron\u00f3micas del norte peruano\u201d, indic\u00f3.<\/p>\n<p style=\"text-align: justify;\">En este evento, el Per\u00fa exhibe un stand que viene logrando una importante asistencia. La tem\u00e1tica gira entorno a la campa\u00f1a internacional \u2018Per\u00fa, el pa\u00eds m\u00e1s rico del mundo\u2019, que busca captar la atenci\u00f3n internacional por la riqueza que ofrece el pa\u00eds en relaci\u00f3n a experiencias invaluables de viaje.<\/p>\n<p style=\"text-align: justify;\"><em><strong><span style=\"color: #000080;\">As\u00ed se presenta una barra gastron\u00f3mica, c\u00f3cteles en base a pisco, as\u00ed como productos de realidad virtual sobre las L\u00edneas de Nazca, la ciudadela de Choquequirao, las dunas de Ica, los chamanes de Per\u00fa; y la recreaci\u00f3n de una vivienda t\u00edpica de Ku\u00e9lap, principal atractivo del Per\u00fa noramaz\u00f3nico, donde se puede conocer sobre el estilo de vida de los antiguos Chachapoyas.<\/span><\/strong><\/em><\/p>\n<p style=\"text-align: justify;\">\u201cEl Per\u00fa es el pa\u00eds m\u00e1s rico del mundo. Tenemos un pa\u00eds bendecido con un patrimonio \u00fanico. Los invitamos a conocer y enamorarse del Per\u00fa\u201d, se\u00f1al\u00f3 la viceministra Chirinos.<\/p>\n<p style=\"text-align: justify;\">Como se recuerda Fitur es un importante foro de negocios de la industria mundial del turismo. Seg\u00fan los organizadores del evento en esta edici\u00f3n se cuenta con la participaci\u00f3n de 886 expositores y m\u00e1s de 10.487 empresas.<\/p>\n<p style=\"text-align: justify;\">IMPORTANTE<\/p>\n<p style=\"text-align: justify;\"><strong><em><span style=\"color: #000080;\">La delegaci\u00f3n peruana inici\u00f3 su participaci\u00f3n en Fitur 2019\u00a0 recibiendo el premio \u201cExcelencias\u201d por la campa\u00f1a de Marca Per\u00fa llamada Capitanes, donde particip\u00f3 el chef peruano Virgilio Mart\u00ednez y su par ruso Vladimir Mukhin, due\u00f1o de la cadena de restaurantes m\u00e1s importante de Rusia.\u00a0 Esta campa\u00f1a se realiz\u00f3 en el marco de la Copa Mundial de la FIFA Rusia 2018<\/span><\/em><\/strong><\/p>\n<p style=\"text-align: justify;\">Alrededor de 20 empresas peruanas de turismo sostendr\u00e1n diversas reuniones de trabajo con los principales tour operadores y l\u00edneas a\u00e9reas asistentes al evento. Se espera alcanzar un potencial de negocio de US$ 13,5 millones.<\/p>\n","protected":false},"excerpt":{"rendered":"<p>25\/01\/ 2019\/Lima.-.- El Per\u00fa viene alcanzado una destacada participaci\u00f3n en la principal Feria Internacional de Turismo de Iberoam\u00e9rica (Fitur), la cual se desarrolla hasta el pr\u00f3ximo 27 de enero en la ciudad de Madrid (Espa\u00f1a), inform\u00f3 el Ministerio de Comercio Exterior y Turismo (Mincetur). La viceministra de Turismo, Liz Chirinos, se\u00f1al\u00f3 que en este evento el Per\u00fa presenta a las empresas de turismo, profesionales y p\u00fablico asistente, de m\u00e1s de 165 pa\u00edses y regiones del mundo,\u00a0 la belleza de su Nor Amazonia, as\u00ed como sus diferentes circuitos tur\u00edsticos y las rutas gastron\u00f3micas en el norte peruano. \u201cEstamos promocionando nuestras zonas&#8230;<\/p>\n","protected":false},"author":1,"featured_media":39084,"comment_status":"open","ping_status":"open","sticky":false,"template":"","format":"standard","meta":{"footnotes":""},"categories":[4,82],"tags":[99,340,6132,330,749],"class_list":["post-39083","post","type-post","status-publish","format-standard","has-post-thumbnail","hentry","category-breaking-news","category-nacionales","tag-elenita-villar","tag-peru","tag-portal-de-noticias-turistamagazine","tag-turismo-en-el-peru","tag-turistamagazine"],"_links":{"self":[{"href":"https:\/\/www.turistamagazine.com\/v2\/index.php?rest_route=\/wp\/v2\/posts\/39083","targetHints":{"allow":["GET"]}}],"collection":[{"href":"https:\/\/www.turistamagazine.com\/v2\/index.php?rest_route=\/wp\/v2\/posts"}],"about":[{"href":"https:\/\/www.turistamagazine.com\/v2\/index.php?rest_route=\/wp\/v2\/types\/post"}],"author":[{"embeddable":true,"href":"https:\/\/www.turistamagazine.com\/v2\/index.php?rest_route=\/wp\/v2\/users\/1"}],"replies":[{"embeddable":true,"href":"https:\/\/www.turistamagazine.com\/v2\/index.php?rest_route=%2Fwp%2Fv2%2Fcomments&post=39083"}],"version-history":[{"count":1,"href":"https:\/\/www.turistamagazine.com\/v2\/index.php?rest_route=\/wp\/v2\/posts\/39083\/revisions"}],"predecessor-version":[{"id":39085,"href":"https:\/\/www.turistamagazine.com\/v2\/index.php?rest_route=\/wp\/v2\/posts\/39083\/revisions\/39085"}],"wp:featuredmedia":[{"embeddable":true,"href":"https:\/\/www.turistamagazine.com\/v2\/index.php?rest_route=\/wp\/v2\/media\/39084"}],"wp:attachment":[{"href":"https:\/\/www.turistamagazine.com\/v2\/index.php?rest_route=%2Fwp%2Fv2%2Fmedia&parent=39083"}],"wp:term":[{"taxonomy":"category","embeddable":true,"href":"https:\/\/www.turistamagazine.com\/v2\/index.php?rest_route=%2Fwp%2Fv2%2Fcategories&post=39083"},{"taxonomy":"post_tag","embeddable":true,"href":"https:\/\/www.turistamagazine.com\/v2\/index.php?rest_route=%2Fwp%2Fv2%2Ftags&post=39083"}],"curies":[{"name":"wp","href":"https:\/\/api.w.org\/{rel}","templated":true}]}}