{"id":39077,"date":"2019-01-25T11:38:51","date_gmt":"2019-01-25T16:38:51","guid":{"rendered":"http:\/\/www.turistamagazine.com\/v2\/?p=39077"},"modified":"2019-01-25T11:38:51","modified_gmt":"2019-01-25T16:38:51","slug":"media-justicia","status":"publish","type":"post","link":"https:\/\/www.turistamagazine.com\/v2\/?p=39077","title":{"rendered":"\u00bfMEDIA JUSTICIA?"},"content":{"rendered":"<p>Por Antero Flores-Araoz<\/p>\n<p style=\"text-align: justify;\">Seguramente a los lectores les habr\u00e1 llamado la atenci\u00f3n el nombre de este art\u00edculo y la intenci\u00f3n era precisamente esa, pues si lo titulaba <em><strong><span style=\"color: #000080;\">\u201cJusticia\u00a0 Medi\u00e1tica\u201d<\/span><\/strong><\/em> no tendr\u00eda mayor inter\u00e9s pues, por lo general, los ciudadanos nos hemos dado cuenta que en los casos emblem\u00e1ticos, principalmente de corrupci\u00f3n, criminalidad organizada y lavado de activos, se percibe que la demora en la toma de cualquier decisi\u00f3n y su severidad, est\u00e1 relacionada con el sentir de la calle, que se sustenta en\u00a0 encuestas y que se materializa a trav\u00e9s de los medios de expresi\u00f3n.<\/p>\n<p style=\"text-align: justify;\"><em><strong><span style=\"color: #000080;\">\u00bfEs correcto aquello?<\/span><\/strong><\/em>\u00a0 Por supuesto que no lo es, pues fiscales y jueces deben dictaminar, acusar, resolver y sentenciar, con arreglo a lo que se\u00f1ala la Constituci\u00f3n y la Ley, esto es lo que dispone el ordenamiento legal en su conjunto.<\/p>\n<p style=\"text-align: justify;\"><em><strong><span style=\"color: #000080;\">Adicionalmente a lo indicado, cuando se trata de tem\u00e1tica de contenido penal, tiene que haber tambi\u00e9n el criterio de conciencia, cimentado en los criterios de convicci\u00f3n.<\/span><\/strong><\/em><\/p>\n<p style=\"text-align: justify;\">Es penoso ver que hay magistrados, tanto del Ministerio P\u00fablico (Fiscales) como del Poder Judicial (Jueces), que consideran que la obligaci\u00f3n de transparencia es ir con periodistas de su selecci\u00f3n, a diligencias que pueden tener inter\u00e9s del p\u00fablico, ojo no inter\u00e9s p\u00fablico sino del p\u00fablico.<\/p>\n<p style=\"text-align: justify;\">Si bien es cierto con los periodistas siguiendo a fiscales y jueces en caravana, m\u00e1s que ayudan, perturban, y como el p\u00fablico no siempre distingue el rango de las resoluciones y menos conoce debidamente de la presunci\u00f3n de inocente, le clava al investigado, ni siquiera imputado o acusado, la calificaci\u00f3n de criminal, delincuente o corrupto.<\/p>\n<p style=\"text-align: justify;\"><strong><em><span style=\"color: #000080;\">Es m\u00e1s que sabido que lo normal es que un investigado e inclusive procesado, afronte la investigaci\u00f3n y procesamiento penal en libertad, y solo como excepci\u00f3n motivada y acreditada, se solicite por el fiscal y se ordene por el juez, la detenci\u00f3n preliminar y la preventiva, esta \u00faltima con duraci\u00f3n hasta de 36 meses y con ampliaci\u00f3n hasta por 12 m\u00e1s.<\/span><\/em><\/strong><\/p>\n<p style=\"text-align: justify;\">En la pr\u00e1ctica lo antes se\u00f1alado m\u00e1s parece una sentencia condenatoria previa, que una investigaci\u00f3n para determinar autor\u00eda y responsabilidad por perpetraci\u00f3n de delitos, y lo que es grav\u00edsimo es que la persona o personas privadas de libertad sin sentencia condenatoria, de ser inocentes nadie les devolver\u00e1 los d\u00edas, semanas, meses o a\u00f1os pasados detr\u00e1s de las rejas y soportando las penurias que inflige el sistema carcelario peruano.<\/p>\n<p style=\"text-align: justify;\">A mayor abundamiento, frente a la sociedad en general y comunidad en particular, el obligado a estar privado de libertad sin sentencia, ya fue sentenciado, no por el Poder Judicial, sino por la sociedad y comunidad, que lo tendr\u00e1 como culpable, con notoria p\u00e9rdida de prestigio, reputaci\u00f3n y buen nombre, lo que constitucionalmente deb\u00eda ser respetado.<\/p>\n<p style=\"text-align: justify;\"><em><strong><span style=\"color: #000080;\">Por otro lado, la escandalosa forma de ser privado preventivamente de libertad, genera una desmedida exposici\u00f3n en medios period\u00edsticos, pero si se levanta la detenci\u00f3n la cobertura es m\u00ednima y para muchos el que fue encarcelado seguir\u00e1 siendo mirado como delincuente, y hoy parecer\u00eda que igualmente sus abogados.<\/span><\/strong><\/em><\/p>\n<p style=\"text-align: justify;\"><em><strong><span style=\"color: #000080;\">Tenemos que reformar nuestra justicia para que no existan inocentes tras las rejas ni culpables frente a ellas.<\/span><\/strong><\/em><\/p>\n","protected":false},"excerpt":{"rendered":"<p>Por Antero Flores-Araoz Seguramente a los lectores les habr\u00e1 llamado la atenci\u00f3n el nombre de este art\u00edculo y la intenci\u00f3n era precisamente esa, pues si lo titulaba \u201cJusticia\u00a0 Medi\u00e1tica\u201d no tendr\u00eda mayor inter\u00e9s pues, por lo general, los ciudadanos nos hemos dado cuenta que en los casos emblem\u00e1ticos, principalmente de corrupci\u00f3n, criminalidad organizada y lavado de activos, se percibe que la demora en la toma de cualquier decisi\u00f3n y su severidad, est\u00e1 relacionada con el sentir de la calle, que se sustenta en\u00a0 encuestas y que se materializa a trav\u00e9s de los medios de expresi\u00f3n. \u00bfEs correcto aquello?\u00a0 Por supuesto&#8230;<\/p>\n","protected":false},"author":1,"featured_media":0,"comment_status":"open","ping_status":"open","sticky":false,"template":"","format":"standard","meta":{"footnotes":""},"categories":[87],"tags":[8784,1956,99,6132,749,5078],"class_list":["post-39077","post","type-post","status-publish","format-standard","hentry","category-actualidad","tag-media-justicia","tag-antero-flores-araoz","tag-elenita-villar","tag-portal-de-noticias-turistamagazine","tag-turistamagazine","tag-ver-todos"],"_links":{"self":[{"href":"https:\/\/www.turistamagazine.com\/v2\/index.php?rest_route=\/wp\/v2\/posts\/39077","targetHints":{"allow":["GET"]}}],"collection":[{"href":"https:\/\/www.turistamagazine.com\/v2\/index.php?rest_route=\/wp\/v2\/posts"}],"about":[{"href":"https:\/\/www.turistamagazine.com\/v2\/index.php?rest_route=\/wp\/v2\/types\/post"}],"author":[{"embeddable":true,"href":"https:\/\/www.turistamagazine.com\/v2\/index.php?rest_route=\/wp\/v2\/users\/1"}],"replies":[{"embeddable":true,"href":"https:\/\/www.turistamagazine.com\/v2\/index.php?rest_route=%2Fwp%2Fv2%2Fcomments&post=39077"}],"version-history":[{"count":1,"href":"https:\/\/www.turistamagazine.com\/v2\/index.php?rest_route=\/wp\/v2\/posts\/39077\/revisions"}],"predecessor-version":[{"id":39078,"href":"https:\/\/www.turistamagazine.com\/v2\/index.php?rest_route=\/wp\/v2\/posts\/39077\/revisions\/39078"}],"wp:attachment":[{"href":"https:\/\/www.turistamagazine.com\/v2\/index.php?rest_route=%2Fwp%2Fv2%2Fmedia&parent=39077"}],"wp:term":[{"taxonomy":"category","embeddable":true,"href":"https:\/\/www.turistamagazine.com\/v2\/index.php?rest_route=%2Fwp%2Fv2%2Fcategories&post=39077"},{"taxonomy":"post_tag","embeddable":true,"href":"https:\/\/www.turistamagazine.com\/v2\/index.php?rest_route=%2Fwp%2Fv2%2Ftags&post=39077"}],"curies":[{"name":"wp","href":"https:\/\/api.w.org\/{rel}","templated":true}]}}