{"id":39075,"date":"2019-01-25T11:29:20","date_gmt":"2019-01-25T16:29:20","guid":{"rendered":"http:\/\/www.turistamagazine.com\/v2\/?p=39075"},"modified":"2019-01-25T11:29:20","modified_gmt":"2019-01-25T16:29:20","slug":"con-fervor-religioso-puno-inicia-actos-por-festividad-de-la-virgen-de-la-candelaria","status":"publish","type":"post","link":"https:\/\/www.turistamagazine.com\/v2\/?p=39075","title":{"rendered":"CON FERVOR RELIGIOSO PUNO INICIA ACTOS POR FESTIVIDAD DE LA VIRGEN DE LA CANDELARIA"},"content":{"rendered":"<p style=\"text-align: justify;\">25\/01\/2019\/Peru.- En Puno, ya si vive el fervor religioso en honor a la <em><strong><span style=\"color: #000080;\">Sant\u00edsima Virgen de la Candelaria<\/span><\/strong><\/em>, cientos de fieles acudieron al santuario de la venerada imagen, en el marco del inicio de las tradicionales misas de novenas.<\/p>\n<p style=\"text-align: justify;\"><em><strong><span style=\"color: #000080;\">\u201cAve, ave, Ave Mar\u00eda\u201d<\/span><\/strong><\/em>, fueron los c\u00e1nticos de alabanza de los centenares fieles que abarrotaron ayer el santuario de la Virgen de la Candelaria, ubicada en la Plaza Manuel Pino, ubicado en el centro de la ciudad de Puno.<\/p>\n<p style=\"text-align: justify;\">De esta manera los pune\u00f1os se preparan para rendir culto a su santa patrona, cuyo d\u00eda central es el 2 de febrero, en adelante lo que viene son nueve d\u00edas de plegarias de los devotos de la Virgen de la Candelaria.<\/p>\n<p style=\"text-align: justify;\"><em><strong><span style=\"color: #000080;\">\u201cPido a la virgen que nos derrame mil bendiciones, tenemos fe y devoci\u00f3n\u201d,<\/span><\/strong><\/em> se\u00f1al\u00f3 Mary Olguien, tras asistir a la primera misa de novenas y haber entregado como ofrenda hermosos colores y dulces ramos de flores.<\/p>\n<p style=\"text-align: justify;\">Los primeros en rendir pleites\u00eda a la Virgen de la Candelaria de Puno, fueron los trabajadores de los centros de abastos de la \u201cCiudad de Lago\u201d, ellos realizaron su peregrinaje cargado de v\u00edveres y productos agr\u00edcolas que expenden diariamente.<\/p>\n<p style=\"text-align: justify;\"><em><strong><span style=\"color: #000080;\">\u201cEsta ofrenda es en se\u00f1al de agradecimiento por tus milagros, y que nos siga derramando bendiciones\u201d<\/span><\/strong><\/em>, exclam\u00f3 Mar\u00eda Mamani, al entregar como ofrenda papa y verduras, en se\u00f1al de bonanza y prosperidad.<\/p>\n<p style=\"text-align: justify;\">Los actos religiosos continuar\u00e1n hasta el 2 de febrero, es el d\u00eda central de los actos religiosos en honor a la Virgen de la Candelaria, como todos los a\u00f1os, la misa central de fiesta se realizar\u00e1 en el frontis de la Bas\u00edlica Menor de la Catedral de Puno.<\/p>\n<p>F\/ Andina<\/p>\n","protected":false},"excerpt":{"rendered":"<p>25\/01\/2019\/Peru.- En Puno, ya si vive el fervor religioso en honor a la Sant\u00edsima Virgen de la Candelaria, cientos de fieles acudieron al santuario de la venerada imagen, en el marco del inicio de las tradicionales misas de novenas. \u201cAve, ave, Ave Mar\u00eda\u201d, fueron los c\u00e1nticos de alabanza de los centenares fieles que abarrotaron ayer el santuario de la Virgen de la Candelaria, ubicada en la Plaza Manuel Pino, ubicado en el centro de la ciudad de Puno. De esta manera los pune\u00f1os se preparan para rendir culto a su santa patrona, cuyo d\u00eda central es el 2 de febrero,&#8230;<\/p>\n","protected":false},"author":1,"featured_media":0,"comment_status":"open","ping_status":"open","sticky":false,"template":"","format":"standard","meta":{"footnotes":""},"categories":[4,82],"tags":[6805,6132,749,5078,8783],"class_list":["post-39075","post","type-post","status-publish","format-standard","hentry","category-breaking-news","category-nacionales","tag-feinpretudi","tag-portal-de-noticias-turistamagazine","tag-turistamagazine","tag-ver-todos","tag-virgen-de-la-candelaria-2019"],"_links":{"self":[{"href":"https:\/\/www.turistamagazine.com\/v2\/index.php?rest_route=\/wp\/v2\/posts\/39075","targetHints":{"allow":["GET"]}}],"collection":[{"href":"https:\/\/www.turistamagazine.com\/v2\/index.php?rest_route=\/wp\/v2\/posts"}],"about":[{"href":"https:\/\/www.turistamagazine.com\/v2\/index.php?rest_route=\/wp\/v2\/types\/post"}],"author":[{"embeddable":true,"href":"https:\/\/www.turistamagazine.com\/v2\/index.php?rest_route=\/wp\/v2\/users\/1"}],"replies":[{"embeddable":true,"href":"https:\/\/www.turistamagazine.com\/v2\/index.php?rest_route=%2Fwp%2Fv2%2Fcomments&post=39075"}],"version-history":[{"count":1,"href":"https:\/\/www.turistamagazine.com\/v2\/index.php?rest_route=\/wp\/v2\/posts\/39075\/revisions"}],"predecessor-version":[{"id":39076,"href":"https:\/\/www.turistamagazine.com\/v2\/index.php?rest_route=\/wp\/v2\/posts\/39075\/revisions\/39076"}],"wp:attachment":[{"href":"https:\/\/www.turistamagazine.com\/v2\/index.php?rest_route=%2Fwp%2Fv2%2Fmedia&parent=39075"}],"wp:term":[{"taxonomy":"category","embeddable":true,"href":"https:\/\/www.turistamagazine.com\/v2\/index.php?rest_route=%2Fwp%2Fv2%2Fcategories&post=39075"},{"taxonomy":"post_tag","embeddable":true,"href":"https:\/\/www.turistamagazine.com\/v2\/index.php?rest_route=%2Fwp%2Fv2%2Ftags&post=39075"}],"curies":[{"name":"wp","href":"https:\/\/api.w.org\/{rel}","templated":true}]}}