{"id":38774,"date":"2019-01-04T10:30:48","date_gmt":"2019-01-04T15:30:48","guid":{"rendered":"http:\/\/www.turistamagazine.com\/v2\/?p=38774"},"modified":"2019-01-04T11:00:04","modified_gmt":"2019-01-04T16:00:04","slug":"la-pantalla-del-viernes-4-de-enero-2019","status":"publish","type":"post","link":"https:\/\/www.turistamagazine.com\/v2\/?p=38774","title":{"rendered":"LA PANTALLA DEL VIERNES 4\u00b0 DE ENERO 2019\u2026"},"content":{"rendered":"<p><span style=\"color: #000080;\"><em><strong>VISTO\u2026 OIDO\u2026 Y LEIDO\u2026<\/strong><\/em><\/span><\/p>\n<p style=\"text-align: justify;\"><em><strong><span style=\"color: #000080;\">PERU MEJOR DESTINO.-<\/span><\/strong><\/em>La secci\u00f3n de viajes del diario Estado de Sao Paulo, declar\u00f3 a nuestro pa\u00eds, Per\u00fa \u00a0el mejor destino para 2019, bas\u00e1ndose en la opini\u00f3n de un exigente jurado formado por 32 especialistas en turismo, entre periodistas, blogueros, influencers, artistas, empresarios y viajeros de Brasil que votaron por sus destinos favoritos, as\u00ed como analizaron todas las preferencias de los seguidores de Viagem en Instagram. En votaciones muy disputadas Per\u00fa alcanz\u00f3 un total de 25 votos obteniendo el primer puesto seguido por<em><strong><span style=\"color: #000080;\"> Croacia <\/span><\/strong><\/em>y la ciudad de <em><strong><span style=\"color: #000080;\">Oporto en Portugal<\/span><\/strong><\/em>, ambos con 22 puntos\u2026<em><strong><span style=\"color: #000080;\">FELICITACIONES NOS LO MERECEMOS\u2026 TENEMOS MUCHO QUE OFRECER\u2026<\/span><\/strong><\/em><\/p>\n<p><a href=\"https:\/\/www.turistamagazine.com\/v2\/wp-content\/uploads\/2018\/12\/Turistas-en-Machu-Picchu-Foto-PROMPER\u00da-Renzo-Tasso.jpg\"><img decoding=\"async\" class=\"wp-image-38241 aligncenter\" src=\"https:\/\/www.turistamagazine.com\/v2\/wp-content\/uploads\/2018\/12\/Turistas-en-Machu-Picchu-Foto-PROMPER\u00da-Renzo-Tasso.jpg\" alt=\"\" width=\"400\" height=\"267\" \/><\/a><\/p>\n<p style=\"text-align: justify;\"><em><strong><span style=\"color: #000080;\">BUENA INICIATIVA DEL MINCETUR.-<\/span><\/strong><\/em> El Ministerio de Comercio Exterior y Turismo (Mincetur) inici\u00f3 el curso de <em><strong><span style=\"color: #000080;\">\u201cCurso de Negociaciones Comerciales Internacionales\u201d<\/span><\/strong><\/em> en el cual preparan a 30 j\u00f3venes (15 mujeres y 15 hombres), estudiantes universitarios y egresados, \u00a0\u00a0escogidos entre 300 postulantes de todas las regiones del pa\u00eds con el objetivo de instruirlos en materia de pol\u00edtica comercial. Este curso es gratuito, y abre un sinf\u00edn de oportunidades a nuestros j\u00f3venes\u2026 <em><strong><span style=\"color: #000080;\">BRAVO POR ELLO ASI SE HACE PATRIA\u2026<\/span><\/strong><\/em><\/p>\n<p><a href=\"https:\/\/www.turistamagazine.com\/v2\/wp-content\/uploads\/2019\/01\/foto1-1.jpg\"><img decoding=\"async\" class=\"wp-image-38775 aligncenter\" src=\"https:\/\/www.turistamagazine.com\/v2\/wp-content\/uploads\/2019\/01\/foto1-1.jpg\" alt=\"\" width=\"400\" height=\"267\" srcset=\"https:\/\/www.turistamagazine.com\/v2\/wp-content\/uploads\/2019\/01\/foto1-1.jpg 800w, https:\/\/www.turistamagazine.com\/v2\/wp-content\/uploads\/2019\/01\/foto1-1-300x200.jpg 300w, https:\/\/www.turistamagazine.com\/v2\/wp-content\/uploads\/2019\/01\/foto1-1-768x512.jpg 768w, https:\/\/www.turistamagazine.com\/v2\/wp-content\/uploads\/2019\/01\/foto1-1-630x420.jpg 630w, https:\/\/www.turistamagazine.com\/v2\/wp-content\/uploads\/2019\/01\/foto1-1-610x406.jpg 610w\" sizes=\"(max-width: 400px) 100vw, 400px\" \/><\/a><\/p>\n<p style=\"text-align: justify;\"><em><strong><span style=\"color: #000080;\">JURAMENTARON LOS ALCALDES.<\/span><\/strong><\/em>&#8211; En estas juramentaciones hubo de todo desde los que juraron por Dios y por la Patria y otros que no pudieron evitar el proyectarse y juraron por la \u201cplata\u201d como lo hizo en anterior gesti\u00f3n un congresista de triste recordaci\u00f3n\u2026<em><strong><span style=\"color: #000080;\">B<\/span><\/strong><strong><span style=\"color: #000080;\">UENO EL DICHO POPULAR DICE POR LA PLATA BAILA EL MONO\u2026<\/span><\/strong><\/em><\/p>\n<p><img decoding=\"async\" class=\"aligncenter wp-image-38776\" src=\"https:\/\/www.turistamagazine.com\/v2\/wp-content\/uploads\/2019\/01\/lindo-caricatura-mono-bailando-imagen_csp20202478.jpg\" alt=\"\" width=\"250\" height=\"381\" srcset=\"https:\/\/www.turistamagazine.com\/v2\/wp-content\/uploads\/2019\/01\/lindo-caricatura-mono-bailando-imagen_csp20202478.jpg 308w, https:\/\/www.turistamagazine.com\/v2\/wp-content\/uploads\/2019\/01\/lindo-caricatura-mono-bailando-imagen_csp20202478-197x300.jpg 197w, https:\/\/www.turistamagazine.com\/v2\/wp-content\/uploads\/2019\/01\/lindo-caricatura-mono-bailando-imagen_csp20202478-275x420.jpg 275w\" sizes=\"(max-width: 250px) 100vw, 250px\" \/><\/p>\n<p style=\"text-align: justify;\"><em><strong><span style=\"color: #000080;\">MARIA SHAW.-<\/span><\/strong><\/em> Nos es grato darle la bienvenida a nuestro staff de gentiles colaboradores a la reconocida periodista uruguaya Maria Shaw, Decana de las periodistas de turismo en Uruguay actualmente conduce un noticiero de turismo en una de las m\u00e1s prestigiosas radios de Uruguay, es Secretaria General del F\u00f3rum Iberoamericano de Periodistas de Turismo y por muchos a\u00f1os fue secretaria del CIPETUR, C\u00edrculo de Periodistas de Turismo de Uruguay. <em><strong><span style=\"color: #000080;\">MIL GRACIAS MARIA y bienvenida a TuristamagazineDestinos\u2026<\/span><\/strong><\/em><\/p>\n<p>&nbsp;<\/p>\n<div id=\"attachment_24622\" style=\"width: 410px\" class=\"wp-caption aligncenter\"><a href=\"https:\/\/www.turistamagazine.com\/v2\/wp-content\/uploads\/2016\/08\/foto-para-promperu.jpg\"><img decoding=\"async\" aria-describedby=\"caption-attachment-24622\" class=\"wp-image-24622\" src=\"https:\/\/www.turistamagazine.com\/v2\/wp-content\/uploads\/2016\/08\/foto-para-promperu.jpg\" alt=\"\" width=\"400\" height=\"300\" \/><\/a><p id=\"caption-attachment-24622\" class=\"wp-caption-text\"><em><span style=\"color: #000080;\">Carlos Canales,Elena Villar, Roque Baudean,Mar\u00eda Shaw, y Publio Santander, en Lima durante la recordada 2\u00b0 Asamblea del F\u00f3rum Iberoamericano de periodistas de turismo, organizada por Elena Villar Directora para el F\u00f3rum de Per\u00fa.<\/span><\/em><\/p><\/div>\n<p style=\"text-align: justify;\"><em><strong><span style=\"color: #000080;\">60 A\u00d1OS NO SON NADA<\/span> <\/strong><\/em>&#8230;\u00a0\u00a0Que envida la Barbie \u00a0cumple 60 a\u00f1os y no tiene una sola arruga\u2026 no puede ser <em><strong><span style=\"color: #000080;\">es competencia desleal<\/span><\/strong><\/em> todas las que jugamos con ella, gastamos lo que\u00a0 tenemos y no, <em><strong><span style=\"color: #000080;\">por aparentar \u2026.menos edad\u2026 y ella nada<\/span><\/strong><\/em>\u2026 A protestar\u00a0 con una marcha contra La Barbie como es la moda ahora\u2026 Que argumentaremos violencia contra sus cong\u00e9neres\u2026<em><strong><span style=\"color: #000080;\">NO PUEDE SER\u2026<\/span> <\/strong><\/em><\/p>\n<p><a href=\"https:\/\/www.turistamagazine.com\/v2\/wp-content\/uploads\/2019\/01\/unnamed.jpg\"><img decoding=\"async\" class=\"wp-image-38783 aligncenter\" src=\"https:\/\/www.turistamagazine.com\/v2\/wp-content\/uploads\/2019\/01\/unnamed.jpg\" alt=\"\" width=\"400\" height=\"400\" srcset=\"https:\/\/www.turistamagazine.com\/v2\/wp-content\/uploads\/2019\/01\/unnamed.jpg 900w, https:\/\/www.turistamagazine.com\/v2\/wp-content\/uploads\/2019\/01\/unnamed-150x150.jpg 150w, https:\/\/www.turistamagazine.com\/v2\/wp-content\/uploads\/2019\/01\/unnamed-300x300.jpg 300w, https:\/\/www.turistamagazine.com\/v2\/wp-content\/uploads\/2019\/01\/unnamed-768x768.jpg 768w, https:\/\/www.turistamagazine.com\/v2\/wp-content\/uploads\/2019\/01\/unnamed-420x420.jpg 420w\" sizes=\"(max-width: 400px) 100vw, 400px\" \/><\/a><\/p>\n<p style=\"text-align: justify;\"><em><strong><span style=\"color: #000080;\">LAS MEJORES Y LA PEORES AEROLINEAS EN EL 2018<\/span><\/strong><\/em>.- De acuerdo al ranking elaborado por AirHelp, \u00a0<em><span style=\"color: #000080;\">las mejores donde Ud. viaja con la confianza de un buen servicio:<\/span><\/em> \u00a01\u00b0 Qatar Airways, 2\u00b0Lufthansa, 3\u00b0 Etihad Airways, 4\u00b0 Singapore Airlines, 5\u00b0Austrian Airlines, 6\u00b0 Aegean Airlines, 7\u00b0Air Malta, 8\u00b0 Virgin Atlantic, 9. Air Malta,10. Garuda Indonesia (Indonesia)\u2026<\/p>\n<p><a href=\"https:\/\/www.turistamagazine.com\/v2\/wp-content\/uploads\/2017\/07\/golden-ticket-qatarairways_h.jpg\"><img decoding=\"async\" class=\"wp-image-30124 aligncenter\" src=\"https:\/\/www.turistamagazine.com\/v2\/wp-content\/uploads\/2017\/07\/golden-ticket-qatarairways_h.jpg\" alt=\"\" width=\"400\" height=\"225\" \/><\/a><\/p>\n<p style=\"text-align: justify;\"><em><strong><span style=\"color: #000080;\">LAS PEORES.<\/span><\/strong><\/em>&#8211; 1. Jet Airways, 2.\u00a0 Aerolineas Argentinas, 3.Iberia, 4.Korean Air , 5 Ryanair, 6.Air Mauritius, 7.EasyJet, 8. Pakistan International Airlines, 9. Royal Jordanian Airlines, 10.\u00a0 WOW Air\u2026\u00a0<em><span style=\"color: #000080;\"><span style=\"color: #000080;\"><b>YA LO SABE EN ESTAS AEROLINEAS\u2026 NI CON PASAJE EN CANJE\u2026 YA NO EST\u00c1N SUJETAS A CUPO\u2026 EST\u00c1N\u00a0SUJETAS AL SUSTO\u2026<\/b><\/span><\/span><\/em><\/p>\n<p><a href=\"https:\/\/www.turistamagazine.com\/v2\/wp-content\/uploads\/2019\/01\/descarga.jpg\"><img decoding=\"async\" class=\"aligncenter wp-image-38777\" src=\"https:\/\/www.turistamagazine.com\/v2\/wp-content\/uploads\/2019\/01\/descarga.jpg\" alt=\"\" width=\"400\" height=\"233\" \/><\/a><\/p>\n<p style=\"text-align: justify;\"><em><strong><span style=\"color: #000080;\">NUEVOS ALCALDES NUEVOS FUNCIONARIOS<\/span><\/strong><\/em>\u2026 Siguen la misma pol\u00edtica\u2026cambian autoridad cambian a los funcionarios, no les importa si son buenos profesionales\u2026 simplemente no son de mi partido, no me sirves <em><strong><span style=\"color: #000080;\">naturalmente existen excepciones y ESCOBITA NUEVA BARRE BIEN.<\/span><\/strong><\/em>..\u2026Y\u00a0<em><strong><span style=\"color: #000080;\">claro algunos son tan corruptos que deben sacarlos a empellones, directamente a la c\u00e1rcel\u2026 \u00a0pero no \u00a0todos son iguales<\/span><\/strong><\/em>\u2026Conocemos a m\u00e1s de uno que han sido muy eficientes en sus cargos sin embargo solo trabajaron hasta el 31 de diciembre\u2026<strong><em><span style=\"color: #000080;\">ASI NO SE HACE PATRIA NI BIEN A LA METROPOLI\u2026<\/span><\/em><\/strong><\/p>\n<p><a href=\"https:\/\/www.turistamagazine.com\/v2\/wp-content\/uploads\/2019\/01\/corrupcion.jpg\"><img decoding=\"async\" class=\"wp-image-38778 aligncenter\" src=\"https:\/\/www.turistamagazine.com\/v2\/wp-content\/uploads\/2019\/01\/corrupcion.jpg\" alt=\"\" width=\"400\" height=\"213\" srcset=\"https:\/\/www.turistamagazine.com\/v2\/wp-content\/uploads\/2019\/01\/corrupcion.jpg 652w, https:\/\/www.turistamagazine.com\/v2\/wp-content\/uploads\/2019\/01\/corrupcion-300x160.jpg 300w, https:\/\/www.turistamagazine.com\/v2\/wp-content\/uploads\/2019\/01\/corrupcion-610x325.jpg 610w\" sizes=\"(max-width: 400px) 100vw, 400px\" \/><\/a><\/p>\n<p style=\"text-align: justify;\"><strong><em><span style=\"color: #000080;\">NO MANDAR CADENAS\u2026<\/span><\/em><\/strong> Please no enviar cadenas las vamos a romper\u2026 <em><strong><span style=\"color: #000080;\">NO TENEMOS TIEMPO<\/span> <\/strong><\/em>de <em><strong><span style=\"color: #000080;\">REENVIARLAS\u2026<\/span><\/strong><\/em><\/p>\n<p style=\"text-align: justify;\"><em><strong><span style=\"color: #000080;\">EN MODO DAKAR.-<\/span><\/strong><\/em> Confiemos \u00a0las expectativas respecto econ\u00f3micas que tienen los empresarios en cuanto a la inversi\u00f3n \u00a0de la realizaci\u00f3n del <em><strong><span style=\"color: #000080;\">DAKAR<\/span><\/strong><\/em> cumpla con sus expectativas, y no se quejen despu\u00e9s como el en diciembre del 2011, que \u00a0la prueba en Am\u00e9rica se extendi\u00f3 al Per\u00fa, y dijeron que hab\u00eda sido un fracaso\u2026para su inversi\u00f3n puesto que no obtuvieron el <em><strong><span style=\"color: #000080;\">ROI<\/span><\/strong><\/em> esperado\u2026 <em><span style=\"color: #000080;\"><b>CONFIEMOS EN QUE SEA TODO UN \u00c9XITO EFECTIVO QUE ES LO QUE QUIERE\u00a0LA GENTE \u00a0Y NO EN PROYECCIONES\u2026<\/b><\/span><\/em><\/p>\n<p><a href=\"https:\/\/www.turistamagazine.com\/v2\/wp-content\/uploads\/2018\/05\/dakar-6.jpg\"><img decoding=\"async\" class=\"wp-image-34876 aligncenter\" src=\"https:\/\/www.turistamagazine.com\/v2\/wp-content\/uploads\/2018\/05\/dakar-6.jpg\" alt=\"\" width=\"400\" height=\"267\" srcset=\"https:\/\/www.turistamagazine.com\/v2\/wp-content\/uploads\/2018\/05\/dakar-6.jpg 800w, https:\/\/www.turistamagazine.com\/v2\/wp-content\/uploads\/2018\/05\/dakar-6-300x200.jpg 300w, https:\/\/www.turistamagazine.com\/v2\/wp-content\/uploads\/2018\/05\/dakar-6-768x512.jpg 768w, https:\/\/www.turistamagazine.com\/v2\/wp-content\/uploads\/2018\/05\/dakar-6-630x420.jpg 630w, https:\/\/www.turistamagazine.com\/v2\/wp-content\/uploads\/2018\/05\/dakar-6-610x406.jpg 610w\" sizes=\"(max-width: 400px) 100vw, 400px\" \/><\/a><\/p>\n<p><span style=\"color: #000080;\"><strong><em>LA DIETA 2019 PAR SER FELIZ<\/em><\/strong>:<\/span><\/p>\n<p><span style=\"color: #000080;\"><strong><em>Entrada <\/em><\/strong><\/span><\/p>\n<p><span style=\"color: #000080;\"><strong><em>Actitud positiva<\/em><\/strong><\/span><\/p>\n<p><span style=\"color: #000080;\"><strong><em>Sonr\u00ede<\/em><\/strong><\/span><\/p>\n<p><span style=\"color: #000080;\"><strong><em>Se puntual el tr\u00e1fico no tiene la culpa<\/em><\/strong><\/span><\/p>\n<p><span style=\"color: #000080;\"><strong><em>Abraza a quienes amas<\/em><\/strong><\/span><\/p>\n<p><span style=\"color: #000080;\"><strong><em>PLATO DE FONDO<\/em><\/strong><\/span><\/p>\n<p><span style=\"color: #000080;\"><strong><em>Compromete con tus objetivos<\/em><\/strong><\/span><\/p>\n<p><span style=\"color: #000080;\"><strong><em>Asumir \u00a0la responsabilidad de hacer que las cosas sucedan<\/em><\/strong><\/span><\/p>\n<p><span style=\"color: #000080;\"><strong><em>Cumplir tus compromisos sin excusas<\/em><\/strong><\/span><\/p>\n<p><span style=\"color: #000080;\"><strong><em>Celebra el \u00e9xito de otras personas<\/em><\/strong><\/span><\/p>\n<p><span style=\"color: #000080;\"><strong><em>Los dem\u00e1s son diferentes y piensan diferente no te ofendas por ello<\/em><\/strong><\/span><\/p>\n<p><span style=\"color: #000080;\"><strong><em>POSTRE<\/em><\/strong><\/span><\/p>\n<p><span style=\"color: #000080;\"><strong><em>Mantente optimista<\/em><\/strong><\/span><\/p>\n<p><span style=\"color: #000080;\"><strong><em>Da m\u00e1s de lo que se espera de ti<\/em><\/strong><\/span><\/p>\n<p><span style=\"color: #000080;\"><strong><em>Disfruta dela vida<\/em><\/strong><\/span><\/p>\n<p><span style=\"color: #000080;\"><strong><em>Agradece<\/em><\/strong><\/span><\/p>\n<p><span style=\"color: #000080;\"><strong><em>SONRIA LA VIDA ES BELLA<\/em><\/strong><\/span><\/p>\n<p><span style=\"color: #000080;\"><strong><em>\u201cLos suspiros de una viuda son para los vivos\u2026 que no para el muerto\u2026\u201d<\/em><\/strong><\/span><\/p>\n<p><span style=\"color: #000080;\"><strong><em>Del libro 50 tiros al negro\u2026 todos en el\u00a0 Blanco\u2026 de nuestro amigo Humberto\u00a0 L\u00f3pez <\/em><\/strong><\/span><\/p>\n<p>E.V.<\/p>\n","protected":false},"excerpt":{"rendered":"<p>VISTO\u2026 OIDO\u2026 Y LEIDO\u2026 PERU MEJOR DESTINO.-La secci\u00f3n de viajes del diario Estado de Sao Paulo, declar\u00f3 a nuestro pa\u00eds, Per\u00fa \u00a0el mejor destino para 2019, bas\u00e1ndose en la opini\u00f3n de un exigente jurado formado por 32 especialistas en turismo, entre periodistas, blogueros, influencers, artistas, empresarios y viajeros de Brasil que votaron por sus destinos favoritos, as\u00ed como analizaron todas las preferencias de los seguidores de Viagem en Instagram. En votaciones muy disputadas Per\u00fa alcanz\u00f3 un total de 25 votos obteniendo el primer puesto seguido por Croacia y la ciudad de Oporto en Portugal, ambos con 22 puntos\u2026FELICITACIONES NOS LO&#8230;<\/p>\n","protected":false},"author":1,"featured_media":0,"comment_status":"open","ping_status":"open","sticky":false,"template":"","format":"standard","meta":{"footnotes":""},"categories":[346],"tags":[7471,8744,6132,330,749],"class_list":["post-38774","post","type-post","status-publish","format-standard","hentry","category-francamente","tag-elenita-villar-asesora-de-tesis-en-turismo","tag-pantalla-del-viernes-4-de-enero-2019","tag-portal-de-noticias-turistamagazine","tag-turismo-en-el-peru","tag-turistamagazine"],"_links":{"self":[{"href":"https:\/\/www.turistamagazine.com\/v2\/index.php?rest_route=\/wp\/v2\/posts\/38774","targetHints":{"allow":["GET"]}}],"collection":[{"href":"https:\/\/www.turistamagazine.com\/v2\/index.php?rest_route=\/wp\/v2\/posts"}],"about":[{"href":"https:\/\/www.turistamagazine.com\/v2\/index.php?rest_route=\/wp\/v2\/types\/post"}],"author":[{"embeddable":true,"href":"https:\/\/www.turistamagazine.com\/v2\/index.php?rest_route=\/wp\/v2\/users\/1"}],"replies":[{"embeddable":true,"href":"https:\/\/www.turistamagazine.com\/v2\/index.php?rest_route=%2Fwp%2Fv2%2Fcomments&post=38774"}],"version-history":[{"count":4,"href":"https:\/\/www.turistamagazine.com\/v2\/index.php?rest_route=\/wp\/v2\/posts\/38774\/revisions"}],"predecessor-version":[{"id":38784,"href":"https:\/\/www.turistamagazine.com\/v2\/index.php?rest_route=\/wp\/v2\/posts\/38774\/revisions\/38784"}],"wp:attachment":[{"href":"https:\/\/www.turistamagazine.com\/v2\/index.php?rest_route=%2Fwp%2Fv2%2Fmedia&parent=38774"}],"wp:term":[{"taxonomy":"category","embeddable":true,"href":"https:\/\/www.turistamagazine.com\/v2\/index.php?rest_route=%2Fwp%2Fv2%2Fcategories&post=38774"},{"taxonomy":"post_tag","embeddable":true,"href":"https:\/\/www.turistamagazine.com\/v2\/index.php?rest_route=%2Fwp%2Fv2%2Ftags&post=38774"}],"curies":[{"name":"wp","href":"https:\/\/api.w.org\/{rel}","templated":true}]}}